{"id":27421,"date":"2018-12-13T13:10:44","date_gmt":"2018-12-13T10:10:44","guid":{"rendered":"http:\/\/arantv.az\/?p=27421"},"modified":"2018-12-13T13:10:44","modified_gmt":"2018-12-13T10:10:44","slug":"baki-merinin-qardasina-yuks%c9%99k-v%c9%99zif%c9%99-verildi","status":"publish","type":"post","link":"https:\/\/arantv.az\/?p=27421","title":{"rendered":"Bak\u0131 merinin qarda\u015f\u0131na y\u00fcks\u0259k v\u0259zif\u0259 verildi"},"content":{"rendered":"<p>\u018fm\u0259k v\u0259 \u0259halinin sosial m\u00fcdafi\u0259si naziri Sahil Babayev Bak\u0131 \u015e\u0259h\u0259r \u0130cra Hakimiyy\u0259tinin ba\u015f\u00e7\u0131s\u0131 Eldar \u018fzizovun qarda\u015f\u0131 Ayd\u0131n \u018fzizovun v\u0259zif\u0259sini y\u00fcks\u0259ldib.<\/p>\n<p><strong>ARANTV.AZ<\/strong> unikal.org-a istinad\u0259n x\u0259b\u0259r verir ki, Sahil Babayevin m\u00fcvafiq \u0259mri il\u0259,\u00a0Ayd\u0131n \u018fzizov Bak\u0131 \u015f\u0259h\u0259rind\u0259 yeni yarad\u0131lan 5 tibbi-sosial ekspert komissiyas\u0131n\u0131n S\u0259bail, Yasamal, N\u0259simi rayonlar\u0131 \u00fczr\u0259 ba\u015f m\u00fcdiri t\u0259yin edilib.<\/p>\n<p>X\u0259b\u0259ri Ayd\u0131n \u018fzizov t\u0259sdiql\u0259yib.<\/p>\n<p>Qeyd ed\u0259k ki, bundan \u0259vv\u0259l A.\u018fliyev S\u0259bail rayonun tibbi-sosial ekspert komissiyas\u0131n\u0131n m\u00fcdiri v\u0259zif\u0259sind\u0259 \u00e7al\u0131\u015f\u0131rd\u0131.<\/p>\n","protected":false},"excerpt":{"rendered":"<p>\u018fm\u0259k v\u0259 \u0259halinin sosial m\u00fcdafi\u0259si naziri Sahil Babayev Bak\u0131 \u015e\u0259h\u0259r \u0130cra Hakimiyy\u0259tinin ba\u015f\u00e7\u0131s\u0131 Eldar \u018fzizovun qarda\u015f\u0131 Ayd\u0131n \u018fzizovun v\u0259zif\u0259sini y\u00fcks\u0259ldib. ARANTV.AZ unikal.org-a istinad\u0259n x\u0259b\u0259r verir ki, Sahil Babayevin m\u00fcvafiq \u0259mri il\u0259,\u00a0Ayd\u0131n \u018fzizov Bak\u0131 \u015f\u0259h\u0259rind\u0259 yeni yarad\u0131lan 5 tibbi-sosial ekspert komissiyas\u0131n\u0131n S\u0259bail, Yasamal, N\u0259simi rayonlar\u0131 \u00fczr\u0259 ba\u015f m\u00fcdiri t\u0259yin edilib. X\u0259b\u0259ri Ayd\u0131n \u018fzizov t\u0259sdiql\u0259yib. Qeyd ed\u0259k ki, bundan \u0259vv\u0259l A.\u018fliyev S\u0259bail rayonun tibbi-sosial ekspert komissiyas\u0131n\u0131n m\u00fcdiri v\u0259zif\u0259sind\u0259 \u00e7al\u0131\u015f\u0131rd\u0131.<\/p>\n","protected":false},"author":2,"featured_media":27422,"comment_status":"closed","ping_status":"closed","sticky":false,"template":"","format":"standard","meta":{"om_disable_all_campaigns":false,"_monsterinsights_skip_tracking":false,"_monsterinsights_sitenote_active":false,"_monsterinsights_sitenote_note":"","_monsterinsights_sitenote_category":0},"categories":[1],"tags":[],"aioseo_notices":[],"gutentor_comment":0,"rttpg_featured_image_url":{"full":["https:\/\/arantv.az\/wp-content\/uploads\/2018\/12\/712210.jpg",800,600,false],"landscape":["https:\/\/arantv.az\/wp-content\/uploads\/2018\/12\/712210.jpg",800,600,false],"portraits":["https:\/\/arantv.az\/wp-content\/uploads\/2018\/12\/712210.jpg",800,600,false],"thumbnail":["https:\/\/arantv.az\/wp-content\/uploads\/2018\/12\/712210-150x150.jpg",150,150,true],"medium":["https:\/\/arantv.az\/wp-content\/uploads\/2018\/12\/712210-300x225.jpg",300,225,true],"large":["https:\/\/arantv.az\/wp-content\/uploads\/2018\/12\/712210.jpg",640,480,false],"1536x1536":["https:\/\/arantv.az\/wp-content\/uploads\/2018\/12\/712210.jpg",800,600,false],"2048x2048":["https:\/\/arantv.az\/wp-content\/uploads\/2018\/12\/712210.jpg",800,600,false],"post-thumbnail":["https:\/\/arantv.az\/wp-content\/uploads\/2018\/12\/712210-240x172.jpg",240,172,true],"advps-thumb-one":["https:\/\/arantv.az\/wp-content\/uploads\/2018\/12\/712210.jpg",800,600,false]},"rttpg_author":{"display_name":"V\u00fcsal Rafiqo\u011flu","author_link":"https:\/\/arantv.az\/?author=2"},"rttpg_comment":0,"rttpg_category":"<a href=\"https:\/\/arantv.az\/?cat=1\" rel=\"category\">C\u0259miyy\u0259t<\/a>","rttpg_excerpt":"\u018fm\u0259k v\u0259 \u0259halinin sosial m\u00fcdafi\u0259si naziri Sahil Babayev Bak\u0131 \u015e\u0259h\u0259r \u0130cra Hakimiyy\u0259tinin ba\u015f\u00e7\u0131s\u0131 Eldar \u018fzizovun qarda\u015f\u0131 Ayd\u0131n \u018fzizovun v\u0259zif\u0259sini y\u00fcks\u0259ldib. ARANTV.AZ unikal.org-a istinad\u0259n x\u0259b\u0259r verir ki, Sahil Babayevin m\u00fcvafiq \u0259mri il\u0259,\u00a0Ayd\u0131n \u018fzizov Bak\u0131 \u015f\u0259h\u0259rind\u0259 yeni yarad\u0131lan 5 tibbi-sosial ekspert komissiyas\u0131n\u0131n S\u0259bail, Yasamal, N\u0259simi rayonlar\u0131 \u00fczr\u0259 ba\u015f m\u00fcdiri t\u0259yin edilib. X\u0259b\u0259ri Ayd\u0131n \u018fzizov t\u0259sdiql\u0259yib. Qeyd ed\u0259k&hellip;","_links":{"self":[{"href":"https:\/\/arantv.az\/index.php?rest_route=\/wp\/v2\/posts\/27421"}],"collection":[{"href":"https:\/\/arantv.az\/index.php?rest_route=\/wp\/v2\/posts"}],"about":[{"href":"https:\/\/arantv.az\/index.php?rest_route=\/wp\/v2\/types\/post"}],"author":[{"embeddable":true,"href":"https:\/\/arantv.az\/index.php?rest_route=\/wp\/v2\/users\/2"}],"replies":[{"embeddable":true,"href":"https:\/\/arantv.az\/index.php?rest_route=%2Fwp%2Fv2%2Fcomments&post=27421"}],"version-history":[{"count":0,"href":"https:\/\/arantv.az\/index.php?rest_route=\/wp\/v2\/posts\/27421\/revisions"}],"wp:featuredmedia":[{"embeddable":true,"href":"https:\/\/arantv.az\/index.php?rest_route=\/wp\/v2\/media\/27422"}],"wp:attachment":[{"href":"https:\/\/arantv.az\/index.php?rest_route=%2Fwp%2Fv2%2Fmedia&parent=27421"}],"wp:term":[{"taxonomy":"category","embeddable":true,"href":"https:\/\/arantv.az\/index.php?rest_route=%2Fwp%2Fv2%2Fcategories&post=27421"},{"taxonomy":"post_tag","embeddable":true,"href":"https:\/\/arantv.az\/index.php?rest_route=%2Fwp%2Fv2%2Ftags&post=27421"}],"curies":[{"name":"wp","href":"https:\/\/api.w.org\/{rel}","templated":true}]}}