{"id":274781,"date":"2021-01-19T15:37:36","date_gmt":"2021-01-19T12:37:36","guid":{"rendered":"http:\/\/arantv.az\/?p=274781"},"modified":"2021-01-19T15:37:36","modified_gmt":"2021-01-19T12:37:36","slug":"ozun%c9%99-s%c9%99had%c9%99t-arzulayan-s%c9%99hidimiz","status":"publish","type":"post","link":"https:\/\/arantv.az\/?p=274781","title":{"rendered":"\u00d6z\u00fcn\u0259 \u015f\u0259had\u0259t arzulayan \u015f\u0259hidimiz"},"content":{"rendered":"<p>44 g\u00fcnl\u00fck V\u0259t\u0259n m\u00fcharib\u0259sind\u0259 qan\u0131 il\u0259 dastan yazan \u015f\u0259hidl\u0259rimizd\u0259n biri d\u0259 \u0130mam\u0259ddin Abdullazad\u0259dir.<\/p>\n<p>\u0130mam\u0259ddin Abdullazad\u0259 1996-ci il avqustun 4-d\u0259 Beyl\u0259qan rayonunda anadan olub. O, 2014-c\u00fc ild\u0259 Qazax rayonuna m\u00fcdd\u0259tli h\u0259qiqi h\u0259rbi xidm\u0259t\u0259 yollan\u0131b. 2016-c\u0131 ild\u0259 Aprel d\u00f6y\u00fc\u015fl\u0259rind\u0259 i\u015ftirak edib. Ail\u0259d\u0259 \u00fc\u00e7 \u00f6vlad olublar.<\/p>\n<p>\u015e\u0259hidin qarda\u015f\u0131 Qafar Abdullazad\u0259 \u0130mam\u0259ddinin h\u0259yat\u0131 haqq\u0131nda dan\u0131\u015f\u0131b.<\/p>\n<div id=\"AdviadNativeVideo0\" class=\"AdviadNativeVideo\"><\/div>\n<p>Onun s\u00f6zl\u0259rin\u0259 g\u00f6r\u0259, \u0130mam\u0259ddin ail\u0259sin\u0259, sevdikl\u0259rin\u0259 \u00e7ox ba\u011fl\u0131 idi:<\/p>\n<p>\u201c\u0130mam\u0259ddin orta m\u0259kt\u0259bi bitirdikd\u0259n sonra Qazax rayonunda m\u00fcdd\u0259tli h\u0259rbi xidm\u0259t\u0259 yolland\u0131.<\/p>\n<p>H\u0259min \u0259r\u0259f\u0259l\u0259rd\u0259 Aprel d\u00f6y\u00fc\u015fl\u0259ri gedirdi, \u0130mad\u0259ddin d\u0259 h\u0259min d\u00f6y\u00fc\u015fl\u0259rd\u0259 \u015f\u00fcca\u0259t g\u00f6st\u0259rdi. \u018fsg\u0259rliyini ba\u015fa vurub geri qay\u0131td\u0131qdan t\u0259xmin\u0259n \u00fc\u00e7 ay sonra yenid\u0259n c\u0259bh\u0259y\u0259 yolland\u0131, h\u0259rb\u00e7i olma\u011f\u0131 q\u0259rara ald\u0131. Beyl\u0259qan rayonu N sayl\u0131 h\u0259rbi hiss\u0259d\u0259 k\u0259\u015ffiyyat\u00e7\u0131 kimi xidm\u0259t etm\u0259y\u0259 ba\u015flad\u0131. H\u0259r zaman V\u0259t\u0259n\u0259 olan borcunu can\u0131, qan\u0131 il\u0259 verm\u0259li oldu\u011fumuzu deyirdi\u201d.<\/p>\n<p>\u201cAnam h\u0259r zaman \u00f6vladlar\u0131na dua ed\u0259rdi. Bir g\u00fcn anamla s\u00f6hb\u0259t \u0259snas\u0131nda qarda\u015f\u0131m ona \u201cana, dua el\u0259 arzuma \u00e7at\u0131m\u201d deyib. Anam da qarda\u015f\u0131m\u0131n ist\u0259yind\u0259n m\u0259lumats\u0131z oldu\u011fu halda, \u0259l a\u00e7\u0131b Allahdan o\u011flunun arzusunun yerin\u0259 yetm\u0259sini dil\u0259yib. Qarda\u015f\u0131m daha sonra anama \u201cana, arzum \u015f\u0259hid olmaqd\u0131r\u201d deyib\u201d.<\/p>\n<p>O, noyabr\u0131n 5-d\u0259 \u015eu\u015fa u\u011frunda ged\u0259n d\u00f6y\u00fc\u015fl\u0259rd\u0259 \u015f\u0259hid olub.<\/p>\n<p>Qeyd ed\u0259k ki, \u0130mam\u0259ddin Abdullazad\u0259 F\u00fczuli, Hadrut, Xocav\u0259nd, \u015eu\u015fa u\u011frunda ged\u0259n d\u00f6y\u00fc\u015fl\u0259rd\u0259 q\u0259hr\u0259mancas\u0131na vuru\u015fub. Sonuncu d\u00f6y\u00fc\u015f\u00fc \u015eu\u015fada Da\u015falt\u0131 k\u0259ndind\u0259 olub v\u0259 h\u0259min d\u00f6y\u00fc\u015fd\u0259 \u015f\u0259hidlik zirv\u0259sin\u0259 y\u00fcks\u0259lib. \u00d6l\u00fcm\u00fcnd\u0259n sonra \u201cV\u0259t\u0259n u\u011frunda\u201d medal\u0131 il\u0259 t\u0259ltif olunub.<\/p>\n<p>Modern.az<\/p>\n","protected":false},"excerpt":{"rendered":"<p>44 g\u00fcnl\u00fck V\u0259t\u0259n m\u00fcharib\u0259sind\u0259 qan\u0131 il\u0259 dastan yazan \u015f\u0259hidl\u0259rimizd\u0259n biri d\u0259 \u0130mam\u0259ddin Abdullazad\u0259dir. \u0130mam\u0259ddin Abdullazad\u0259 1996-ci il avqustun 4-d\u0259 Beyl\u0259qan rayonunda anadan olub. O, 2014-c\u00fc ild\u0259 Qazax rayonuna m\u00fcdd\u0259tli h\u0259qiqi h\u0259rbi xidm\u0259t\u0259 yollan\u0131b. 2016-c\u0131 ild\u0259 Aprel d\u00f6y\u00fc\u015fl\u0259rind\u0259 i\u015ftirak edib. Ail\u0259d\u0259 \u00fc\u00e7 \u00f6vlad olublar. \u015e\u0259hidin qarda\u015f\u0131 Qafar Abdullazad\u0259 \u0130mam\u0259ddinin h\u0259yat\u0131 haqq\u0131nda dan\u0131\u015f\u0131b. Onun s\u00f6zl\u0259rin\u0259 g\u00f6r\u0259, \u0130mam\u0259ddin ail\u0259sin\u0259, sevdikl\u0259rin\u0259 \u00e7ox ba\u011fl\u0131 idi: \u201c\u0130mam\u0259ddin orta m\u0259kt\u0259bi bitirdikd\u0259n sonra Qazax rayonunda m\u00fcdd\u0259tli h\u0259rbi xidm\u0259t\u0259 yolland\u0131. H\u0259min \u0259r\u0259f\u0259l\u0259rd\u0259 Aprel d\u00f6y\u00fc\u015fl\u0259ri gedirdi, \u0130mad\u0259ddin d\u0259 h\u0259min d\u00f6y\u00fc\u015fl\u0259rd\u0259 \u015f\u00fcca\u0259t g\u00f6st\u0259rdi. \u018fsg\u0259rliyini ba\u015fa vurub geri qay\u0131td\u0131qdan t\u0259xmin\u0259n \u00fc\u00e7 ay&hellip;<\/p>\n","protected":false},"author":2,"featured_media":274787,"comment_status":"closed","ping_status":"closed","sticky":false,"template":"","format":"standard","meta":{"om_disable_all_campaigns":false,"_monsterinsights_skip_tracking":false,"_monsterinsights_sitenote_active":false,"_monsterinsights_sitenote_note":"","_monsterinsights_sitenote_category":0},"categories":[26],"tags":[],"aioseo_notices":[],"gutentor_comment":0,"rttpg_featured_image_url":{"full":["https:\/\/arantv.az\/wp-content\/uploads\/2021\/01\/WhatsApp-Image-2021-01-19-at-101611053661.jpg",620,396,false],"landscape":["https:\/\/arantv.az\/wp-content\/uploads\/2021\/01\/WhatsApp-Image-2021-01-19-at-101611053661.jpg",620,396,false],"portraits":["https:\/\/arantv.az\/wp-content\/uploads\/2021\/01\/WhatsApp-Image-2021-01-19-at-101611053661.jpg",620,396,false],"thumbnail":["https:\/\/arantv.az\/wp-content\/uploads\/2021\/01\/WhatsApp-Image-2021-01-19-at-101611053661-150x150.jpg",150,150,true],"medium":["https:\/\/arantv.az\/wp-content\/uploads\/2021\/01\/WhatsApp-Image-2021-01-19-at-101611053661-300x192.jpg",300,192,true],"large":["https:\/\/arantv.az\/wp-content\/uploads\/2021\/01\/WhatsApp-Image-2021-01-19-at-101611053661.jpg",620,396,false],"1536x1536":["https:\/\/arantv.az\/wp-content\/uploads\/2021\/01\/WhatsApp-Image-2021-01-19-at-101611053661.jpg",620,396,false],"2048x2048":["https:\/\/arantv.az\/wp-content\/uploads\/2021\/01\/WhatsApp-Image-2021-01-19-at-101611053661.jpg",620,396,false],"post-thumbnail":["https:\/\/arantv.az\/wp-content\/uploads\/2021\/01\/WhatsApp-Image-2021-01-19-at-101611053661-240x172.jpg",240,172,true],"advps-thumb-one":["https:\/\/arantv.az\/wp-content\/uploads\/2021\/01\/WhatsApp-Image-2021-01-19-at-101611053661.jpg",620,396,false]},"rttpg_author":{"display_name":"V\u00fcsal Rafiqo\u011flu","author_link":"https:\/\/arantv.az\/?author=2"},"rttpg_comment":0,"rttpg_category":"<a href=\"https:\/\/arantv.az\/?cat=26\" rel=\"category\">Sosial<\/a>","rttpg_excerpt":"44 g\u00fcnl\u00fck V\u0259t\u0259n m\u00fcharib\u0259sind\u0259 qan\u0131 il\u0259 dastan yazan \u015f\u0259hidl\u0259rimizd\u0259n biri d\u0259 \u0130mam\u0259ddin Abdullazad\u0259dir. \u0130mam\u0259ddin Abdullazad\u0259 1996-ci il avqustun 4-d\u0259 Beyl\u0259qan rayonunda anadan olub. O, 2014-c\u00fc ild\u0259 Qazax rayonuna m\u00fcdd\u0259tli h\u0259qiqi h\u0259rbi xidm\u0259t\u0259 yollan\u0131b. 2016-c\u0131 ild\u0259 Aprel d\u00f6y\u00fc\u015fl\u0259rind\u0259 i\u015ftirak edib. Ail\u0259d\u0259 \u00fc\u00e7 \u00f6vlad olublar. \u015e\u0259hidin qarda\u015f\u0131 Qafar Abdullazad\u0259 \u0130mam\u0259ddinin h\u0259yat\u0131 haqq\u0131nda dan\u0131\u015f\u0131b. Onun s\u00f6zl\u0259rin\u0259 g\u00f6r\u0259, \u0130mam\u0259ddin&hellip;","_links":{"self":[{"href":"https:\/\/arantv.az\/index.php?rest_route=\/wp\/v2\/posts\/274781"}],"collection":[{"href":"https:\/\/arantv.az\/index.php?rest_route=\/wp\/v2\/posts"}],"about":[{"href":"https:\/\/arantv.az\/index.php?rest_route=\/wp\/v2\/types\/post"}],"author":[{"embeddable":true,"href":"https:\/\/arantv.az\/index.php?rest_route=\/wp\/v2\/users\/2"}],"replies":[{"embeddable":true,"href":"https:\/\/arantv.az\/index.php?rest_route=%2Fwp%2Fv2%2Fcomments&post=274781"}],"version-history":[{"count":0,"href":"https:\/\/arantv.az\/index.php?rest_route=\/wp\/v2\/posts\/274781\/revisions"}],"wp:featuredmedia":[{"embeddable":true,"href":"https:\/\/arantv.az\/index.php?rest_route=\/wp\/v2\/media\/274787"}],"wp:attachment":[{"href":"https:\/\/arantv.az\/index.php?rest_route=%2Fwp%2Fv2%2Fmedia&parent=274781"}],"wp:term":[{"taxonomy":"category","embeddable":true,"href":"https:\/\/arantv.az\/index.php?rest_route=%2Fwp%2Fv2%2Fcategories&post=274781"},{"taxonomy":"post_tag","embeddable":true,"href":"https:\/\/arantv.az\/index.php?rest_route=%2Fwp%2Fv2%2Ftags&post=274781"}],"curies":[{"name":"wp","href":"https:\/\/api.w.org\/{rel}","templated":true}]}}