{"id":274798,"date":"2021-01-19T15:42:21","date_gmt":"2021-01-19T12:42:21","guid":{"rendered":"http:\/\/arantv.az\/?p=274798"},"modified":"2021-01-19T15:42:21","modified_gmt":"2021-01-19T12:42:21","slug":"prezident-ilham-%c9%99liyev-xarici-jurnalistl%c9%99r-agdami-qafqazin-xirosimasi-adlandiriblar","status":"publish","type":"post","link":"https:\/\/arantv.az\/?p=274798","title":{"rendered":"Prezident \u0130lham \u018fliyev: Xarici jurnalistl\u0259r A\u011fdam\u0131 \u201cQafqaz\u0131n Xirosimas\u0131\u201d adland\u0131r\u0131blar"},"content":{"rendered":"<p>Xarici jurnalistl\u0259r A\u011fdam\u0131 &#8220;Qafqaz\u0131n Xirosimas\u0131&#8221; adland\u0131r\u0131blar.<\/p>\n<p><strong>ARANTV.AZ<\/strong>\u00a0<a href=\"http:\/\/azertag.az\/\" target=\"_blank\" rel=\"noopener\">AZ\u018fRTAC<\/a>-a istinad\u0259n bildirir ki,\u00a0bunu Prezident \u0130lham \u018fliyev T\u00fcrkdilli D\u00f6vl\u0259tl\u0259rin \u018fm\u0259kda\u015fl\u0131q \u015euras\u0131n\u0131n Ba\u015f katibi Ba\u011fdad Amreyevi videoformatda q\u0259bul ed\u0259rk\u0259n deyib.<\/p>\n<p>D\u00f6vl\u0259t ba\u015f\u00e7\u0131s\u0131 bildirib:<\/p>\n<p>&#8220;Vaxtil\u0259 Qaraba\u011f\u0131n \u00e7i\u00e7\u0259kl\u0259n\u0259n, on minl\u0259rl\u0259 insan\u0131n ya\u015fad\u0131\u011f\u0131 A\u011fdam v\u0259 F\u00fczuli \u015f\u0259h\u0259rl\u0259ri tamamil\u0259 da\u011f\u0131d\u0131l\u0131b. F\u00fczulid\u0259 birc\u0259 salamat bina yoxdur. A\u011fdamda da b\u00fct\u00fcn binalar s\u00f6k\u00fcl\u00fcb, yaln\u0131z qism\u0259n da\u011f\u0131d\u0131lm\u0131\u015f m\u0259scid qal\u0131b. O da, m\u0259nim dediyim kimi, sonradan m\u0259lum olub ki, yaln\u0131z Az\u0259rbaycan Ordusunun bu istiqam\u0259td\u0259 h\u00fccum ed\u0259c\u0259yi halda ba\u015f ver\u0259 bil\u0259c\u0259k artilleriya z\u0259rb\u0259l\u0259rinin oriyentiri kimi \u0259razid\u0259 s\u0259mtl\u0259\u015fdirm\u0259k \u00fc\u00e7\u00fcn qal\u0131b. T\u0259sad\u00fcfi deyil ki, xarici jurnalistl\u0259r A\u011fdam\u0131 &#8220;Qafqaz\u0131n Xirosimas\u0131&#8221; adland\u0131r\u0131blar. Fikrimc\u0259, eyni s\u00f6zl\u0259ri F\u00fczuli \u015f\u0259h\u0259ri, h\u0259m\u00e7inin i\u015f\u011fal alt\u0131nda olmu\u015f ba\u015fqa \u015f\u0259h\u0259rl\u0259r haqq\u0131nda da dem\u0259k olar. Z\u0259ngilan da, C\u0259bray\u0131l da, Qubadl\u0131 da praktiki olaraq tamamil\u0259 da\u011f\u0131d\u0131l\u0131b. T\u0259kc\u0259 \u015f\u0259h\u0259rl\u0259r yox, k\u0259ndl\u0259r d\u0259. Siz F\u00fczuliy\u0259, A\u011fdama ged\u0259nd\u0259 yol boyunca y\u0259qin ki, tamamil\u0259 da\u011f\u0131d\u0131lm\u0131\u015f k\u0259ndl\u0259ri g\u00f6rm\u00fcs\u00fcn\u00fcz. B\u00fct\u00fcn bu da\u011f\u0131nt\u0131lar Birinci Qaraba\u011f m\u00fcharib\u0259si ba\u015fa \u00e7atandan sonra t\u00f6r\u0259dilib, m\u0259hz bu \u0259razil\u0259rd\u0259 Az\u0259rbaycan\u0131n m\u0259d\u0259ni irsinin izl\u0259rini m\u0259hv etm\u0259k \u00fc\u00e7\u00fcn. H\u0259m d\u0259 ondan \u00f6tr\u00fc ki, az\u0259rbaycanl\u0131lar\u0131n bu \u0259razil\u0259r\u0259 qay\u0131tmalar\u0131na he\u00e7 vaxt imkan verm\u0259m\u0259k \u00fc\u00e7\u00fcn, el\u0259c\u0259 d\u0259 s\u0131rf o\u011furluq, qar\u0259t \u00fc\u00e7\u00fcn. Vandallar v\u0259 o\u011frular p\u0259nc\u0259r\u0259 \u00e7\u0259r\u00e7iv\u0259l\u0259rini, qap\u0131lar\u0131, dam \u00f6rt\u00fckl\u0259rini, apar\u0131lmas\u0131 m\u00fcmk\u00fcn olan n\u0259 varsa ham\u0131s\u0131n\u0131 s\u00f6k\u00fcb apar\u0131blar. H\u0259r \u015feyin da\u011f\u0131d\u0131lmad\u0131\u011f\u0131 \u0259razil\u0259rd\u0259 s\u00fcni m\u0259skunla\u015fd\u0131rma siyas\u0259ti apar\u0131l\u0131rd\u0131, bu, Cenevr\u0259 konvensiyalar\u0131n\u0131n \u0259n kobud \u015f\u0259kild\u0259 pozulmas\u0131d\u0131r v\u0259 h\u0259rbi cinay\u0259tdir. \u00d6z\u00fc d\u0259, i\u015f\u011fal\u0131n ilk ill\u0259rind\u0259 Erm\u0259nistan\u0131n \u0259vv\u0259lki hakimiyy\u0259ti bu faktlar\u0131 gizl\u0259dirdis\u0259, indiki hakimiyy\u0259t bununla f\u0259xr edir, internetd\u0259 v\u0259 \u00f6z\u00fcn\u00fcn k\u00fctl\u0259vi informasiya vasit\u0259l\u0259rind\u0259 Yax\u0131n \u015e\u0259rqin dig\u0259r d\u00f6vl\u0259tl\u0259rinin erm\u0259ni mill\u0259tind\u0259n olan v\u0259t\u0259nda\u015flar\u0131n\u0131n buraya g\u0259lm\u0259si, \u015eu\u015fada v\u0259 dig\u0259r \u015f\u0259h\u0259rl\u0259rd\u0259 m\u0259skunla\u015fmas\u0131 bar\u0259d\u0259 video\u00e7arxlar\u0131 n\u00fcmayi\u015fkaran\u0259 \u015f\u0259kild\u0259 d\u0259rc edir, bununla da h\u0259m beyn\u0259lxalq h\u00fcquq normalar\u0131na, h\u0259m d\u0259 insani \u0259xlaq normalar\u0131na tam etinas\u0131zl\u0131q g\u00f6st\u0259rirdi&#8221;.<\/p>\n","protected":false},"excerpt":{"rendered":"<p>Xarici jurnalistl\u0259r A\u011fdam\u0131 &#8220;Qafqaz\u0131n Xirosimas\u0131&#8221; adland\u0131r\u0131blar. ARANTV.AZ\u00a0AZ\u018fRTAC-a istinad\u0259n bildirir ki,\u00a0bunu Prezident \u0130lham \u018fliyev T\u00fcrkdilli D\u00f6vl\u0259tl\u0259rin \u018fm\u0259kda\u015fl\u0131q \u015euras\u0131n\u0131n Ba\u015f katibi Ba\u011fdad Amreyevi videoformatda q\u0259bul ed\u0259rk\u0259n deyib. D\u00f6vl\u0259t ba\u015f\u00e7\u0131s\u0131 bildirib: &#8220;Vaxtil\u0259 Qaraba\u011f\u0131n \u00e7i\u00e7\u0259kl\u0259n\u0259n, on minl\u0259rl\u0259 insan\u0131n ya\u015fad\u0131\u011f\u0131 A\u011fdam v\u0259 F\u00fczuli \u015f\u0259h\u0259rl\u0259ri tamamil\u0259 da\u011f\u0131d\u0131l\u0131b. F\u00fczulid\u0259 birc\u0259 salamat bina yoxdur. A\u011fdamda da b\u00fct\u00fcn binalar s\u00f6k\u00fcl\u00fcb, yaln\u0131z qism\u0259n da\u011f\u0131d\u0131lm\u0131\u015f m\u0259scid qal\u0131b. O da, m\u0259nim dediyim kimi, sonradan m\u0259lum olub ki, yaln\u0131z Az\u0259rbaycan Ordusunun bu istiqam\u0259td\u0259 h\u00fccum ed\u0259c\u0259yi halda ba\u015f ver\u0259 bil\u0259c\u0259k artilleriya z\u0259rb\u0259l\u0259rinin oriyentiri kimi \u0259razid\u0259 s\u0259mtl\u0259\u015fdirm\u0259k \u00fc\u00e7\u00fcn qal\u0131b. T\u0259sad\u00fcfi deyil ki, xarici jurnalistl\u0259r A\u011fdam\u0131&hellip;<\/p>\n","protected":false},"author":2,"featured_media":274800,"comment_status":"closed","ping_status":"closed","sticky":false,"template":"","format":"standard","meta":{"om_disable_all_campaigns":false,"_monsterinsights_skip_tracking":false,"_monsterinsights_sitenote_active":false,"_monsterinsights_sitenote_note":"","_monsterinsights_sitenote_category":0},"categories":[4],"tags":[],"aioseo_notices":[],"gutentor_comment":0,"rttpg_featured_image_url":{"full":["https:\/\/arantv.az\/wp-content\/uploads\/2021\/01\/914954.jpg",800,600,false],"landscape":["https:\/\/arantv.az\/wp-content\/uploads\/2021\/01\/914954.jpg",800,600,false],"portraits":["https:\/\/arantv.az\/wp-content\/uploads\/2021\/01\/914954.jpg",800,600,false],"thumbnail":["https:\/\/arantv.az\/wp-content\/uploads\/2021\/01\/914954-150x150.jpg",150,150,true],"medium":["https:\/\/arantv.az\/wp-content\/uploads\/2021\/01\/914954-300x225.jpg",300,225,true],"large":["https:\/\/arantv.az\/wp-content\/uploads\/2021\/01\/914954.jpg",640,480,false],"1536x1536":["https:\/\/arantv.az\/wp-content\/uploads\/2021\/01\/914954.jpg",800,600,false],"2048x2048":["https:\/\/arantv.az\/wp-content\/uploads\/2021\/01\/914954.jpg",800,600,false],"post-thumbnail":["https:\/\/arantv.az\/wp-content\/uploads\/2021\/01\/914954-240x172.jpg",240,172,true],"advps-thumb-one":["https:\/\/arantv.az\/wp-content\/uploads\/2021\/01\/914954.jpg",800,600,false]},"rttpg_author":{"display_name":"V\u00fcsal Rafiqo\u011flu","author_link":"https:\/\/arantv.az\/?author=2"},"rttpg_comment":0,"rttpg_category":"<a href=\"https:\/\/arantv.az\/?cat=4\" rel=\"category\">Siyas\u0259t<\/a>","rttpg_excerpt":"Xarici jurnalistl\u0259r A\u011fdam\u0131 &#8220;Qafqaz\u0131n Xirosimas\u0131&#8221; adland\u0131r\u0131blar. ARANTV.AZ\u00a0AZ\u018fRTAC-a istinad\u0259n bildirir ki,\u00a0bunu Prezident \u0130lham \u018fliyev T\u00fcrkdilli D\u00f6vl\u0259tl\u0259rin \u018fm\u0259kda\u015fl\u0131q \u015euras\u0131n\u0131n Ba\u015f katibi Ba\u011fdad Amreyevi videoformatda q\u0259bul ed\u0259rk\u0259n deyib. D\u00f6vl\u0259t ba\u015f\u00e7\u0131s\u0131 bildirib: &#8220;Vaxtil\u0259 Qaraba\u011f\u0131n \u00e7i\u00e7\u0259kl\u0259n\u0259n, on minl\u0259rl\u0259 insan\u0131n ya\u015fad\u0131\u011f\u0131 A\u011fdam v\u0259 F\u00fczuli \u015f\u0259h\u0259rl\u0259ri tamamil\u0259 da\u011f\u0131d\u0131l\u0131b. F\u00fczulid\u0259 birc\u0259 salamat bina yoxdur. A\u011fdamda da b\u00fct\u00fcn binalar s\u00f6k\u00fcl\u00fcb, yaln\u0131z qism\u0259n da\u011f\u0131d\u0131lm\u0131\u015f m\u0259scid&hellip;","_links":{"self":[{"href":"https:\/\/arantv.az\/index.php?rest_route=\/wp\/v2\/posts\/274798"}],"collection":[{"href":"https:\/\/arantv.az\/index.php?rest_route=\/wp\/v2\/posts"}],"about":[{"href":"https:\/\/arantv.az\/index.php?rest_route=\/wp\/v2\/types\/post"}],"author":[{"embeddable":true,"href":"https:\/\/arantv.az\/index.php?rest_route=\/wp\/v2\/users\/2"}],"replies":[{"embeddable":true,"href":"https:\/\/arantv.az\/index.php?rest_route=%2Fwp%2Fv2%2Fcomments&post=274798"}],"version-history":[{"count":0,"href":"https:\/\/arantv.az\/index.php?rest_route=\/wp\/v2\/posts\/274798\/revisions"}],"wp:featuredmedia":[{"embeddable":true,"href":"https:\/\/arantv.az\/index.php?rest_route=\/wp\/v2\/media\/274800"}],"wp:attachment":[{"href":"https:\/\/arantv.az\/index.php?rest_route=%2Fwp%2Fv2%2Fmedia&parent=274798"}],"wp:term":[{"taxonomy":"category","embeddable":true,"href":"https:\/\/arantv.az\/index.php?rest_route=%2Fwp%2Fv2%2Fcategories&post=274798"},{"taxonomy":"post_tag","embeddable":true,"href":"https:\/\/arantv.az\/index.php?rest_route=%2Fwp%2Fv2%2Ftags&post=274798"}],"curies":[{"name":"wp","href":"https:\/\/api.w.org\/{rel}","templated":true}]}}