{"id":274807,"date":"2021-01-19T15:44:33","date_gmt":"2021-01-19T12:44:33","guid":{"rendered":"http:\/\/arantv.az\/?p=274807"},"modified":"2021-01-19T15:44:33","modified_gmt":"2021-01-19T12:44:33","slug":"mm-komit%c9%99si-azad-edilmis-%c9%99razil%c9%99rd%c9%99-aqrar-sah%c9%99nin-inkisafini-qiym%c9%99tl%c9%99ndir%c9%99c%c9%99k","status":"publish","type":"post","link":"https:\/\/arantv.az\/?p=274807","title":{"rendered":"MM Komit\u0259si azad edilmi\u015f \u0259razil\u0259rd\u0259 aqrar sah\u0259nin inki\u015faf\u0131n\u0131 qiym\u0259tl\u0259ndir\u0259c\u0259k"},"content":{"rendered":"<p>Deputatlar i\u015f\u011faldan azad olan torpaqlarda yaranm\u0131\u015f v\u0259ziyy\u0259tl\u0259 tan\u0131\u015f olacaq, h\u0259min \u0259razil\u0259rd\u0259 aqrar sah\u0259sinin inki\u015faf\u0131 \u00fc\u00e7\u00fcn vacib m\u0259s\u0259l\u0259l\u0259ri m\u00fczakir\u0259 ed\u0259c\u0259k.<\/p>\n<p><strong>ARANTV.AZ\u00a0<\/strong>\u00a0<a href=\"https:\/\/az.trend.az\/\" target=\"_blank\" rel=\"noopener\">Trend<\/a>-\u0259 istinad\u0259n bildirir ki,\u00a0bu bar\u0259d\u0259 m\u0259s\u0259l\u0259 Milli M\u0259clisin (MM) Aqrar siyas\u0259t komit\u0259sinin 2021-ci il yaz sessiyas\u0131 \u00fc\u00e7\u00fcn i\u015f plan\u0131nda \u0259ksini tap\u0131b.<\/p>\n<p>H\u0259m\u00e7inin, komit\u0259 \u00fczvl\u0259rinin V\u0259t\u0259n m\u00fcharib\u0259si \u015f\u0259hidl\u0259rinin ail\u0259l\u0259rini ziyar\u0259t etm\u0259si, qazil\u0259r, m\u00fcharib\u0259 i\u015ftirak\u00e7\u0131lar\u0131 il\u0259 g\u00f6r\u00fc\u015fl\u0259r ke\u00e7irm\u0259si i\u015f plan\u0131na daxil edilib.<\/p>\n","protected":false},"excerpt":{"rendered":"<p>Deputatlar i\u015f\u011faldan azad olan torpaqlarda yaranm\u0131\u015f v\u0259ziyy\u0259tl\u0259 tan\u0131\u015f olacaq, h\u0259min \u0259razil\u0259rd\u0259 aqrar sah\u0259sinin inki\u015faf\u0131 \u00fc\u00e7\u00fcn vacib m\u0259s\u0259l\u0259l\u0259ri m\u00fczakir\u0259 ed\u0259c\u0259k. ARANTV.AZ\u00a0\u00a0Trend-\u0259 istinad\u0259n bildirir ki,\u00a0bu bar\u0259d\u0259 m\u0259s\u0259l\u0259 Milli M\u0259clisin (MM) Aqrar siyas\u0259t komit\u0259sinin 2021-ci il yaz sessiyas\u0131 \u00fc\u00e7\u00fcn i\u015f plan\u0131nda \u0259ksini tap\u0131b. H\u0259m\u00e7inin, komit\u0259 \u00fczvl\u0259rinin V\u0259t\u0259n m\u00fcharib\u0259si \u015f\u0259hidl\u0259rinin ail\u0259l\u0259rini ziyar\u0259t etm\u0259si, qazil\u0259r, m\u00fcharib\u0259 i\u015ftirak\u00e7\u0131lar\u0131 il\u0259 g\u00f6r\u00fc\u015fl\u0259r ke\u00e7irm\u0259si i\u015f plan\u0131na daxil edilib.<\/p>\n","protected":false},"author":2,"featured_media":274808,"comment_status":"closed","ping_status":"closed","sticky":false,"template":"","format":"standard","meta":{"om_disable_all_campaigns":false,"_monsterinsights_skip_tracking":false,"_monsterinsights_sitenote_active":false,"_monsterinsights_sitenote_note":"","_monsterinsights_sitenote_category":0},"categories":[4],"tags":[],"aioseo_notices":[],"gutentor_comment":0,"rttpg_featured_image_url":{"full":["https:\/\/arantv.az\/wp-content\/uploads\/2021\/01\/milli_meclis_228486.jpg",800,600,false],"landscape":["https:\/\/arantv.az\/wp-content\/uploads\/2021\/01\/milli_meclis_228486.jpg",800,600,false],"portraits":["https:\/\/arantv.az\/wp-content\/uploads\/2021\/01\/milli_meclis_228486.jpg",800,600,false],"thumbnail":["https:\/\/arantv.az\/wp-content\/uploads\/2021\/01\/milli_meclis_228486-150x150.jpg",150,150,true],"medium":["https:\/\/arantv.az\/wp-content\/uploads\/2021\/01\/milli_meclis_228486-300x225.jpg",300,225,true],"large":["https:\/\/arantv.az\/wp-content\/uploads\/2021\/01\/milli_meclis_228486.jpg",640,480,false],"1536x1536":["https:\/\/arantv.az\/wp-content\/uploads\/2021\/01\/milli_meclis_228486.jpg",800,600,false],"2048x2048":["https:\/\/arantv.az\/wp-content\/uploads\/2021\/01\/milli_meclis_228486.jpg",800,600,false],"post-thumbnail":["https:\/\/arantv.az\/wp-content\/uploads\/2021\/01\/milli_meclis_228486-240x172.jpg",240,172,true],"advps-thumb-one":["https:\/\/arantv.az\/wp-content\/uploads\/2021\/01\/milli_meclis_228486.jpg",800,600,false]},"rttpg_author":{"display_name":"V\u00fcsal Rafiqo\u011flu","author_link":"https:\/\/arantv.az\/?author=2"},"rttpg_comment":0,"rttpg_category":"<a href=\"https:\/\/arantv.az\/?cat=4\" rel=\"category\">Siyas\u0259t<\/a>","rttpg_excerpt":"Deputatlar i\u015f\u011faldan azad olan torpaqlarda yaranm\u0131\u015f v\u0259ziyy\u0259tl\u0259 tan\u0131\u015f olacaq, h\u0259min \u0259razil\u0259rd\u0259 aqrar sah\u0259sinin inki\u015faf\u0131 \u00fc\u00e7\u00fcn vacib m\u0259s\u0259l\u0259l\u0259ri m\u00fczakir\u0259 ed\u0259c\u0259k. ARANTV.AZ\u00a0\u00a0Trend-\u0259 istinad\u0259n bildirir ki,\u00a0bu bar\u0259d\u0259 m\u0259s\u0259l\u0259 Milli M\u0259clisin (MM) Aqrar siyas\u0259t komit\u0259sinin 2021-ci il yaz sessiyas\u0131 \u00fc\u00e7\u00fcn i\u015f plan\u0131nda \u0259ksini tap\u0131b. H\u0259m\u00e7inin, komit\u0259 \u00fczvl\u0259rinin V\u0259t\u0259n m\u00fcharib\u0259si \u015f\u0259hidl\u0259rinin ail\u0259l\u0259rini ziyar\u0259t etm\u0259si, qazil\u0259r, m\u00fcharib\u0259 i\u015ftirak\u00e7\u0131lar\u0131 il\u0259 g\u00f6r\u00fc\u015fl\u0259r ke\u00e7irm\u0259si&hellip;","_links":{"self":[{"href":"https:\/\/arantv.az\/index.php?rest_route=\/wp\/v2\/posts\/274807"}],"collection":[{"href":"https:\/\/arantv.az\/index.php?rest_route=\/wp\/v2\/posts"}],"about":[{"href":"https:\/\/arantv.az\/index.php?rest_route=\/wp\/v2\/types\/post"}],"author":[{"embeddable":true,"href":"https:\/\/arantv.az\/index.php?rest_route=\/wp\/v2\/users\/2"}],"replies":[{"embeddable":true,"href":"https:\/\/arantv.az\/index.php?rest_route=%2Fwp%2Fv2%2Fcomments&post=274807"}],"version-history":[{"count":0,"href":"https:\/\/arantv.az\/index.php?rest_route=\/wp\/v2\/posts\/274807\/revisions"}],"wp:featuredmedia":[{"embeddable":true,"href":"https:\/\/arantv.az\/index.php?rest_route=\/wp\/v2\/media\/274808"}],"wp:attachment":[{"href":"https:\/\/arantv.az\/index.php?rest_route=%2Fwp%2Fv2%2Fmedia&parent=274807"}],"wp:term":[{"taxonomy":"category","embeddable":true,"href":"https:\/\/arantv.az\/index.php?rest_route=%2Fwp%2Fv2%2Fcategories&post=274807"},{"taxonomy":"post_tag","embeddable":true,"href":"https:\/\/arantv.az\/index.php?rest_route=%2Fwp%2Fv2%2Ftags&post=274807"}],"curies":[{"name":"wp","href":"https:\/\/api.w.org\/{rel}","templated":true}]}}