{"id":274843,"date":"2021-01-19T15:58:12","date_gmt":"2021-01-19T12:58:12","guid":{"rendered":"http:\/\/arantv.az\/?p=274843"},"modified":"2021-01-19T15:58:12","modified_gmt":"2021-01-19T12:58:12","slug":"2022-ci-ild%c9%99-susanin-turk-dunyasinin-m%c9%99d%c9%99ni-paytaxti-elan-olunmasini-t%c9%99klif-edirik-bagdad-amreyev","status":"publish","type":"post","link":"https:\/\/arantv.az\/?p=274843","title":{"rendered":"2022-ci ild\u0259 \u015eu\u015fan\u0131n t\u00fcrk d\u00fcnyas\u0131n\u0131n m\u0259d\u0259ni paytaxt\u0131 elan olunmas\u0131n\u0131 t\u0259klif edirik &#8211; Ba\u011fdad Amreyev"},"content":{"rendered":"<p>\u00d6lk\u0259l\u0259rimiz aras\u0131nda ilkin dan\u0131\u015f\u0131qlar bizim \u00f6lk\u0259l\u0259rimizin v\u0259 xalqlar\u0131m\u0131z\u0131n Az\u0259rbaycana k\u00f6m\u0259k etm\u0259k \u0259zminin \u00e7ox m\u00f6hk\u0259m olmas\u0131n\u0131 g\u00f6st\u0259rdi. Biz h\u0259r il t\u00fcrk d\u00fcnyas\u0131n\u0131n m\u0259d\u0259ni paytaxt\u0131n\u0131 elan edirik. 2022-ci ild\u0259 \u015eu\u015fan\u0131n bel\u0259 paytaxt elan olunmas\u0131n\u0131 v\u0259 m\u0259d\u0259ni xarakterli \u00e7oxlu t\u0259dbirl\u0259r ke\u00e7irilm\u0259sini t\u0259klif edirik.<\/p>\n<p><strong>ARANTV.AZ<\/strong>\u00a0\u00a0<a href=\"http:\/\/azertag.az\/\" target=\"_blank\" rel=\"noopener\">AZ\u018fRTAC<\/a>-a istinad\u0259n bildirir ki, bunu T\u00fcrkdilli D\u00f6vl\u0259tl\u0259rin \u018fm\u0259kda\u015fl\u0131q \u015euras\u0131n\u0131n Ba\u015f katibi Ba\u011fdad Amreyev Prezident \u0130lham \u018fliyev videoformatda q\u0259bulunda olark\u0259n deyib.<\/p>\n<p>Ba\u015f katib bildirib:<\/p>\n<p>&#8220;Bu t\u0259dbirl\u0259r \u015eu\u015fan\u0131n b\u00fct\u00fcn t\u00fcrk v\u0259 \u0130slam d\u00fcnyas\u0131 \u00fc\u00e7\u00fcn b\u00f6y\u00fck m\u0259d\u0259ni \u0259h\u0259miyy\u0259tini vur\u011fulayar. D\u00fcn\u0259n biz bu m\u0259s\u0259l\u0259ni xarici i\u015fl\u0259r naziri c\u0259nab Bayramovla da m\u00fczakir\u0259 etdik. Siz icaz\u0259 vers\u0259niz, biz bu i\u015f\u0259 ba\u015flayar\u0131q, 2022-ci ild\u0259 \u015eu\u015fada 20-y\u0259 yax\u0131n m\u0259d\u0259ni t\u0259dbir ke\u00e7ir\u0259rik. \u018fminik ki, o vaxta q\u0259d\u0259r \u015eu\u015fa b\u0259rpa olunacaq, \u00f6z \u0259vv\u0259lki simas\u0131n\u0131 alacaq. Biz h\u0259mi\u015f\u0259 Sizin yan\u0131n\u0131zda olmu\u015fuq v\u0259 h\u0259mi\u015f\u0259 Sizin yan\u0131n\u0131zda olaca\u011f\u0131q&#8221;.<\/p>\n","protected":false},"excerpt":{"rendered":"<p>\u00d6lk\u0259l\u0259rimiz aras\u0131nda ilkin dan\u0131\u015f\u0131qlar bizim \u00f6lk\u0259l\u0259rimizin v\u0259 xalqlar\u0131m\u0131z\u0131n Az\u0259rbaycana k\u00f6m\u0259k etm\u0259k \u0259zminin \u00e7ox m\u00f6hk\u0259m olmas\u0131n\u0131 g\u00f6st\u0259rdi. Biz h\u0259r il t\u00fcrk d\u00fcnyas\u0131n\u0131n m\u0259d\u0259ni paytaxt\u0131n\u0131 elan edirik. 2022-ci ild\u0259 \u015eu\u015fan\u0131n bel\u0259 paytaxt elan olunmas\u0131n\u0131 v\u0259 m\u0259d\u0259ni xarakterli \u00e7oxlu t\u0259dbirl\u0259r ke\u00e7irilm\u0259sini t\u0259klif edirik. ARANTV.AZ\u00a0\u00a0AZ\u018fRTAC-a istinad\u0259n bildirir ki, bunu T\u00fcrkdilli D\u00f6vl\u0259tl\u0259rin \u018fm\u0259kda\u015fl\u0131q \u015euras\u0131n\u0131n Ba\u015f katibi Ba\u011fdad Amreyev Prezident \u0130lham \u018fliyev videoformatda q\u0259bulunda olark\u0259n deyib. Ba\u015f katib bildirib: &#8220;Bu t\u0259dbirl\u0259r \u015eu\u015fan\u0131n b\u00fct\u00fcn t\u00fcrk v\u0259 \u0130slam d\u00fcnyas\u0131 \u00fc\u00e7\u00fcn b\u00f6y\u00fck m\u0259d\u0259ni \u0259h\u0259miyy\u0259tini vur\u011fulayar. D\u00fcn\u0259n biz bu m\u0259s\u0259l\u0259ni xarici i\u015fl\u0259r naziri c\u0259nab Bayramovla da m\u00fczakir\u0259 etdik. Siz icaz\u0259&hellip;<\/p>\n","protected":false},"author":2,"featured_media":274844,"comment_status":"closed","ping_status":"closed","sticky":false,"template":"","format":"standard","meta":{"om_disable_all_campaigns":false,"_monsterinsights_skip_tracking":false,"_monsterinsights_sitenote_active":false,"_monsterinsights_sitenote_note":"","_monsterinsights_sitenote_category":0},"categories":[4],"tags":[],"aioseo_notices":[],"gutentor_comment":0,"rttpg_featured_image_url":{"full":["https:\/\/arantv.az\/wp-content\/uploads\/2021\/01\/915073_000.jpg",800,600,false],"landscape":["https:\/\/arantv.az\/wp-content\/uploads\/2021\/01\/915073_000.jpg",800,600,false],"portraits":["https:\/\/arantv.az\/wp-content\/uploads\/2021\/01\/915073_000.jpg",800,600,false],"thumbnail":["https:\/\/arantv.az\/wp-content\/uploads\/2021\/01\/915073_000-150x150.jpg",150,150,true],"medium":["https:\/\/arantv.az\/wp-content\/uploads\/2021\/01\/915073_000-300x225.jpg",300,225,true],"large":["https:\/\/arantv.az\/wp-content\/uploads\/2021\/01\/915073_000.jpg",640,480,false],"1536x1536":["https:\/\/arantv.az\/wp-content\/uploads\/2021\/01\/915073_000.jpg",800,600,false],"2048x2048":["https:\/\/arantv.az\/wp-content\/uploads\/2021\/01\/915073_000.jpg",800,600,false],"post-thumbnail":["https:\/\/arantv.az\/wp-content\/uploads\/2021\/01\/915073_000-240x172.jpg",240,172,true],"advps-thumb-one":["https:\/\/arantv.az\/wp-content\/uploads\/2021\/01\/915073_000.jpg",800,600,false]},"rttpg_author":{"display_name":"V\u00fcsal Rafiqo\u011flu","author_link":"https:\/\/arantv.az\/?author=2"},"rttpg_comment":0,"rttpg_category":"<a href=\"https:\/\/arantv.az\/?cat=4\" rel=\"category\">Siyas\u0259t<\/a>","rttpg_excerpt":"\u00d6lk\u0259l\u0259rimiz aras\u0131nda ilkin dan\u0131\u015f\u0131qlar bizim \u00f6lk\u0259l\u0259rimizin v\u0259 xalqlar\u0131m\u0131z\u0131n Az\u0259rbaycana k\u00f6m\u0259k etm\u0259k \u0259zminin \u00e7ox m\u00f6hk\u0259m olmas\u0131n\u0131 g\u00f6st\u0259rdi. Biz h\u0259r il t\u00fcrk d\u00fcnyas\u0131n\u0131n m\u0259d\u0259ni paytaxt\u0131n\u0131 elan edirik. 2022-ci ild\u0259 \u015eu\u015fan\u0131n bel\u0259 paytaxt elan olunmas\u0131n\u0131 v\u0259 m\u0259d\u0259ni xarakterli \u00e7oxlu t\u0259dbirl\u0259r ke\u00e7irilm\u0259sini t\u0259klif edirik. ARANTV.AZ\u00a0\u00a0AZ\u018fRTAC-a istinad\u0259n bildirir ki, bunu T\u00fcrkdilli D\u00f6vl\u0259tl\u0259rin \u018fm\u0259kda\u015fl\u0131q \u015euras\u0131n\u0131n Ba\u015f katibi Ba\u011fdad Amreyev Prezident \u0130lham&hellip;","_links":{"self":[{"href":"https:\/\/arantv.az\/index.php?rest_route=\/wp\/v2\/posts\/274843"}],"collection":[{"href":"https:\/\/arantv.az\/index.php?rest_route=\/wp\/v2\/posts"}],"about":[{"href":"https:\/\/arantv.az\/index.php?rest_route=\/wp\/v2\/types\/post"}],"author":[{"embeddable":true,"href":"https:\/\/arantv.az\/index.php?rest_route=\/wp\/v2\/users\/2"}],"replies":[{"embeddable":true,"href":"https:\/\/arantv.az\/index.php?rest_route=%2Fwp%2Fv2%2Fcomments&post=274843"}],"version-history":[{"count":0,"href":"https:\/\/arantv.az\/index.php?rest_route=\/wp\/v2\/posts\/274843\/revisions"}],"wp:featuredmedia":[{"embeddable":true,"href":"https:\/\/arantv.az\/index.php?rest_route=\/wp\/v2\/media\/274844"}],"wp:attachment":[{"href":"https:\/\/arantv.az\/index.php?rest_route=%2Fwp%2Fv2%2Fmedia&parent=274843"}],"wp:term":[{"taxonomy":"category","embeddable":true,"href":"https:\/\/arantv.az\/index.php?rest_route=%2Fwp%2Fv2%2Fcategories&post=274843"},{"taxonomy":"post_tag","embeddable":true,"href":"https:\/\/arantv.az\/index.php?rest_route=%2Fwp%2Fv2%2Ftags&post=274843"}],"curies":[{"name":"wp","href":"https:\/\/api.w.org\/{rel}","templated":true}]}}