{"id":27485,"date":"2018-12-14T08:24:09","date_gmt":"2018-12-14T05:24:09","guid":{"rendered":"http:\/\/arantv.az\/?p=27485"},"modified":"2018-12-14T08:24:09","modified_gmt":"2018-12-14T05:24:09","slug":"icra-bascisi-ozun%c9%99-yeni-muavin-t%c9%99yin-etdi","status":"publish","type":"post","link":"https:\/\/arantv.az\/?p=27485","title":{"rendered":"\u0130cra ba\u015f\u00e7\u0131s\u0131 \u00f6z\u00fcn\u0259 yeni m\u00fcavin t\u0259yin etdi"},"content":{"rendered":"<p>S\u0259bail Rayon \u0130cra Hakimiyy\u0259tind\u0259 kadr d\u0259yi\u015fikliyi ba\u015f verib.<\/p>\n<p><strong>ARANTV.AZ<\/strong>-\u0131n m\u0259lumat\u0131na g\u00f6r\u0259, S\u0259bail Rayon \u0130cra Hakimiyy\u0259ti ba\u015f\u00e7\u0131s\u0131\u00a0<strong>V\u00fcqar Zeynalov<\/strong>un imzalad\u0131\u011f\u0131 \u0259mr\u0259 \u0259sas\u0259n, m\u00fcavini\u00a0<strong>Abid \u018fliyev\u00a0<\/strong>v\u0259zif\u0259sind\u0259n azad edilib.<\/p>\n<p>Onun yerin\u0259 V\u00fcqar \u015e\u0131x\u0259mm\u0259dov t\u0259yinat al\u0131b.<\/p>\n<div id=\"AdributorNativeVideo0\" class=\"AdributorNativeVideo\"><\/div>\n<p>\u015e\u0131x\u0259mm\u0259dov\u00a0m\u0259lumat\u0131 Oxu.Az-a t\u0259sdiq edib.<\/p>\n<p>Qeyd ed\u0259k ki, V\u00fcqar \u015e\u0131x\u0259mm\u0259dov M\u0259d\u0259niyy\u0259t v\u0259 Turizm Nazirliyinin informasiya v\u0259 ictimaiyy\u0259tl\u0259 \u0259laq\u0259l\u0259r \u015f\u00f6b\u0259sinin m\u00fcdiri v\u0259zif\u0259sind\u0259 \u00e7al\u0131\u015f\u0131b.oxu.az<\/p>\n","protected":false},"excerpt":{"rendered":"<p>S\u0259bail Rayon \u0130cra Hakimiyy\u0259tind\u0259 kadr d\u0259yi\u015fikliyi ba\u015f verib. ARANTV.AZ-\u0131n m\u0259lumat\u0131na g\u00f6r\u0259, S\u0259bail Rayon \u0130cra Hakimiyy\u0259ti ba\u015f\u00e7\u0131s\u0131\u00a0V\u00fcqar Zeynalovun imzalad\u0131\u011f\u0131 \u0259mr\u0259 \u0259sas\u0259n, m\u00fcavini\u00a0Abid \u018fliyev\u00a0v\u0259zif\u0259sind\u0259n azad edilib. Onun yerin\u0259 V\u00fcqar \u015e\u0131x\u0259mm\u0259dov t\u0259yinat al\u0131b. \u015e\u0131x\u0259mm\u0259dov\u00a0m\u0259lumat\u0131 Oxu.Az-a t\u0259sdiq edib. Qeyd ed\u0259k ki, V\u00fcqar \u015e\u0131x\u0259mm\u0259dov M\u0259d\u0259niyy\u0259t v\u0259 Turizm Nazirliyinin informasiya v\u0259 ictimaiyy\u0259tl\u0259 \u0259laq\u0259l\u0259r \u015f\u00f6b\u0259sinin m\u00fcdiri v\u0259zif\u0259sind\u0259 \u00e7al\u0131\u015f\u0131b.oxu.az<\/p>\n","protected":false},"author":2,"featured_media":27486,"comment_status":"closed","ping_status":"closed","sticky":false,"template":"","format":"standard","meta":{"om_disable_all_campaigns":false,"_monsterinsights_skip_tracking":false,"_monsterinsights_sitenote_active":false,"_monsterinsights_sitenote_note":"","_monsterinsights_sitenote_category":0},"categories":[1],"tags":[],"aioseo_notices":[],"gutentor_comment":0,"rttpg_featured_image_url":{"full":["https:\/\/arantv.az\/wp-content\/uploads\/2018\/12\/27655383_10214852336812311_8854071558238363390_n_364.jpg",611,465,false],"landscape":["https:\/\/arantv.az\/wp-content\/uploads\/2018\/12\/27655383_10214852336812311_8854071558238363390_n_364.jpg",611,465,false],"portraits":["https:\/\/arantv.az\/wp-content\/uploads\/2018\/12\/27655383_10214852336812311_8854071558238363390_n_364.jpg",611,465,false],"thumbnail":["https:\/\/arantv.az\/wp-content\/uploads\/2018\/12\/27655383_10214852336812311_8854071558238363390_n_364-150x150.jpg",150,150,true],"medium":["https:\/\/arantv.az\/wp-content\/uploads\/2018\/12\/27655383_10214852336812311_8854071558238363390_n_364-300x228.jpg",300,228,true],"large":["https:\/\/arantv.az\/wp-content\/uploads\/2018\/12\/27655383_10214852336812311_8854071558238363390_n_364.jpg",611,465,false],"1536x1536":["https:\/\/arantv.az\/wp-content\/uploads\/2018\/12\/27655383_10214852336812311_8854071558238363390_n_364.jpg",611,465,false],"2048x2048":["https:\/\/arantv.az\/wp-content\/uploads\/2018\/12\/27655383_10214852336812311_8854071558238363390_n_364.jpg",611,465,false],"post-thumbnail":["https:\/\/arantv.az\/wp-content\/uploads\/2018\/12\/27655383_10214852336812311_8854071558238363390_n_364-240x172.jpg",240,172,true],"advps-thumb-one":["https:\/\/arantv.az\/wp-content\/uploads\/2018\/12\/27655383_10214852336812311_8854071558238363390_n_364.jpg",611,465,false]},"rttpg_author":{"display_name":"V\u00fcsal Rafiqo\u011flu","author_link":"https:\/\/arantv.az\/?author=2"},"rttpg_comment":0,"rttpg_category":"<a href=\"https:\/\/arantv.az\/?cat=1\" rel=\"category\">C\u0259miyy\u0259t<\/a>","rttpg_excerpt":"S\u0259bail Rayon \u0130cra Hakimiyy\u0259tind\u0259 kadr d\u0259yi\u015fikliyi ba\u015f verib. ARANTV.AZ-\u0131n m\u0259lumat\u0131na g\u00f6r\u0259, S\u0259bail Rayon \u0130cra Hakimiyy\u0259ti ba\u015f\u00e7\u0131s\u0131\u00a0V\u00fcqar Zeynalovun imzalad\u0131\u011f\u0131 \u0259mr\u0259 \u0259sas\u0259n, m\u00fcavini\u00a0Abid \u018fliyev\u00a0v\u0259zif\u0259sind\u0259n azad edilib. Onun yerin\u0259 V\u00fcqar \u015e\u0131x\u0259mm\u0259dov t\u0259yinat al\u0131b. \u015e\u0131x\u0259mm\u0259dov\u00a0m\u0259lumat\u0131 Oxu.Az-a t\u0259sdiq edib. Qeyd ed\u0259k ki, V\u00fcqar \u015e\u0131x\u0259mm\u0259dov M\u0259d\u0259niyy\u0259t v\u0259 Turizm Nazirliyinin informasiya v\u0259 ictimaiyy\u0259tl\u0259 \u0259laq\u0259l\u0259r \u015f\u00f6b\u0259sinin m\u00fcdiri v\u0259zif\u0259sind\u0259 \u00e7al\u0131\u015f\u0131b.oxu.az","_links":{"self":[{"href":"https:\/\/arantv.az\/index.php?rest_route=\/wp\/v2\/posts\/27485"}],"collection":[{"href":"https:\/\/arantv.az\/index.php?rest_route=\/wp\/v2\/posts"}],"about":[{"href":"https:\/\/arantv.az\/index.php?rest_route=\/wp\/v2\/types\/post"}],"author":[{"embeddable":true,"href":"https:\/\/arantv.az\/index.php?rest_route=\/wp\/v2\/users\/2"}],"replies":[{"embeddable":true,"href":"https:\/\/arantv.az\/index.php?rest_route=%2Fwp%2Fv2%2Fcomments&post=27485"}],"version-history":[{"count":0,"href":"https:\/\/arantv.az\/index.php?rest_route=\/wp\/v2\/posts\/27485\/revisions"}],"wp:featuredmedia":[{"embeddable":true,"href":"https:\/\/arantv.az\/index.php?rest_route=\/wp\/v2\/media\/27486"}],"wp:attachment":[{"href":"https:\/\/arantv.az\/index.php?rest_route=%2Fwp%2Fv2%2Fmedia&parent=27485"}],"wp:term":[{"taxonomy":"category","embeddable":true,"href":"https:\/\/arantv.az\/index.php?rest_route=%2Fwp%2Fv2%2Fcategories&post=27485"},{"taxonomy":"post_tag","embeddable":true,"href":"https:\/\/arantv.az\/index.php?rest_route=%2Fwp%2Fv2%2Ftags&post=27485"}],"curies":[{"name":"wp","href":"https:\/\/api.w.org\/{rel}","templated":true}]}}