{"id":274866,"date":"2021-01-19T18:52:59","date_gmt":"2021-01-19T15:52:59","guid":{"rendered":"http:\/\/arantv.az\/?p=274866"},"modified":"2021-01-19T18:52:59","modified_gmt":"2021-01-19T15:52:59","slug":"erm%c9%99nil%c9%99rin-novb%c9%99ti-aglasigmaz-iddiasi-agd%c9%99r%c9%99d%c9%99n-erm%c9%99nistana-yol-ist%c9%99yirl%c9%99r-video","status":"publish","type":"post","link":"https:\/\/arantv.az\/?p=274866","title":{"rendered":"Erm\u0259nil\u0259rin n\u00f6vb\u0259ti a\u011flas\u0131\u011fmaz iddias\u0131: A\u011fd\u0259r\u0259d\u0259n Erm\u0259nistana yol ist\u0259yirl\u0259r &#8211; V\u0130DEO"},"content":{"rendered":"<p>Erm\u0259nil\u0259r Rusiya M\u00fcdafi\u0259 nazirliyinin Qaraba\u011fdak\u0131 s\u00fclhm\u0259raml\u0131 kontinqentinin r\u0259hb\u0259ri R\u00fcst\u0259m Muradova absurd m\u00fcraci\u0259t \u00fcnvanlay\u0131blar.<\/p>\n<p>Bel\u0259 ki, K\u0259lb\u0259c\u0259r rayonunun Heyval\u0131 k\u0259ndind\u0259 ya\u015f\u0131yan erm\u0259nil\u0259r R\u00fcst\u0259m Muradova\u00a0A\u011fd\u0259r\u0259d\u0259n Erm\u0259nistan\u0131n Vardenis \u015f\u0259h\u0259rin\u0259 t\u0259hl\u00fck\u0259siz h\u0259r\u0259k\u0259t \u00fc\u00e7\u00fcn \u015f\u0259rait yarad\u0131lmas\u0131n\u0131 xahi\u015f edibl\u0259r. Sakinl\u0259r yaz\u0131l\u0131 m\u00fcraci\u0259ti s\u00fclhm\u0259raml\u0131lara t\u0259qdim edibl\u0259r.<\/p>\n<p>Politoloq Anar \u018fliyev Baku TV-y\u0259 bildirib ki, Qaraba\u011fda ya\u015fayan erm\u0259nil\u0259rl\u0259 Erm\u0259nistan\u0131n \u0259laq\u0259si h\u0259l\u0259 ki, La\u00e7\u0131n d\u0259hlizi il\u0259 ba\u015f tutacaq:<\/p>\n<div id=\"AdviadNativeVideo0\" class=\"AdviadNativeVideo\"><\/div>\n<p>\u201cLa\u00e7\u0131n \u015f\u0259h\u0259ri tam t\u0259hvil verildikd\u0259n sonra yeni bil yol \u00e7\u0259kil\u0259c\u0259k. O yol vasit\u0259sil\u0259 Qaraba\u011fda ya\u015fayan erm\u0259nil\u0259r istifad\u0259 ed\u0259c\u0259kl\u0259r. H\u0259r hans\u0131 ba\u015fqa bir iddialar Az\u0259rbaycan, Rusiya v\u0259 Erm\u0259nistan r\u0259hb\u0259rl\u0259rinin \u00fc\u00e7t\u0259r\u0259fli b\u0259yanat\u0131na ziddir v\u0259 bu prosesi pozma\u011fa hesablan\u0131b\u201d.<\/p>\n<p><iframe loading=\"lazy\" src=\"https:\/\/www.youtube.com\/embed\/_GpAKBmyoJU\" width=\"560\" height=\"315\" frameborder=\"0\" allowfullscreen=\"allowfullscreen\" data-mce-fragment=\"1\"><\/iframe><\/p>\n<p>&nbsp;<\/p>\n","protected":false},"excerpt":{"rendered":"<p>Erm\u0259nil\u0259r Rusiya M\u00fcdafi\u0259 nazirliyinin Qaraba\u011fdak\u0131 s\u00fclhm\u0259raml\u0131 kontinqentinin r\u0259hb\u0259ri R\u00fcst\u0259m Muradova absurd m\u00fcraci\u0259t \u00fcnvanlay\u0131blar. Bel\u0259 ki, K\u0259lb\u0259c\u0259r rayonunun Heyval\u0131 k\u0259ndind\u0259 ya\u015f\u0131yan erm\u0259nil\u0259r R\u00fcst\u0259m Muradova\u00a0A\u011fd\u0259r\u0259d\u0259n Erm\u0259nistan\u0131n Vardenis \u015f\u0259h\u0259rin\u0259 t\u0259hl\u00fck\u0259siz h\u0259r\u0259k\u0259t \u00fc\u00e7\u00fcn \u015f\u0259rait yarad\u0131lmas\u0131n\u0131 xahi\u015f edibl\u0259r. Sakinl\u0259r yaz\u0131l\u0131 m\u00fcraci\u0259ti s\u00fclhm\u0259raml\u0131lara t\u0259qdim edibl\u0259r. Politoloq Anar \u018fliyev Baku TV-y\u0259 bildirib ki, Qaraba\u011fda ya\u015fayan erm\u0259nil\u0259rl\u0259 Erm\u0259nistan\u0131n \u0259laq\u0259si h\u0259l\u0259 ki, La\u00e7\u0131n d\u0259hlizi il\u0259 ba\u015f tutacaq: \u201cLa\u00e7\u0131n \u015f\u0259h\u0259ri tam t\u0259hvil verildikd\u0259n sonra yeni bil yol \u00e7\u0259kil\u0259c\u0259k. O yol vasit\u0259sil\u0259 Qaraba\u011fda ya\u015fayan erm\u0259nil\u0259r istifad\u0259 ed\u0259c\u0259kl\u0259r. H\u0259r hans\u0131 ba\u015fqa bir iddialar Az\u0259rbaycan, Rusiya v\u0259 Erm\u0259nistan r\u0259hb\u0259rl\u0259rinin \u00fc\u00e7t\u0259r\u0259fli b\u0259yanat\u0131na ziddir v\u0259&hellip;<\/p>\n","protected":false},"author":2,"featured_media":274867,"comment_status":"closed","ping_status":"closed","sticky":false,"template":"","format":"standard","meta":{"om_disable_all_campaigns":false,"_monsterinsights_skip_tracking":false,"_monsterinsights_sitenote_active":false,"_monsterinsights_sitenote_note":"","_monsterinsights_sitenote_category":0},"categories":[19],"tags":[],"aioseo_notices":[],"gutentor_comment":0,"rttpg_featured_image_url":{"full":["https:\/\/arantv.az\/wp-content\/uploads\/2021\/01\/FotoJet-32.jpg",620,455,false],"landscape":["https:\/\/arantv.az\/wp-content\/uploads\/2021\/01\/FotoJet-32.jpg",620,455,false],"portraits":["https:\/\/arantv.az\/wp-content\/uploads\/2021\/01\/FotoJet-32.jpg",620,455,false],"thumbnail":["https:\/\/arantv.az\/wp-content\/uploads\/2021\/01\/FotoJet-32-150x150.jpg",150,150,true],"medium":["https:\/\/arantv.az\/wp-content\/uploads\/2021\/01\/FotoJet-32-300x220.jpg",300,220,true],"large":["https:\/\/arantv.az\/wp-content\/uploads\/2021\/01\/FotoJet-32.jpg",620,455,false],"1536x1536":["https:\/\/arantv.az\/wp-content\/uploads\/2021\/01\/FotoJet-32.jpg",620,455,false],"2048x2048":["https:\/\/arantv.az\/wp-content\/uploads\/2021\/01\/FotoJet-32.jpg",620,455,false],"post-thumbnail":["https:\/\/arantv.az\/wp-content\/uploads\/2021\/01\/FotoJet-32-240x172.jpg",240,172,true],"advps-thumb-one":["https:\/\/arantv.az\/wp-content\/uploads\/2021\/01\/FotoJet-32.jpg",620,455,false]},"rttpg_author":{"display_name":"V\u00fcsal Rafiqo\u011flu","author_link":"https:\/\/arantv.az\/?author=2"},"rttpg_comment":0,"rttpg_category":"<a href=\"https:\/\/arantv.az\/?cat=19\" rel=\"category\">G\u00fcnd\u0259m<\/a>","rttpg_excerpt":"Erm\u0259nil\u0259r Rusiya M\u00fcdafi\u0259 nazirliyinin Qaraba\u011fdak\u0131 s\u00fclhm\u0259raml\u0131 kontinqentinin r\u0259hb\u0259ri R\u00fcst\u0259m Muradova absurd m\u00fcraci\u0259t \u00fcnvanlay\u0131blar. Bel\u0259 ki, K\u0259lb\u0259c\u0259r rayonunun Heyval\u0131 k\u0259ndind\u0259 ya\u015f\u0131yan erm\u0259nil\u0259r R\u00fcst\u0259m Muradova\u00a0A\u011fd\u0259r\u0259d\u0259n Erm\u0259nistan\u0131n Vardenis \u015f\u0259h\u0259rin\u0259 t\u0259hl\u00fck\u0259siz h\u0259r\u0259k\u0259t \u00fc\u00e7\u00fcn \u015f\u0259rait yarad\u0131lmas\u0131n\u0131 xahi\u015f edibl\u0259r. Sakinl\u0259r yaz\u0131l\u0131 m\u00fcraci\u0259ti s\u00fclhm\u0259raml\u0131lara t\u0259qdim edibl\u0259r. Politoloq Anar \u018fliyev Baku TV-y\u0259 bildirib ki, Qaraba\u011fda ya\u015fayan erm\u0259nil\u0259rl\u0259 Erm\u0259nistan\u0131n \u0259laq\u0259si h\u0259l\u0259 ki, La\u00e7\u0131n d\u0259hlizi&hellip;","_links":{"self":[{"href":"https:\/\/arantv.az\/index.php?rest_route=\/wp\/v2\/posts\/274866"}],"collection":[{"href":"https:\/\/arantv.az\/index.php?rest_route=\/wp\/v2\/posts"}],"about":[{"href":"https:\/\/arantv.az\/index.php?rest_route=\/wp\/v2\/types\/post"}],"author":[{"embeddable":true,"href":"https:\/\/arantv.az\/index.php?rest_route=\/wp\/v2\/users\/2"}],"replies":[{"embeddable":true,"href":"https:\/\/arantv.az\/index.php?rest_route=%2Fwp%2Fv2%2Fcomments&post=274866"}],"version-history":[{"count":0,"href":"https:\/\/arantv.az\/index.php?rest_route=\/wp\/v2\/posts\/274866\/revisions"}],"wp:featuredmedia":[{"embeddable":true,"href":"https:\/\/arantv.az\/index.php?rest_route=\/wp\/v2\/media\/274867"}],"wp:attachment":[{"href":"https:\/\/arantv.az\/index.php?rest_route=%2Fwp%2Fv2%2Fmedia&parent=274866"}],"wp:term":[{"taxonomy":"category","embeddable":true,"href":"https:\/\/arantv.az\/index.php?rest_route=%2Fwp%2Fv2%2Fcategories&post=274866"},{"taxonomy":"post_tag","embeddable":true,"href":"https:\/\/arantv.az\/index.php?rest_route=%2Fwp%2Fv2%2Ftags&post=274866"}],"curies":[{"name":"wp","href":"https:\/\/api.w.org\/{rel}","templated":true}]}}