{"id":274878,"date":"2021-01-19T18:55:56","date_gmt":"2021-01-19T15:55:56","guid":{"rendered":"http:\/\/arantv.az\/?p=274878"},"modified":"2021-01-19T18:55:56","modified_gmt":"2021-01-19T15:55:56","slug":"putin-tramp-v%c9%99-baydenl%c9%99-%c9%99laq%c9%99-saxlamagi-planlasdirmir","status":"publish","type":"post","link":"https:\/\/arantv.az\/?p=274878","title":{"rendered":"Putin Tramp v\u0259 Baydenl\u0259 \u0259laq\u0259 saxlama\u011f\u0131 planla\u015fd\u0131rm\u0131r"},"content":{"rendered":"<p>Rusiya prezidenti Vladimir Putinin AB\u015e-\u0131n haz\u0131rk\u0131 v\u0259 yeni se\u00e7ilmi\u015f prezidentl\u0259ri il\u0259 h\u0259r hans\u0131 bir formada \u0259laq\u0259 saxlamas\u0131 planla\u015fd\u0131r\u0131lm\u0131r.<\/p>\n<p>Bunu Rusiya prezidentinin m\u0259tbuat katibi Dmitri Peskov bildirib.<\/p>\n<div id=\"AdviadNativeVideo0\" class=\"AdviadNativeVideo\"><\/div>\n<p>\u201cH\u0259l\u0259 ki, he\u00e7 bir kontakt planla\u015fd\u0131r\u0131lmay\u0131b. \u018flb\u0259tt\u0259 ki, bunun ba\u015f verm\u0259si m\u00fcmk\u00fcnd\u00fcr. Lakin h\u0259l\u0259lik prezidentin qrafikind\u0259 bu bar\u0259d\u0259 he\u00e7 n\u0259 yoxdur\u201d, &#8211; dey\u0259 D.Peskov jurnalistl\u0259rin suallar\u0131n\u0131 cavabland\u0131rark\u0259n qeyd edib.<\/p>\n<p>M\u0259tbuat katibi \u0259lav\u0259 edib ki, haz\u0131rda AB\u015e-da probleml\u0259r var v\u0259 onlar daha \u00e7ox \u00f6z daxili i\u015fl\u0259ri il\u0259 m\u0259\u015f\u011fuldurlar.<\/p>\n","protected":false},"excerpt":{"rendered":"<p>Rusiya prezidenti Vladimir Putinin AB\u015e-\u0131n haz\u0131rk\u0131 v\u0259 yeni se\u00e7ilmi\u015f prezidentl\u0259ri il\u0259 h\u0259r hans\u0131 bir formada \u0259laq\u0259 saxlamas\u0131 planla\u015fd\u0131r\u0131lm\u0131r. Bunu Rusiya prezidentinin m\u0259tbuat katibi Dmitri Peskov bildirib. \u201cH\u0259l\u0259 ki, he\u00e7 bir kontakt planla\u015fd\u0131r\u0131lmay\u0131b. \u018flb\u0259tt\u0259 ki, bunun ba\u015f verm\u0259si m\u00fcmk\u00fcnd\u00fcr. Lakin h\u0259l\u0259lik prezidentin qrafikind\u0259 bu bar\u0259d\u0259 he\u00e7 n\u0259 yoxdur\u201d, &#8211; dey\u0259 D.Peskov jurnalistl\u0259rin suallar\u0131n\u0131 cavabland\u0131rark\u0259n qeyd edib. M\u0259tbuat katibi \u0259lav\u0259 edib ki, haz\u0131rda AB\u015e-da probleml\u0259r var v\u0259 onlar daha \u00e7ox \u00f6z daxili i\u015fl\u0259ri il\u0259 m\u0259\u015f\u011fuldurlar.<\/p>\n","protected":false},"author":2,"featured_media":12870,"comment_status":"closed","ping_status":"closed","sticky":false,"template":"","format":"standard","meta":{"om_disable_all_campaigns":false,"_monsterinsights_skip_tracking":false,"_monsterinsights_sitenote_active":false,"_monsterinsights_sitenote_note":"","_monsterinsights_sitenote_category":0},"categories":[4],"tags":[],"aioseo_notices":[],"gutentor_comment":0,"rttpg_featured_image_url":{"full":["https:\/\/arantv.az\/wp-content\/uploads\/2018\/09\/putin2.jpg",620,348,false],"landscape":["https:\/\/arantv.az\/wp-content\/uploads\/2018\/09\/putin2.jpg",620,348,false],"portraits":["https:\/\/arantv.az\/wp-content\/uploads\/2018\/09\/putin2.jpg",620,348,false],"thumbnail":["https:\/\/arantv.az\/wp-content\/uploads\/2018\/09\/putin2-150x150.jpg",150,150,true],"medium":["https:\/\/arantv.az\/wp-content\/uploads\/2018\/09\/putin2-300x168.jpg",300,168,true],"large":["https:\/\/arantv.az\/wp-content\/uploads\/2018\/09\/putin2.jpg",620,348,false],"1536x1536":["https:\/\/arantv.az\/wp-content\/uploads\/2018\/09\/putin2.jpg",620,348,false],"2048x2048":["https:\/\/arantv.az\/wp-content\/uploads\/2018\/09\/putin2.jpg",620,348,false],"post-thumbnail":["https:\/\/arantv.az\/wp-content\/uploads\/2018\/09\/putin2-240x172.jpg",240,172,true],"advps-thumb-one":["https:\/\/arantv.az\/wp-content\/uploads\/2018\/09\/putin2.jpg",620,348,false]},"rttpg_author":{"display_name":"V\u00fcsal Rafiqo\u011flu","author_link":"https:\/\/arantv.az\/?author=2"},"rttpg_comment":0,"rttpg_category":"<a href=\"https:\/\/arantv.az\/?cat=4\" rel=\"category\">Siyas\u0259t<\/a>","rttpg_excerpt":"Rusiya prezidenti Vladimir Putinin AB\u015e-\u0131n haz\u0131rk\u0131 v\u0259 yeni se\u00e7ilmi\u015f prezidentl\u0259ri il\u0259 h\u0259r hans\u0131 bir formada \u0259laq\u0259 saxlamas\u0131 planla\u015fd\u0131r\u0131lm\u0131r. Bunu Rusiya prezidentinin m\u0259tbuat katibi Dmitri Peskov bildirib. \u201cH\u0259l\u0259 ki, he\u00e7 bir kontakt planla\u015fd\u0131r\u0131lmay\u0131b. \u018flb\u0259tt\u0259 ki, bunun ba\u015f verm\u0259si m\u00fcmk\u00fcnd\u00fcr. Lakin h\u0259l\u0259lik prezidentin qrafikind\u0259 bu bar\u0259d\u0259 he\u00e7 n\u0259 yoxdur\u201d, &#8211; dey\u0259 D.Peskov jurnalistl\u0259rin suallar\u0131n\u0131 cavabland\u0131rark\u0259n qeyd edib.&hellip;","_links":{"self":[{"href":"https:\/\/arantv.az\/index.php?rest_route=\/wp\/v2\/posts\/274878"}],"collection":[{"href":"https:\/\/arantv.az\/index.php?rest_route=\/wp\/v2\/posts"}],"about":[{"href":"https:\/\/arantv.az\/index.php?rest_route=\/wp\/v2\/types\/post"}],"author":[{"embeddable":true,"href":"https:\/\/arantv.az\/index.php?rest_route=\/wp\/v2\/users\/2"}],"replies":[{"embeddable":true,"href":"https:\/\/arantv.az\/index.php?rest_route=%2Fwp%2Fv2%2Fcomments&post=274878"}],"version-history":[{"count":0,"href":"https:\/\/arantv.az\/index.php?rest_route=\/wp\/v2\/posts\/274878\/revisions"}],"wp:featuredmedia":[{"embeddable":true,"href":"https:\/\/arantv.az\/index.php?rest_route=\/wp\/v2\/media\/12870"}],"wp:attachment":[{"href":"https:\/\/arantv.az\/index.php?rest_route=%2Fwp%2Fv2%2Fmedia&parent=274878"}],"wp:term":[{"taxonomy":"category","embeddable":true,"href":"https:\/\/arantv.az\/index.php?rest_route=%2Fwp%2Fv2%2Fcategories&post=274878"},{"taxonomy":"post_tag","embeddable":true,"href":"https:\/\/arantv.az\/index.php?rest_route=%2Fwp%2Fv2%2Ftags&post=274878"}],"curies":[{"name":"wp","href":"https:\/\/api.w.org\/{rel}","templated":true}]}}