{"id":27488,"date":"2018-12-14T08:24:58","date_gmt":"2018-12-14T05:24:58","guid":{"rendered":"http:\/\/arantv.az\/?p=27488"},"modified":"2018-12-14T08:24:58","modified_gmt":"2018-12-14T05:24:58","slug":"abs-in-az%c9%99rbaycandaki-yeni-s%c9%99firi-t%c9%99sdiql%c9%99ndi","status":"publish","type":"post","link":"https:\/\/arantv.az\/?p=27488","title":{"rendered":"AB\u015e-\u0131n Az\u0259rbaycandak\u0131 yeni s\u0259firi t\u0259sdiql\u0259ndi"},"content":{"rendered":"<p>AB\u015e Senat\u0131 diplomat Erl Litsenberqerin AB\u015e-\u0131n Az\u0259rbaycandak\u0131 s\u0259firi postuna namiz\u0259dliyini t\u0259sdiql\u0259yib.<\/p>\n<p><b>ARANTV.AZ\u00a0<\/b>x\u0259b\u0259r verir ki, bununla ba\u011fl\u0131 \u201cR\u0130A Novosti\u201d agentliyi konqres\u0259 istinad\u0259n m\u0259lumat yay\u0131b.<\/p>\n<p>\u201cSenat bu g\u00fcn AB\u015e prezidenti Donald Tramp t\u0259r\u0259find\u0259n Az\u0259rbaycandak\u0131 s\u0259fir postuna namiz\u0259d g\u00f6st\u0259ril\u0259n Erl Litsenberqeri t\u0259sdiq edib\u201d, &#8211; m\u0259lumatda bildirilib.<\/p>\n<div id=\"AdributorNativeVideo0\" class=\"AdributorNativeVideo\"><\/div>\n<p>Litsenberqer bundan \u0259vv\u0259l AB\u015e-\u0131n Serbiya v\u0259 Q\u0131r\u011f\u0131z\u0131standak\u0131 s\u0259firi, el\u0259c\u0259 d\u0259, NATO-da AB\u015e missiyas\u0131n\u0131n r\u0259hb\u0259ri olub.oxu.az<\/p>\n","protected":false},"excerpt":{"rendered":"<p>AB\u015e Senat\u0131 diplomat Erl Litsenberqerin AB\u015e-\u0131n Az\u0259rbaycandak\u0131 s\u0259firi postuna namiz\u0259dliyini t\u0259sdiql\u0259yib. ARANTV.AZ\u00a0x\u0259b\u0259r verir ki, bununla ba\u011fl\u0131 \u201cR\u0130A Novosti\u201d agentliyi konqres\u0259 istinad\u0259n m\u0259lumat yay\u0131b. \u201cSenat bu g\u00fcn AB\u015e prezidenti Donald Tramp t\u0259r\u0259find\u0259n Az\u0259rbaycandak\u0131 s\u0259fir postuna namiz\u0259d g\u00f6st\u0259ril\u0259n Erl Litsenberqeri t\u0259sdiq edib\u201d, &#8211; m\u0259lumatda bildirilib. Litsenberqer bundan \u0259vv\u0259l AB\u015e-\u0131n Serbiya v\u0259 Q\u0131r\u011f\u0131z\u0131standak\u0131 s\u0259firi, el\u0259c\u0259 d\u0259, NATO-da AB\u015e missiyas\u0131n\u0131n r\u0259hb\u0259ri olub.oxu.az<\/p>\n","protected":false},"author":2,"featured_media":27489,"comment_status":"closed","ping_status":"closed","sticky":false,"template":"","format":"standard","meta":{"om_disable_all_campaigns":false,"_monsterinsights_skip_tracking":false,"_monsterinsights_sitenote_active":false,"_monsterinsights_sitenote_note":"","_monsterinsights_sitenote_category":0},"categories":[4],"tags":[],"aioseo_notices":[],"gutentor_comment":0,"rttpg_featured_image_url":{"full":["https:\/\/arantv.az\/wp-content\/uploads\/2018\/12\/Clipboard01-2.jpg",620,422,false],"landscape":["https:\/\/arantv.az\/wp-content\/uploads\/2018\/12\/Clipboard01-2.jpg",620,422,false],"portraits":["https:\/\/arantv.az\/wp-content\/uploads\/2018\/12\/Clipboard01-2.jpg",620,422,false],"thumbnail":["https:\/\/arantv.az\/wp-content\/uploads\/2018\/12\/Clipboard01-2-150x150.jpg",150,150,true],"medium":["https:\/\/arantv.az\/wp-content\/uploads\/2018\/12\/Clipboard01-2-300x204.jpg",300,204,true],"large":["https:\/\/arantv.az\/wp-content\/uploads\/2018\/12\/Clipboard01-2.jpg",620,422,false],"1536x1536":["https:\/\/arantv.az\/wp-content\/uploads\/2018\/12\/Clipboard01-2.jpg",620,422,false],"2048x2048":["https:\/\/arantv.az\/wp-content\/uploads\/2018\/12\/Clipboard01-2.jpg",620,422,false],"post-thumbnail":["https:\/\/arantv.az\/wp-content\/uploads\/2018\/12\/Clipboard01-2-240x172.jpg",240,172,true],"advps-thumb-one":["https:\/\/arantv.az\/wp-content\/uploads\/2018\/12\/Clipboard01-2.jpg",620,422,false]},"rttpg_author":{"display_name":"V\u00fcsal Rafiqo\u011flu","author_link":"https:\/\/arantv.az\/?author=2"},"rttpg_comment":0,"rttpg_category":"<a href=\"https:\/\/arantv.az\/?cat=4\" rel=\"category\">Siyas\u0259t<\/a>","rttpg_excerpt":"AB\u015e Senat\u0131 diplomat Erl Litsenberqerin AB\u015e-\u0131n Az\u0259rbaycandak\u0131 s\u0259firi postuna namiz\u0259dliyini t\u0259sdiql\u0259yib. ARANTV.AZ\u00a0x\u0259b\u0259r verir ki, bununla ba\u011fl\u0131 \u201cR\u0130A Novosti\u201d agentliyi konqres\u0259 istinad\u0259n m\u0259lumat yay\u0131b. \u201cSenat bu g\u00fcn AB\u015e prezidenti Donald Tramp t\u0259r\u0259find\u0259n Az\u0259rbaycandak\u0131 s\u0259fir postuna namiz\u0259d g\u00f6st\u0259ril\u0259n Erl Litsenberqeri t\u0259sdiq edib\u201d, &#8211; m\u0259lumatda bildirilib. Litsenberqer bundan \u0259vv\u0259l AB\u015e-\u0131n Serbiya v\u0259 Q\u0131r\u011f\u0131z\u0131standak\u0131 s\u0259firi, el\u0259c\u0259 d\u0259, NATO-da AB\u015e&hellip;","_links":{"self":[{"href":"https:\/\/arantv.az\/index.php?rest_route=\/wp\/v2\/posts\/27488"}],"collection":[{"href":"https:\/\/arantv.az\/index.php?rest_route=\/wp\/v2\/posts"}],"about":[{"href":"https:\/\/arantv.az\/index.php?rest_route=\/wp\/v2\/types\/post"}],"author":[{"embeddable":true,"href":"https:\/\/arantv.az\/index.php?rest_route=\/wp\/v2\/users\/2"}],"replies":[{"embeddable":true,"href":"https:\/\/arantv.az\/index.php?rest_route=%2Fwp%2Fv2%2Fcomments&post=27488"}],"version-history":[{"count":0,"href":"https:\/\/arantv.az\/index.php?rest_route=\/wp\/v2\/posts\/27488\/revisions"}],"wp:featuredmedia":[{"embeddable":true,"href":"https:\/\/arantv.az\/index.php?rest_route=\/wp\/v2\/media\/27489"}],"wp:attachment":[{"href":"https:\/\/arantv.az\/index.php?rest_route=%2Fwp%2Fv2%2Fmedia&parent=27488"}],"wp:term":[{"taxonomy":"category","embeddable":true,"href":"https:\/\/arantv.az\/index.php?rest_route=%2Fwp%2Fv2%2Fcategories&post=27488"},{"taxonomy":"post_tag","embeddable":true,"href":"https:\/\/arantv.az\/index.php?rest_route=%2Fwp%2Fv2%2Ftags&post=27488"}],"curies":[{"name":"wp","href":"https:\/\/api.w.org\/{rel}","templated":true}]}}