{"id":274901,"date":"2021-01-19T19:01:53","date_gmt":"2021-01-19T16:01:53","guid":{"rendered":"http:\/\/arantv.az\/?p=274901"},"modified":"2021-01-19T19:01:53","modified_gmt":"2021-01-19T16:01:53","slug":"v%c9%99t%c9%99n-muharib%c9%99sind%c9%99-bas-leytenant-olan-jurnalist-mukafatlandirildi-foto","status":"publish","type":"post","link":"https:\/\/arantv.az\/?p=274901","title":{"rendered":"V\u0259t\u0259n m\u00fcharib\u0259sind\u0259 ba\u015f leytenant olan jurnalist m\u00fckafatland\u0131r\u0131ld\u0131 &#8211; FOTO"},"content":{"rendered":"<p>Yanvar\u0131n 19-da Az\u0259rbaycan \u0130dman Jurnalistl\u0259ri Federasiyas\u0131nda (A\u0130JF) V\u0259t\u0259n m\u00fcharib\u0259sinin i\u015ftirak\u00e7\u0131s\u0131, idman jurnalisti Mahal M\u0259mm\u0259dovla g\u00f6r\u00fc\u015f ke\u00e7irilib.<\/p>\n<p>Mahal M\u0259mm\u0259dovu \u0130dar\u0259 Hey\u0259ti ad\u0131ndan salamlayan A\u0130JF prezidenti Qabil Mehdiyev bildirib ki, V\u0259t\u0259n m\u00fcharib\u0259sind\u0259 \u00fcmumilikd\u0259 be\u015f idman jurnalistimiz i\u015ftirak edib v\u0259 onlar\u0131n h\u0259r biri idman mediam\u0131z\u0131n f\u0259xridir. A\u0130JF prezidenti torpaqlar\u0131m\u0131z\u0131n azad edilm\u0259si yolunda canlar\u0131ndan ke\u00e7mi\u015f \u015f\u0259hidl\u0259rimizin \u0259ziz xatir\u0259sinin h\u0259r zaman h\u00f6rm\u0259tl\u0259 an\u0131laca\u011f\u0131n\u0131 qeyd edib.<\/p>\n<p>G\u00f6r\u00fc\u015fd\u0259 A\u0130JF-nin vitse-prezidentl\u0259ri Firuz Abdulla, Mahir R\u00fcst\u0259mli, \u0130dar\u0259 Hey\u0259tinin \u00fczv\u00fc El\u015f\u0259n M\u0259mm\u0259dov \u00e7\u0131x\u0131\u015f ed\u0259r\u0259k V\u0259t\u0259n m\u00fcharib\u0259sind\u0259 idman jurnalistl\u0259rimizin d\u0259 b\u00f6y\u00fck \u015f\u00fcca\u0259t g\u00f6st\u0259rdikl\u0259rini qeyd edibl\u0259r v\u0259 Mahal M\u0259mm\u0259dova bundan sonrak\u0131 f\u0259aliyy\u0259tind\u0259 u\u011furlar arzulay\u0131blar.<\/p>\n<div id=\"AdviadNativeVideo0\" class=\"AdviadNativeVideo\"><\/div>\n<p><img src=\"https:\/\/cdn.oxu.az\/uploads\/W1siZiIsIjIwMjEvMDEvMTkvMTcvNTAvMDEvMjhiNWRiOWItZDAxNS00NzQ3LTg5MDMtYzNiMGJjNjc5ZThmLzEzOTg0ODI5MF8yNTA0MDk2OTY0OTg2NjNfMjQ4NTgzMjk3NDg5MDQzNTc0OF9vLmpwZyJdLFsicCIsImVuY29kZSIsImpwZyIsIi1xdWFsaXR5IDgwIl0sWyJwIiwidGh1bWIiLCI1OTB4NTkwXHUwMDNlIl1d?sha=dd08a72436e0f6eb\" alt=\"\" \/><\/p>\n<p>S\u0259mimi g\u00f6r\u00fc\u015f\u0259 g\u00f6r\u0259, federasiya r\u0259hb\u0259rliyin\u0259 t\u0259\u015f\u0259kk\u00fcr\u00fcn\u00fc bildir\u0259n Mahal M\u0259mm\u0259dov m\u00fcz\u0259ff\u0259r Az\u0259rbaycan Ordusunun s\u0131ralar\u0131nda d\u00f6y\u00fc\u015fm\u0259kd\u0259n \u015f\u0259r\u0259f duydu\u011funu bildirib, q\u0259l\u0259b\u0259y\u0259 aparan d\u00f6y\u00fc\u015f yolundan b\u0259hs edib, xatir\u0259l\u0259rini b\u00f6l\u00fc\u015f\u00fcb.<\/p>\n<p>G\u00f6r\u00fc\u015fd\u0259 Mahal M\u0259mm\u0259dova A\u0130JF-nin \u201c\u0130dman medias\u0131n\u0131n f\u0259xri\u201d m\u00fckafat\u0131 v\u0259 xatir\u0259 h\u0259diyy\u0259l\u0259ri t\u0259qdim edilib.<\/p>\n<p><img src=\"https:\/\/cdn.oxu.az\/uploads\/W1siZiIsIjIwMjEvMDEvMTkvMTcvNTAvMDQvN2NmYjEzNmMtZTUzNC00MDk0LTg3MmYtMWI1MTJiOWI4MTM1LzEzOTg0ODI5MF8yNTA0MDk3MjY0OTg2NjBfNzcxNTA0NjYxOTQwMjMzMjkzNV9vLmpwZyJdLFsicCIsImVuY29kZSIsImpwZyIsIi1xdWFsaXR5IDgwIl0sWyJwIiwidGh1bWIiLCI1OTB4NTkwXHUwMDNlIl1d?sha=c6be1a658635cbbd\" alt=\"\" \/><\/p>\n<p>Qeyd ed\u0259k ki, torpaqlar\u0131m\u0131z\u0131n d\u00fc\u015fm\u0259n tapda\u011f\u0131ndan azad olunmas\u0131nda i\u015ftirak etmi\u015f idman jurnalistl\u0259ri il\u0259 sayca \u00fc\u00e7\u00fcnc\u00fc g\u00f6r\u00fc\u015fd\u00fcr. Bundan \u0259vv\u0259l dekabr\u0131n 30-da qazi Da\u015fq\u0131n \u018fzizl\u0259, yanvar\u0131n 9-da is\u0259 Anar Miriyev, S\u00fcleyman V\u0259liyev v\u0259 Mehman \u018f\u015fr\u0259fovla g\u00f6r\u00fc\u015f ke\u00e7irilib.<\/p>\n","protected":false},"excerpt":{"rendered":"<p>Yanvar\u0131n 19-da Az\u0259rbaycan \u0130dman Jurnalistl\u0259ri Federasiyas\u0131nda (A\u0130JF) V\u0259t\u0259n m\u00fcharib\u0259sinin i\u015ftirak\u00e7\u0131s\u0131, idman jurnalisti Mahal M\u0259mm\u0259dovla g\u00f6r\u00fc\u015f ke\u00e7irilib. Mahal M\u0259mm\u0259dovu \u0130dar\u0259 Hey\u0259ti ad\u0131ndan salamlayan A\u0130JF prezidenti Qabil Mehdiyev bildirib ki, V\u0259t\u0259n m\u00fcharib\u0259sind\u0259 \u00fcmumilikd\u0259 be\u015f idman jurnalistimiz i\u015ftirak edib v\u0259 onlar\u0131n h\u0259r biri idman mediam\u0131z\u0131n f\u0259xridir. A\u0130JF prezidenti torpaqlar\u0131m\u0131z\u0131n azad edilm\u0259si yolunda canlar\u0131ndan ke\u00e7mi\u015f \u015f\u0259hidl\u0259rimizin \u0259ziz xatir\u0259sinin h\u0259r zaman h\u00f6rm\u0259tl\u0259 an\u0131laca\u011f\u0131n\u0131 qeyd edib. G\u00f6r\u00fc\u015fd\u0259 A\u0130JF-nin vitse-prezidentl\u0259ri Firuz Abdulla, Mahir R\u00fcst\u0259mli, \u0130dar\u0259 Hey\u0259tinin \u00fczv\u00fc El\u015f\u0259n M\u0259mm\u0259dov \u00e7\u0131x\u0131\u015f ed\u0259r\u0259k V\u0259t\u0259n m\u00fcharib\u0259sind\u0259 idman jurnalistl\u0259rimizin d\u0259 b\u00f6y\u00fck \u015f\u00fcca\u0259t g\u00f6st\u0259rdikl\u0259rini qeyd edibl\u0259r v\u0259 Mahal M\u0259mm\u0259dova bundan sonrak\u0131 f\u0259aliyy\u0259tind\u0259&hellip;<\/p>\n","protected":false},"author":2,"featured_media":274902,"comment_status":"closed","ping_status":"closed","sticky":false,"template":"","format":"standard","meta":{"om_disable_all_campaigns":false,"_monsterinsights_skip_tracking":false,"_monsterinsights_sitenote_active":false,"_monsterinsights_sitenote_note":"","_monsterinsights_sitenote_category":0},"categories":[6],"tags":[],"aioseo_notices":[],"gutentor_comment":0,"rttpg_featured_image_url":{"full":["https:\/\/arantv.az\/wp-content\/uploads\/2021\/01\/139848290_250409726498660_7715046619402332935_o.jpg",620,455,false],"landscape":["https:\/\/arantv.az\/wp-content\/uploads\/2021\/01\/139848290_250409726498660_7715046619402332935_o.jpg",620,455,false],"portraits":["https:\/\/arantv.az\/wp-content\/uploads\/2021\/01\/139848290_250409726498660_7715046619402332935_o.jpg",620,455,false],"thumbnail":["https:\/\/arantv.az\/wp-content\/uploads\/2021\/01\/139848290_250409726498660_7715046619402332935_o-150x150.jpg",150,150,true],"medium":["https:\/\/arantv.az\/wp-content\/uploads\/2021\/01\/139848290_250409726498660_7715046619402332935_o-300x220.jpg",300,220,true],"large":["https:\/\/arantv.az\/wp-content\/uploads\/2021\/01\/139848290_250409726498660_7715046619402332935_o.jpg",620,455,false],"1536x1536":["https:\/\/arantv.az\/wp-content\/uploads\/2021\/01\/139848290_250409726498660_7715046619402332935_o.jpg",620,455,false],"2048x2048":["https:\/\/arantv.az\/wp-content\/uploads\/2021\/01\/139848290_250409726498660_7715046619402332935_o.jpg",620,455,false],"post-thumbnail":["https:\/\/arantv.az\/wp-content\/uploads\/2021\/01\/139848290_250409726498660_7715046619402332935_o-240x172.jpg",240,172,true],"advps-thumb-one":["https:\/\/arantv.az\/wp-content\/uploads\/2021\/01\/139848290_250409726498660_7715046619402332935_o.jpg",620,455,false]},"rttpg_author":{"display_name":"V\u00fcsal Rafiqo\u011flu","author_link":"https:\/\/arantv.az\/?author=2"},"rttpg_comment":0,"rttpg_category":"<a href=\"https:\/\/arantv.az\/?cat=6\" rel=\"category\">\u0130dman<\/a>","rttpg_excerpt":"Yanvar\u0131n 19-da Az\u0259rbaycan \u0130dman Jurnalistl\u0259ri Federasiyas\u0131nda (A\u0130JF) V\u0259t\u0259n m\u00fcharib\u0259sinin i\u015ftirak\u00e7\u0131s\u0131, idman jurnalisti Mahal M\u0259mm\u0259dovla g\u00f6r\u00fc\u015f ke\u00e7irilib. Mahal M\u0259mm\u0259dovu \u0130dar\u0259 Hey\u0259ti ad\u0131ndan salamlayan A\u0130JF prezidenti Qabil Mehdiyev bildirib ki, V\u0259t\u0259n m\u00fcharib\u0259sind\u0259 \u00fcmumilikd\u0259 be\u015f idman jurnalistimiz i\u015ftirak edib v\u0259 onlar\u0131n h\u0259r biri idman mediam\u0131z\u0131n f\u0259xridir. A\u0130JF prezidenti torpaqlar\u0131m\u0131z\u0131n azad edilm\u0259si yolunda canlar\u0131ndan ke\u00e7mi\u015f \u015f\u0259hidl\u0259rimizin \u0259ziz xatir\u0259sinin h\u0259r&hellip;","_links":{"self":[{"href":"https:\/\/arantv.az\/index.php?rest_route=\/wp\/v2\/posts\/274901"}],"collection":[{"href":"https:\/\/arantv.az\/index.php?rest_route=\/wp\/v2\/posts"}],"about":[{"href":"https:\/\/arantv.az\/index.php?rest_route=\/wp\/v2\/types\/post"}],"author":[{"embeddable":true,"href":"https:\/\/arantv.az\/index.php?rest_route=\/wp\/v2\/users\/2"}],"replies":[{"embeddable":true,"href":"https:\/\/arantv.az\/index.php?rest_route=%2Fwp%2Fv2%2Fcomments&post=274901"}],"version-history":[{"count":0,"href":"https:\/\/arantv.az\/index.php?rest_route=\/wp\/v2\/posts\/274901\/revisions"}],"wp:featuredmedia":[{"embeddable":true,"href":"https:\/\/arantv.az\/index.php?rest_route=\/wp\/v2\/media\/274902"}],"wp:attachment":[{"href":"https:\/\/arantv.az\/index.php?rest_route=%2Fwp%2Fv2%2Fmedia&parent=274901"}],"wp:term":[{"taxonomy":"category","embeddable":true,"href":"https:\/\/arantv.az\/index.php?rest_route=%2Fwp%2Fv2%2Fcategories&post=274901"},{"taxonomy":"post_tag","embeddable":true,"href":"https:\/\/arantv.az\/index.php?rest_route=%2Fwp%2Fv2%2Ftags&post=274901"}],"curies":[{"name":"wp","href":"https:\/\/api.w.org\/{rel}","templated":true}]}}