{"id":27509,"date":"2018-12-14T08:46:22","date_gmt":"2018-12-14T05:46:22","guid":{"rendered":"http:\/\/arantv.az\/?p=27509"},"modified":"2018-12-14T08:46:22","modified_gmt":"2018-12-14T05:46:22","slug":"ankarada-guclu-qar-v%c9%99-buz-s%c9%99b%c9%99bind%c9%99n-m%c9%99kt%c9%99bl%c9%99r-ucun-t%c9%99til-elan-edilib","status":"publish","type":"post","link":"https:\/\/arantv.az\/?p=27509","title":{"rendered":"Ankarada g\u00fccl\u00fc qar v\u0259 buz s\u0259b\u0259bind\u0259n m\u0259kt\u0259bl\u0259r \u00fc\u00e7\u00fcn t\u0259til elan edilib"},"content":{"rendered":"<p>T\u00fcrkiy\u0259nin paytaxt\u0131 Ankarada g\u00fccl\u00fc qar v\u0259 buz s\u0259b\u0259bind\u0259n m\u0259kt\u0259bl\u0259r \u00fc\u00e7\u00fcn t\u0259til elan edilib. <strong>ARANTV.AZ<\/strong> trend-\u0259 istinad\u0259n bildirir ki, bu g\u00fcn Ankara vilay\u0259tind\u0259ki b\u00fct\u00fcn orta m\u0259kt\u0259bl\u0259r \u00fc\u00e7\u00fcn t\u0259til elan olunub.<\/p>\n<p>Buna s\u0259b\u0259b iki g\u00fcnd\u00fcr davam ed\u0259n qar\u0131n g\u00fccl\u0259nm\u0259si, yollar\u0131n buz ba\u011flamas\u0131d\u0131r.<\/p>\n<div id=\"AdributorNativeVideo0\" class=\"AdributorNativeVideo\"><\/div>\n<p>D\u0259rsl\u0259rin bazar ert\u0259si g\u00fcn\u00fcnd\u0259n ba\u015flayaca\u011f\u0131 b\u0259yan edilib.<\/p>\n","protected":false},"excerpt":{"rendered":"<p>T\u00fcrkiy\u0259nin paytaxt\u0131 Ankarada g\u00fccl\u00fc qar v\u0259 buz s\u0259b\u0259bind\u0259n m\u0259kt\u0259bl\u0259r \u00fc\u00e7\u00fcn t\u0259til elan edilib. ARANTV.AZ trend-\u0259 istinad\u0259n bildirir ki, bu g\u00fcn Ankara vilay\u0259tind\u0259ki b\u00fct\u00fcn orta m\u0259kt\u0259bl\u0259r \u00fc\u00e7\u00fcn t\u0259til elan olunub. Buna s\u0259b\u0259b iki g\u00fcnd\u00fcr davam ed\u0259n qar\u0131n g\u00fccl\u0259nm\u0259si, yollar\u0131n buz ba\u011flamas\u0131d\u0131r. D\u0259rsl\u0259rin bazar ert\u0259si g\u00fcn\u00fcnd\u0259n ba\u015flayaca\u011f\u0131 b\u0259yan edilib.<\/p>\n","protected":false},"author":2,"featured_media":27510,"comment_status":"closed","ping_status":"closed","sticky":false,"template":"","format":"standard","meta":{"om_disable_all_campaigns":false,"_monsterinsights_skip_tracking":false,"_monsterinsights_sitenote_active":false,"_monsterinsights_sitenote_note":"","_monsterinsights_sitenote_category":0},"categories":[7],"tags":[],"aioseo_notices":[],"gutentor_comment":0,"rttpg_featured_image_url":{"full":["https:\/\/arantv.az\/wp-content\/uploads\/2018\/12\/712399.jpg",1200,900,false],"landscape":["https:\/\/arantv.az\/wp-content\/uploads\/2018\/12\/712399.jpg",1200,900,false],"portraits":["https:\/\/arantv.az\/wp-content\/uploads\/2018\/12\/712399.jpg",1200,900,false],"thumbnail":["https:\/\/arantv.az\/wp-content\/uploads\/2018\/12\/712399-150x150.jpg",150,150,true],"medium":["https:\/\/arantv.az\/wp-content\/uploads\/2018\/12\/712399-300x225.jpg",300,225,true],"large":["https:\/\/arantv.az\/wp-content\/uploads\/2018\/12\/712399-1024x768.jpg",640,480,true],"1536x1536":["https:\/\/arantv.az\/wp-content\/uploads\/2018\/12\/712399.jpg",1200,900,false],"2048x2048":["https:\/\/arantv.az\/wp-content\/uploads\/2018\/12\/712399.jpg",1200,900,false],"post-thumbnail":["https:\/\/arantv.az\/wp-content\/uploads\/2018\/12\/712399-240x172.jpg",240,172,true],"advps-thumb-one":["https:\/\/arantv.az\/wp-content\/uploads\/2018\/12\/712399-1200x620.jpg",1200,620,true]},"rttpg_author":{"display_name":"V\u00fcsal Rafiqo\u011flu","author_link":"https:\/\/arantv.az\/?author=2"},"rttpg_comment":0,"rttpg_category":"<a href=\"https:\/\/arantv.az\/?cat=7\" rel=\"category\">D\u00fcnya<\/a>","rttpg_excerpt":"T\u00fcrkiy\u0259nin paytaxt\u0131 Ankarada g\u00fccl\u00fc qar v\u0259 buz s\u0259b\u0259bind\u0259n m\u0259kt\u0259bl\u0259r \u00fc\u00e7\u00fcn t\u0259til elan edilib. ARANTV.AZ trend-\u0259 istinad\u0259n bildirir ki, bu g\u00fcn Ankara vilay\u0259tind\u0259ki b\u00fct\u00fcn orta m\u0259kt\u0259bl\u0259r \u00fc\u00e7\u00fcn t\u0259til elan olunub. Buna s\u0259b\u0259b iki g\u00fcnd\u00fcr davam ed\u0259n qar\u0131n g\u00fccl\u0259nm\u0259si, yollar\u0131n buz ba\u011flamas\u0131d\u0131r. D\u0259rsl\u0259rin bazar ert\u0259si g\u00fcn\u00fcnd\u0259n ba\u015flayaca\u011f\u0131 b\u0259yan edilib.","_links":{"self":[{"href":"https:\/\/arantv.az\/index.php?rest_route=\/wp\/v2\/posts\/27509"}],"collection":[{"href":"https:\/\/arantv.az\/index.php?rest_route=\/wp\/v2\/posts"}],"about":[{"href":"https:\/\/arantv.az\/index.php?rest_route=\/wp\/v2\/types\/post"}],"author":[{"embeddable":true,"href":"https:\/\/arantv.az\/index.php?rest_route=\/wp\/v2\/users\/2"}],"replies":[{"embeddable":true,"href":"https:\/\/arantv.az\/index.php?rest_route=%2Fwp%2Fv2%2Fcomments&post=27509"}],"version-history":[{"count":0,"href":"https:\/\/arantv.az\/index.php?rest_route=\/wp\/v2\/posts\/27509\/revisions"}],"wp:featuredmedia":[{"embeddable":true,"href":"https:\/\/arantv.az\/index.php?rest_route=\/wp\/v2\/media\/27510"}],"wp:attachment":[{"href":"https:\/\/arantv.az\/index.php?rest_route=%2Fwp%2Fv2%2Fmedia&parent=27509"}],"wp:term":[{"taxonomy":"category","embeddable":true,"href":"https:\/\/arantv.az\/index.php?rest_route=%2Fwp%2Fv2%2Fcategories&post=27509"},{"taxonomy":"post_tag","embeddable":true,"href":"https:\/\/arantv.az\/index.php?rest_route=%2Fwp%2Fv2%2Ftags&post=27509"}],"curies":[{"name":"wp","href":"https:\/\/api.w.org\/{rel}","templated":true}]}}