{"id":27512,"date":"2018-12-14T08:47:49","date_gmt":"2018-12-14T05:47:49","guid":{"rendered":"http:\/\/arantv.az\/?p=27512"},"modified":"2018-12-14T08:47:49","modified_gmt":"2018-12-14T05:47:49","slug":"x%c9%99l%c9%99f-x%c9%99l%c9%99fova-yuks%c9%99k-v%c9%99zif%c9%99-verildi","status":"publish","type":"post","link":"https:\/\/arantv.az\/?p=27512","title":{"rendered":"X\u0259l\u0259f X\u0259l\u0259fova y\u00fcks\u0259k v\u0259zif\u0259 verildi"},"content":{"rendered":"<p>Bu g\u00fcn xarici i\u015fl\u0259r nazirinin m\u00fcavini v\u0259zif\u0259sind\u0259n azad edil\u0259n X\u0259l\u0259f X\u0259l\u0259fov yeni v\u0259zif\u0259y\u0259 t\u0259yinat al\u0131b.<\/p>\n<div id=\"AdributorNativeVideo0\" class=\"AdributorNativeVideo\"><\/div>\n<p><b>ARANTV.AZ\u00a0<\/b>azxeber.com-a istinad\u0259n x\u0259b\u0259r verir ki, X\u0259l\u0259f X\u0259l\u0259fov Nazirl\u0259r Kabinetind\u0259 Aparat r\u0259hb\u0259ri v\u0259zif\u0259sin\u0259 apar\u0131l\u0131b.<\/p>\n<p>Ba\u015f Nazir Novruz M\u0259mm\u0259dovun bu g\u00fcn imzalad\u0131\u011f\u0131 s\u0259r\u0259ncamla X\u0259l\u0259f Al\u0131 o\u011flu X\u0259l\u0259fov Az\u0259rbaycan Respublikas\u0131 Nazirl\u0259r Kabineti Aparat\u0131n\u0131n r\u0259hb\u0259ri v\u0259zif\u0259sin\u0259 t\u0259yin edilib.<\/p>\n<p>Qeyd ed\u0259k ki, X.X\u0259l\u0259fov bu g\u00fcn Az\u0259rbaycan Respublikas\u0131 xarici i\u015fl\u0259r nazirinin m\u00fcavini v\u0259zif\u0259sind\u0259n azad edilib.<\/p>\n","protected":false},"excerpt":{"rendered":"<p>Bu g\u00fcn xarici i\u015fl\u0259r nazirinin m\u00fcavini v\u0259zif\u0259sind\u0259n azad edil\u0259n X\u0259l\u0259f X\u0259l\u0259fov yeni v\u0259zif\u0259y\u0259 t\u0259yinat al\u0131b. ARANTV.AZ\u00a0azxeber.com-a istinad\u0259n x\u0259b\u0259r verir ki, X\u0259l\u0259f X\u0259l\u0259fov Nazirl\u0259r Kabinetind\u0259 Aparat r\u0259hb\u0259ri v\u0259zif\u0259sin\u0259 apar\u0131l\u0131b. Ba\u015f Nazir Novruz M\u0259mm\u0259dovun bu g\u00fcn imzalad\u0131\u011f\u0131 s\u0259r\u0259ncamla X\u0259l\u0259f Al\u0131 o\u011flu X\u0259l\u0259fov Az\u0259rbaycan Respublikas\u0131 Nazirl\u0259r Kabineti Aparat\u0131n\u0131n r\u0259hb\u0259ri v\u0259zif\u0259sin\u0259 t\u0259yin edilib. Qeyd ed\u0259k ki, X.X\u0259l\u0259fov bu g\u00fcn Az\u0259rbaycan Respublikas\u0131 xarici i\u015fl\u0259r nazirinin m\u00fcavini v\u0259zif\u0259sind\u0259n azad edilib.<\/p>\n","protected":false},"author":2,"featured_media":27513,"comment_status":"closed","ping_status":"closed","sticky":false,"template":"","format":"standard","meta":{"om_disable_all_campaigns":false,"_monsterinsights_skip_tracking":false,"_monsterinsights_sitenote_active":false,"_monsterinsights_sitenote_note":"","_monsterinsights_sitenote_category":0},"categories":[1],"tags":[],"aioseo_notices":[],"gutentor_comment":0,"rttpg_featured_image_url":{"full":["https:\/\/arantv.az\/wp-content\/uploads\/2018\/12\/152324B1-7ABB-4B40-A4B8-2B6CE584CAEA.jpe.jpg",649,431,false],"landscape":["https:\/\/arantv.az\/wp-content\/uploads\/2018\/12\/152324B1-7ABB-4B40-A4B8-2B6CE584CAEA.jpe.jpg",649,431,false],"portraits":["https:\/\/arantv.az\/wp-content\/uploads\/2018\/12\/152324B1-7ABB-4B40-A4B8-2B6CE584CAEA.jpe.jpg",649,431,false],"thumbnail":["https:\/\/arantv.az\/wp-content\/uploads\/2018\/12\/152324B1-7ABB-4B40-A4B8-2B6CE584CAEA.jpe-150x150.jpg",150,150,true],"medium":["https:\/\/arantv.az\/wp-content\/uploads\/2018\/12\/152324B1-7ABB-4B40-A4B8-2B6CE584CAEA.jpe-300x199.jpg",300,199,true],"large":["https:\/\/arantv.az\/wp-content\/uploads\/2018\/12\/152324B1-7ABB-4B40-A4B8-2B6CE584CAEA.jpe.jpg",640,425,false],"1536x1536":["https:\/\/arantv.az\/wp-content\/uploads\/2018\/12\/152324B1-7ABB-4B40-A4B8-2B6CE584CAEA.jpe.jpg",649,431,false],"2048x2048":["https:\/\/arantv.az\/wp-content\/uploads\/2018\/12\/152324B1-7ABB-4B40-A4B8-2B6CE584CAEA.jpe.jpg",649,431,false],"post-thumbnail":["https:\/\/arantv.az\/wp-content\/uploads\/2018\/12\/152324B1-7ABB-4B40-A4B8-2B6CE584CAEA.jpe-240x172.jpg",240,172,true],"advps-thumb-one":["https:\/\/arantv.az\/wp-content\/uploads\/2018\/12\/152324B1-7ABB-4B40-A4B8-2B6CE584CAEA.jpe.jpg",649,431,false]},"rttpg_author":{"display_name":"V\u00fcsal Rafiqo\u011flu","author_link":"https:\/\/arantv.az\/?author=2"},"rttpg_comment":0,"rttpg_category":"<a href=\"https:\/\/arantv.az\/?cat=1\" rel=\"category\">C\u0259miyy\u0259t<\/a>","rttpg_excerpt":"Bu g\u00fcn xarici i\u015fl\u0259r nazirinin m\u00fcavini v\u0259zif\u0259sind\u0259n azad edil\u0259n X\u0259l\u0259f X\u0259l\u0259fov yeni v\u0259zif\u0259y\u0259 t\u0259yinat al\u0131b. ARANTV.AZ\u00a0azxeber.com-a istinad\u0259n x\u0259b\u0259r verir ki, X\u0259l\u0259f X\u0259l\u0259fov Nazirl\u0259r Kabinetind\u0259 Aparat r\u0259hb\u0259ri v\u0259zif\u0259sin\u0259 apar\u0131l\u0131b. Ba\u015f Nazir Novruz M\u0259mm\u0259dovun bu g\u00fcn imzalad\u0131\u011f\u0131 s\u0259r\u0259ncamla X\u0259l\u0259f Al\u0131 o\u011flu X\u0259l\u0259fov Az\u0259rbaycan Respublikas\u0131 Nazirl\u0259r Kabineti Aparat\u0131n\u0131n r\u0259hb\u0259ri v\u0259zif\u0259sin\u0259 t\u0259yin edilib. Qeyd ed\u0259k ki, X.X\u0259l\u0259fov bu g\u00fcn&hellip;","_links":{"self":[{"href":"https:\/\/arantv.az\/index.php?rest_route=\/wp\/v2\/posts\/27512"}],"collection":[{"href":"https:\/\/arantv.az\/index.php?rest_route=\/wp\/v2\/posts"}],"about":[{"href":"https:\/\/arantv.az\/index.php?rest_route=\/wp\/v2\/types\/post"}],"author":[{"embeddable":true,"href":"https:\/\/arantv.az\/index.php?rest_route=\/wp\/v2\/users\/2"}],"replies":[{"embeddable":true,"href":"https:\/\/arantv.az\/index.php?rest_route=%2Fwp%2Fv2%2Fcomments&post=27512"}],"version-history":[{"count":0,"href":"https:\/\/arantv.az\/index.php?rest_route=\/wp\/v2\/posts\/27512\/revisions"}],"wp:featuredmedia":[{"embeddable":true,"href":"https:\/\/arantv.az\/index.php?rest_route=\/wp\/v2\/media\/27513"}],"wp:attachment":[{"href":"https:\/\/arantv.az\/index.php?rest_route=%2Fwp%2Fv2%2Fmedia&parent=27512"}],"wp:term":[{"taxonomy":"category","embeddable":true,"href":"https:\/\/arantv.az\/index.php?rest_route=%2Fwp%2Fv2%2Fcategories&post=27512"},{"taxonomy":"post_tag","embeddable":true,"href":"https:\/\/arantv.az\/index.php?rest_route=%2Fwp%2Fv2%2Ftags&post=27512"}],"curies":[{"name":"wp","href":"https:\/\/api.w.org\/{rel}","templated":true}]}}