{"id":275135,"date":"2021-01-20T09:40:30","date_gmt":"2021-01-20T06:40:30","guid":{"rendered":"http:\/\/arantv.az\/?p=275135"},"modified":"2021-01-20T09:40:30","modified_gmt":"2021-01-20T06:40:30","slug":"pakistanda-avtobus-asib-ol%c9%99nl%c9%99r-var","status":"publish","type":"post","link":"https:\/\/arantv.az\/?p=275135","title":{"rendered":"Pakistanda avtobus a\u015f\u0131b: \u00d6l\u0259nl\u0259r var"},"content":{"rendered":"<p>S\u0259h\u0259r saatlar\u0131nda Pakistan\u0131n q\u0259rbind\u0259 yerl\u0259\u015f\u0259n B\u0259lucistan \u0259yal\u0259tind\u0259 a\u011f\u0131r yol n\u0259qliyyat hadis\u0259si ba\u015f verib.<\/p>\n<p>\u201cSinxua\u201d informasiya agentliyinin m\u0259lumat\u0131na \u0259sas\u0259n, K\u0259ra\u00e7iy\u0259 ged\u0259n \u015f\u0259h\u0259rl\u0259raras\u0131 avtobusun yoldan \u00e7\u0131xaraq a\u015fmas\u0131 n\u0259tic\u0259sind\u0259 az\u0131 s\u0259kkiz\u00a0n\u0259f\u0259r d\u00fcnyas\u0131n\u0131 d\u0259yi\u015fib, 20 n\u0259f\u0259r is\u0259 m\u00fcxt\u0259lif d\u0259r\u0259c\u0259li x\u0259sar\u0259tl\u0259r al\u0131blar.<\/p>\n<div id=\"AdviadNativeVideo0\" class=\"AdviadNativeVideo\"><\/div>\n<p>\u00d6l\u0259nl\u0259r aras\u0131nda qad\u0131n v\u0259 u\u015faqlar da var. X\u0259sar\u0259t alanlar\u0131n ham\u0131s\u0131 x\u0259st\u0259xanaya yerl\u0259\u015fdirilib. Onlardan b\u0259zil\u0259rinin v\u0259ziyy\u0259ti kritikdir.<\/p>\n<p>Polisin ilkin r\u0259yin\u0259 g\u00f6r\u0259, q\u0259zaya s\u0259b\u0259b avtobus s\u00fcr\u00fcc\u00fcs\u00fcn\u00fcn s\u00fcr\u0259t h\u0259ddini a\u015fmas\u0131 olub.<\/p>\n","protected":false},"excerpt":{"rendered":"<p>S\u0259h\u0259r saatlar\u0131nda Pakistan\u0131n q\u0259rbind\u0259 yerl\u0259\u015f\u0259n B\u0259lucistan \u0259yal\u0259tind\u0259 a\u011f\u0131r yol n\u0259qliyyat hadis\u0259si ba\u015f verib. \u201cSinxua\u201d informasiya agentliyinin m\u0259lumat\u0131na \u0259sas\u0259n, K\u0259ra\u00e7iy\u0259 ged\u0259n \u015f\u0259h\u0259rl\u0259raras\u0131 avtobusun yoldan \u00e7\u0131xaraq a\u015fmas\u0131 n\u0259tic\u0259sind\u0259 az\u0131 s\u0259kkiz\u00a0n\u0259f\u0259r d\u00fcnyas\u0131n\u0131 d\u0259yi\u015fib, 20 n\u0259f\u0259r is\u0259 m\u00fcxt\u0259lif d\u0259r\u0259c\u0259li x\u0259sar\u0259tl\u0259r al\u0131blar. \u00d6l\u0259nl\u0259r aras\u0131nda qad\u0131n v\u0259 u\u015faqlar da var. X\u0259sar\u0259t alanlar\u0131n ham\u0131s\u0131 x\u0259st\u0259xanaya yerl\u0259\u015fdirilib. Onlardan b\u0259zil\u0259rinin v\u0259ziyy\u0259ti kritikdir. Polisin ilkin r\u0259yin\u0259 g\u00f6r\u0259, q\u0259zaya s\u0259b\u0259b avtobus s\u00fcr\u00fcc\u00fcs\u00fcn\u00fcn s\u00fcr\u0259t h\u0259ddini a\u015fmas\u0131 olub.<\/p>\n","protected":false},"author":2,"featured_media":275136,"comment_status":"closed","ping_status":"closed","sticky":false,"template":"","format":"standard","meta":{"om_disable_all_campaigns":false,"_monsterinsights_skip_tracking":false,"_monsterinsights_sitenote_active":false,"_monsterinsights_sitenote_note":"","_monsterinsights_sitenote_category":0},"categories":[7],"tags":[],"aioseo_notices":[],"gutentor_comment":0,"rttpg_featured_image_url":{"full":["https:\/\/arantv.az\/wp-content\/uploads\/2021\/01\/z_p26-Pakistan.jpg",620,443,false],"landscape":["https:\/\/arantv.az\/wp-content\/uploads\/2021\/01\/z_p26-Pakistan.jpg",620,443,false],"portraits":["https:\/\/arantv.az\/wp-content\/uploads\/2021\/01\/z_p26-Pakistan.jpg",620,443,false],"thumbnail":["https:\/\/arantv.az\/wp-content\/uploads\/2021\/01\/z_p26-Pakistan-150x150.jpg",150,150,true],"medium":["https:\/\/arantv.az\/wp-content\/uploads\/2021\/01\/z_p26-Pakistan-300x214.jpg",300,214,true],"large":["https:\/\/arantv.az\/wp-content\/uploads\/2021\/01\/z_p26-Pakistan.jpg",620,443,false],"1536x1536":["https:\/\/arantv.az\/wp-content\/uploads\/2021\/01\/z_p26-Pakistan.jpg",620,443,false],"2048x2048":["https:\/\/arantv.az\/wp-content\/uploads\/2021\/01\/z_p26-Pakistan.jpg",620,443,false],"post-thumbnail":["https:\/\/arantv.az\/wp-content\/uploads\/2021\/01\/z_p26-Pakistan-240x172.jpg",240,172,true],"advps-thumb-one":["https:\/\/arantv.az\/wp-content\/uploads\/2021\/01\/z_p26-Pakistan.jpg",620,443,false]},"rttpg_author":{"display_name":"V\u00fcsal Rafiqo\u011flu","author_link":"https:\/\/arantv.az\/?author=2"},"rttpg_comment":0,"rttpg_category":"<a href=\"https:\/\/arantv.az\/?cat=7\" rel=\"category\">D\u00fcnya<\/a>","rttpg_excerpt":"S\u0259h\u0259r saatlar\u0131nda Pakistan\u0131n q\u0259rbind\u0259 yerl\u0259\u015f\u0259n B\u0259lucistan \u0259yal\u0259tind\u0259 a\u011f\u0131r yol n\u0259qliyyat hadis\u0259si ba\u015f verib. \u201cSinxua\u201d informasiya agentliyinin m\u0259lumat\u0131na \u0259sas\u0259n, K\u0259ra\u00e7iy\u0259 ged\u0259n \u015f\u0259h\u0259rl\u0259raras\u0131 avtobusun yoldan \u00e7\u0131xaraq a\u015fmas\u0131 n\u0259tic\u0259sind\u0259 az\u0131 s\u0259kkiz\u00a0n\u0259f\u0259r d\u00fcnyas\u0131n\u0131 d\u0259yi\u015fib, 20 n\u0259f\u0259r is\u0259 m\u00fcxt\u0259lif d\u0259r\u0259c\u0259li x\u0259sar\u0259tl\u0259r al\u0131blar. \u00d6l\u0259nl\u0259r aras\u0131nda qad\u0131n v\u0259 u\u015faqlar da var. X\u0259sar\u0259t alanlar\u0131n ham\u0131s\u0131 x\u0259st\u0259xanaya yerl\u0259\u015fdirilib. Onlardan b\u0259zil\u0259rinin v\u0259ziyy\u0259ti kritikdir. Polisin ilkin&hellip;","_links":{"self":[{"href":"https:\/\/arantv.az\/index.php?rest_route=\/wp\/v2\/posts\/275135"}],"collection":[{"href":"https:\/\/arantv.az\/index.php?rest_route=\/wp\/v2\/posts"}],"about":[{"href":"https:\/\/arantv.az\/index.php?rest_route=\/wp\/v2\/types\/post"}],"author":[{"embeddable":true,"href":"https:\/\/arantv.az\/index.php?rest_route=\/wp\/v2\/users\/2"}],"replies":[{"embeddable":true,"href":"https:\/\/arantv.az\/index.php?rest_route=%2Fwp%2Fv2%2Fcomments&post=275135"}],"version-history":[{"count":0,"href":"https:\/\/arantv.az\/index.php?rest_route=\/wp\/v2\/posts\/275135\/revisions"}],"wp:featuredmedia":[{"embeddable":true,"href":"https:\/\/arantv.az\/index.php?rest_route=\/wp\/v2\/media\/275136"}],"wp:attachment":[{"href":"https:\/\/arantv.az\/index.php?rest_route=%2Fwp%2Fv2%2Fmedia&parent=275135"}],"wp:term":[{"taxonomy":"category","embeddable":true,"href":"https:\/\/arantv.az\/index.php?rest_route=%2Fwp%2Fv2%2Fcategories&post=275135"},{"taxonomy":"post_tag","embeddable":true,"href":"https:\/\/arantv.az\/index.php?rest_route=%2Fwp%2Fv2%2Ftags&post=275135"}],"curies":[{"name":"wp","href":"https:\/\/api.w.org\/{rel}","templated":true}]}}