{"id":27521,"date":"2018-12-14T08:53:03","date_gmt":"2018-12-14T05:53:03","guid":{"rendered":"http:\/\/arantv.az\/?p=27521"},"modified":"2018-12-14T08:53:03","modified_gmt":"2018-12-14T05:53:03","slug":"strasburqda-terror-akti-tor%c9%99d%c9%99n-s%c9%99xs-olduruldu-foto","status":"publish","type":"post","link":"https:\/\/arantv.az\/?p=27521","title":{"rendered":"Strasburqda terror akt\u0131 t\u00f6r\u0259d\u0259n \u015f\u0259xs \u00f6ld\u00fcr\u00fcld\u00fc &#8211; FOTO"},"content":{"rendered":"<p>Dekabr\u0131n 11-d\u0259 Fransan\u0131n Strasburq \u015f\u0259h\u0259rind\u0259 Milad bayram\u0131 il\u0259 \u0259laq\u0259dar t\u0259\u015fkil olunan bazarda insanlara at\u0259\u015f a\u00e7an terror\u00e7u \u00f6ld\u00fcr\u00fcl\u00fcb.<\/p>\n<p><b>ARANTV.AZ <\/b>oxu.az-a istinad\u0259n x\u0259b\u0259r verir ki,\u00a0<strong>\u015eerif \u015eekatt\u00a0<\/strong>adl\u0131 \u015f\u0259xs d\u00fcn\u0259n Fransa polisi t\u0259r\u0259find\u0259n Strasburqun Noydorf b\u00f6lg\u0259sind\u0259 Lazaret k\u00fc\u00e7\u0259sind\u0259 z\u0259r\u0259rsizl\u0259\u015fdirilib.<\/p>\n<p>M\u0259lumatlara g\u00f6r\u0259, apar\u0131lan \u0259m\u0259liyyat zaman\u0131 o, polis\u0259 at\u0259\u015f a\u00e7d\u0131qdan sonra cavab at\u0259\u015fi il\u0259 \u00f6ld\u00fcr\u00fcl\u00fcb.<\/p>\n<div id=\"AdributorNativeVideo0\" class=\"AdributorNativeVideo\"><\/div>\n<p>Bildirilir ki, 29 ya\u015fl\u0131 \u015eekatt Fransa, Almaniya v\u0259 \u0130sve\u00e7r\u0259d\u0259 27 d\u0259f\u0259 m\u0259hkumluq h\u0259yat\u0131 ya\u015fay\u0131b.<\/p>\n<p>BFM telekanal\u0131 is\u0259 \u015eekatt\u0131n \u0130\u015e\u0130D terror\u00e7usu oldu\u011funu qeyd edib. H\u0259m\u00e7inin bildirilir ki, o, \u201cSuriyada \u00f6ld\u00fcr\u00fcl\u0259n qarda\u015flar\u0131n\u0131n qisas\u0131n\u0131 almaq \u00fc\u00e7\u00fcn\u201d bu add\u0131m\u0131 at\u0131b.<\/p>\n<p>Xat\u0131rladaq ki, Strasburqda ba\u015f vermi\u015f terror akt\u0131 zaman\u0131 \u00fc\u00e7\u00a0n\u0259f\u0259r \u00f6l\u00fcb, 13 n\u0259f\u0259r yaralan\u0131b.<\/p>\n<p><img src=\"https:\/\/static.mk.ru\/upload\/entities\/2018\/12\/13\/articles\/detailPicture\/13\/e1\/e7\/22\/a63d76c53633b8ed7e7e7d22cf13f41b.jpg\" alt=\"Image result for \u00d0\u00a8\u00d0\u00b5\u00d1\u0080\u00d0\u00b8\u00d1\u0084 \u00d0\u00a8\u00d0\u00b5\u00d0\u00ba\u00d0\u00b0\u00d1\u0082\u00d1\u0082\" \/><\/p>\n<p>&nbsp;<\/p>\n","protected":false},"excerpt":{"rendered":"<p>Dekabr\u0131n 11-d\u0259 Fransan\u0131n Strasburq \u015f\u0259h\u0259rind\u0259 Milad bayram\u0131 il\u0259 \u0259laq\u0259dar t\u0259\u015fkil olunan bazarda insanlara at\u0259\u015f a\u00e7an terror\u00e7u \u00f6ld\u00fcr\u00fcl\u00fcb. ARANTV.AZ oxu.az-a istinad\u0259n x\u0259b\u0259r verir ki,\u00a0\u015eerif \u015eekatt\u00a0adl\u0131 \u015f\u0259xs d\u00fcn\u0259n Fransa polisi t\u0259r\u0259find\u0259n Strasburqun Noydorf b\u00f6lg\u0259sind\u0259 Lazaret k\u00fc\u00e7\u0259sind\u0259 z\u0259r\u0259rsizl\u0259\u015fdirilib. M\u0259lumatlara g\u00f6r\u0259, apar\u0131lan \u0259m\u0259liyyat zaman\u0131 o, polis\u0259 at\u0259\u015f a\u00e7d\u0131qdan sonra cavab at\u0259\u015fi il\u0259 \u00f6ld\u00fcr\u00fcl\u00fcb. Bildirilir ki, 29 ya\u015fl\u0131 \u015eekatt Fransa, Almaniya v\u0259 \u0130sve\u00e7r\u0259d\u0259 27 d\u0259f\u0259 m\u0259hkumluq h\u0259yat\u0131 ya\u015fay\u0131b. BFM telekanal\u0131 is\u0259 \u015eekatt\u0131n \u0130\u015e\u0130D terror\u00e7usu oldu\u011funu qeyd edib. H\u0259m\u00e7inin bildirilir ki, o, \u201cSuriyada \u00f6ld\u00fcr\u00fcl\u0259n qarda\u015flar\u0131n\u0131n qisas\u0131n\u0131 almaq \u00fc\u00e7\u00fcn\u201d bu add\u0131m\u0131 at\u0131b. Xat\u0131rladaq ki, Strasburqda ba\u015f vermi\u015f&hellip;<\/p>\n","protected":false},"author":2,"featured_media":27522,"comment_status":"closed","ping_status":"closed","sticky":false,"template":"","format":"standard","meta":{"om_disable_all_campaigns":false,"_monsterinsights_skip_tracking":false,"_monsterinsights_sitenote_active":false,"_monsterinsights_sitenote_note":"","_monsterinsights_sitenote_category":0},"categories":[7],"tags":[],"aioseo_notices":[],"gutentor_comment":0,"rttpg_featured_image_url":{"full":["https:\/\/arantv.az\/wp-content\/uploads\/2018\/12\/stras.jpg",610,385,false],"landscape":["https:\/\/arantv.az\/wp-content\/uploads\/2018\/12\/stras.jpg",610,385,false],"portraits":["https:\/\/arantv.az\/wp-content\/uploads\/2018\/12\/stras.jpg",610,385,false],"thumbnail":["https:\/\/arantv.az\/wp-content\/uploads\/2018\/12\/stras-150x150.jpg",150,150,true],"medium":["https:\/\/arantv.az\/wp-content\/uploads\/2018\/12\/stras-300x189.jpg",300,189,true],"large":["https:\/\/arantv.az\/wp-content\/uploads\/2018\/12\/stras.jpg",610,385,false],"1536x1536":["https:\/\/arantv.az\/wp-content\/uploads\/2018\/12\/stras.jpg",610,385,false],"2048x2048":["https:\/\/arantv.az\/wp-content\/uploads\/2018\/12\/stras.jpg",610,385,false],"post-thumbnail":["https:\/\/arantv.az\/wp-content\/uploads\/2018\/12\/stras-240x172.jpg",240,172,true],"advps-thumb-one":["https:\/\/arantv.az\/wp-content\/uploads\/2018\/12\/stras.jpg",610,385,false]},"rttpg_author":{"display_name":"V\u00fcsal Rafiqo\u011flu","author_link":"https:\/\/arantv.az\/?author=2"},"rttpg_comment":0,"rttpg_category":"<a href=\"https:\/\/arantv.az\/?cat=7\" rel=\"category\">D\u00fcnya<\/a>","rttpg_excerpt":"Dekabr\u0131n 11-d\u0259 Fransan\u0131n Strasburq \u015f\u0259h\u0259rind\u0259 Milad bayram\u0131 il\u0259 \u0259laq\u0259dar t\u0259\u015fkil olunan bazarda insanlara at\u0259\u015f a\u00e7an terror\u00e7u \u00f6ld\u00fcr\u00fcl\u00fcb. ARANTV.AZ oxu.az-a istinad\u0259n x\u0259b\u0259r verir ki,\u00a0\u015eerif \u015eekatt\u00a0adl\u0131 \u015f\u0259xs d\u00fcn\u0259n Fransa polisi t\u0259r\u0259find\u0259n Strasburqun Noydorf b\u00f6lg\u0259sind\u0259 Lazaret k\u00fc\u00e7\u0259sind\u0259 z\u0259r\u0259rsizl\u0259\u015fdirilib. M\u0259lumatlara g\u00f6r\u0259, apar\u0131lan \u0259m\u0259liyyat zaman\u0131 o, polis\u0259 at\u0259\u015f a\u00e7d\u0131qdan sonra cavab at\u0259\u015fi il\u0259 \u00f6ld\u00fcr\u00fcl\u00fcb. Bildirilir ki, 29 ya\u015fl\u0131 \u015eekatt Fransa,&hellip;","_links":{"self":[{"href":"https:\/\/arantv.az\/index.php?rest_route=\/wp\/v2\/posts\/27521"}],"collection":[{"href":"https:\/\/arantv.az\/index.php?rest_route=\/wp\/v2\/posts"}],"about":[{"href":"https:\/\/arantv.az\/index.php?rest_route=\/wp\/v2\/types\/post"}],"author":[{"embeddable":true,"href":"https:\/\/arantv.az\/index.php?rest_route=\/wp\/v2\/users\/2"}],"replies":[{"embeddable":true,"href":"https:\/\/arantv.az\/index.php?rest_route=%2Fwp%2Fv2%2Fcomments&post=27521"}],"version-history":[{"count":0,"href":"https:\/\/arantv.az\/index.php?rest_route=\/wp\/v2\/posts\/27521\/revisions"}],"wp:featuredmedia":[{"embeddable":true,"href":"https:\/\/arantv.az\/index.php?rest_route=\/wp\/v2\/media\/27522"}],"wp:attachment":[{"href":"https:\/\/arantv.az\/index.php?rest_route=%2Fwp%2Fv2%2Fmedia&parent=27521"}],"wp:term":[{"taxonomy":"category","embeddable":true,"href":"https:\/\/arantv.az\/index.php?rest_route=%2Fwp%2Fv2%2Fcategories&post=27521"},{"taxonomy":"post_tag","embeddable":true,"href":"https:\/\/arantv.az\/index.php?rest_route=%2Fwp%2Fv2%2Ftags&post=27521"}],"curies":[{"name":"wp","href":"https:\/\/api.w.org\/{rel}","templated":true}]}}