{"id":275219,"date":"2021-01-20T10:32:26","date_gmt":"2021-01-20T07:32:26","guid":{"rendered":"http:\/\/arantv.az\/?p=275219"},"modified":"2021-01-20T10:32:26","modified_gmt":"2021-01-20T07:32:26","slug":"s%c9%99fir-bahcelinin-fikirl%c9%99rin%c9%99-aydinliq-g%c9%99tirdi-turkiy%c9%99-muharib%c9%99d%c9%99n-sonra-da","status":"publish","type":"post","link":"https:\/\/arantv.az\/?p=275219","title":{"rendered":"S\u0259fir Bah\u00e7elinin fikirl\u0259rin\u0259 ayd\u0131nl\u0131q g\u0259tirdi: &#8220;T\u00fcrkiy\u0259 m\u00fcharib\u0259d\u0259n sonra da&#8230;&#8221;"},"content":{"rendered":"<p>T\u00fcrkiy\u0259nin Az\u0259rbaycandak\u0131 s\u0259firi Erkan \u00d6zoral Mill\u0259t\u00e7i H\u0259r\u0259kat Partiyas\u0131n\u0131n s\u0259dri D\u00f6vl\u0259t Bax\u00e7al\u0131n\u0131n \u015eu\u015fada m\u0259kt\u0259b tikilm\u0259si fikrin\u0259 ayd\u0131nl\u0131q g\u0259tirib.<\/p>\n<p><strong>ARANTV.AZ\u00a0<\/strong><a href=\"https:\/\/az.trend.az\/\" target=\"_blank\" rel=\"noopener\">Trend<\/a>-\u0259 istinad\u0259n bildirir ki,\u00a0E.\u00d6zoral jurnalistl\u0259r\u0259 a\u00e7\u0131qlamas\u0131nda bildirib ki, Az\u0259rbaycan torpaqlar\u0131 i\u015f\u011faldan azad olunduqdan sonra T\u00fcrkiy\u0259d\u0259ki bir \u00e7ox qurumlar Az\u0259rbaycana d\u0259st\u0259kl\u0259 ba\u011fl\u0131 \u00e7a\u011f\u0131r\u0131\u015flar edib. Bunlar Az\u0259rbaycan h\u00f6k\u00fcm\u0259tinin ver\u0259c\u0259yi q\u0259rardan as\u0131l\u0131d\u0131r. M\u00fcvafiq q\u0259rar q\u0259bul olunarsa, T\u00fcrkiy\u0259nin \u0259laq\u0259dar qurumlar\u0131na m\u0259lumat veril\u0259c\u0259k. T\u00fcrkiy\u0259 m\u00fcharib\u0259 d\u00f6vr\u00fcnd\u0259n sonra da Az\u0259rbaycana h\u0259r c\u00fcr d\u0259st\u0259k olmaq m\u0259qs\u0259dil\u0259 s\u0259f\u0259rb\u0259r olub. Az\u0259rbaycanda \u015f\u0259hid v\u0259 m\u0259cburi k\u00f6\u00e7k\u00fcn ail\u0259l\u0259rin\u0259 k\u00f6m\u0259k m\u0259qs\u0259dil\u0259 T\u00fcrkiy\u0259d\u0259n \u00f6lk\u0259y\u0259 g\u0259l\u0259nl\u0259r var&#8221;.<\/p>\n","protected":false},"excerpt":{"rendered":"<p>T\u00fcrkiy\u0259nin Az\u0259rbaycandak\u0131 s\u0259firi Erkan \u00d6zoral Mill\u0259t\u00e7i H\u0259r\u0259kat Partiyas\u0131n\u0131n s\u0259dri D\u00f6vl\u0259t Bax\u00e7al\u0131n\u0131n \u015eu\u015fada m\u0259kt\u0259b tikilm\u0259si fikrin\u0259 ayd\u0131nl\u0131q g\u0259tirib. ARANTV.AZ\u00a0Trend-\u0259 istinad\u0259n bildirir ki,\u00a0E.\u00d6zoral jurnalistl\u0259r\u0259 a\u00e7\u0131qlamas\u0131nda bildirib ki, Az\u0259rbaycan torpaqlar\u0131 i\u015f\u011faldan azad olunduqdan sonra T\u00fcrkiy\u0259d\u0259ki bir \u00e7ox qurumlar Az\u0259rbaycana d\u0259st\u0259kl\u0259 ba\u011fl\u0131 \u00e7a\u011f\u0131r\u0131\u015flar edib. Bunlar Az\u0259rbaycan h\u00f6k\u00fcm\u0259tinin ver\u0259c\u0259yi q\u0259rardan as\u0131l\u0131d\u0131r. M\u00fcvafiq q\u0259rar q\u0259bul olunarsa, T\u00fcrkiy\u0259nin \u0259laq\u0259dar qurumlar\u0131na m\u0259lumat veril\u0259c\u0259k. T\u00fcrkiy\u0259 m\u00fcharib\u0259 d\u00f6vr\u00fcnd\u0259n sonra da Az\u0259rbaycana h\u0259r c\u00fcr d\u0259st\u0259k olmaq m\u0259qs\u0259dil\u0259 s\u0259f\u0259rb\u0259r olub. Az\u0259rbaycanda \u015f\u0259hid v\u0259 m\u0259cburi k\u00f6\u00e7k\u00fcn ail\u0259l\u0259rin\u0259 k\u00f6m\u0259k m\u0259qs\u0259dil\u0259 T\u00fcrkiy\u0259d\u0259n \u00f6lk\u0259y\u0259 g\u0259l\u0259nl\u0259r var&#8221;.<\/p>\n","protected":false},"author":2,"featured_media":275220,"comment_status":"closed","ping_status":"closed","sticky":false,"template":"","format":"standard","meta":{"om_disable_all_campaigns":false,"_monsterinsights_skip_tracking":false,"_monsterinsights_sitenote_active":false,"_monsterinsights_sitenote_note":"","_monsterinsights_sitenote_category":0},"categories":[4],"tags":[],"aioseo_notices":[],"gutentor_comment":0,"rttpg_featured_image_url":{"full":["https:\/\/arantv.az\/wp-content\/uploads\/2021\/01\/915217.jpg",800,600,false],"landscape":["https:\/\/arantv.az\/wp-content\/uploads\/2021\/01\/915217.jpg",800,600,false],"portraits":["https:\/\/arantv.az\/wp-content\/uploads\/2021\/01\/915217.jpg",800,600,false],"thumbnail":["https:\/\/arantv.az\/wp-content\/uploads\/2021\/01\/915217-150x150.jpg",150,150,true],"medium":["https:\/\/arantv.az\/wp-content\/uploads\/2021\/01\/915217-300x225.jpg",300,225,true],"large":["https:\/\/arantv.az\/wp-content\/uploads\/2021\/01\/915217.jpg",640,480,false],"1536x1536":["https:\/\/arantv.az\/wp-content\/uploads\/2021\/01\/915217.jpg",800,600,false],"2048x2048":["https:\/\/arantv.az\/wp-content\/uploads\/2021\/01\/915217.jpg",800,600,false],"post-thumbnail":["https:\/\/arantv.az\/wp-content\/uploads\/2021\/01\/915217-240x172.jpg",240,172,true],"advps-thumb-one":["https:\/\/arantv.az\/wp-content\/uploads\/2021\/01\/915217.jpg",800,600,false]},"rttpg_author":{"display_name":"V\u00fcsal Rafiqo\u011flu","author_link":"https:\/\/arantv.az\/?author=2"},"rttpg_comment":0,"rttpg_category":"<a href=\"https:\/\/arantv.az\/?cat=4\" rel=\"category\">Siyas\u0259t<\/a>","rttpg_excerpt":"T\u00fcrkiy\u0259nin Az\u0259rbaycandak\u0131 s\u0259firi Erkan \u00d6zoral Mill\u0259t\u00e7i H\u0259r\u0259kat Partiyas\u0131n\u0131n s\u0259dri D\u00f6vl\u0259t Bax\u00e7al\u0131n\u0131n \u015eu\u015fada m\u0259kt\u0259b tikilm\u0259si fikrin\u0259 ayd\u0131nl\u0131q g\u0259tirib. ARANTV.AZ\u00a0Trend-\u0259 istinad\u0259n bildirir ki,\u00a0E.\u00d6zoral jurnalistl\u0259r\u0259 a\u00e7\u0131qlamas\u0131nda bildirib ki, Az\u0259rbaycan torpaqlar\u0131 i\u015f\u011faldan azad olunduqdan sonra T\u00fcrkiy\u0259d\u0259ki bir \u00e7ox qurumlar Az\u0259rbaycana d\u0259st\u0259kl\u0259 ba\u011fl\u0131 \u00e7a\u011f\u0131r\u0131\u015flar edib. Bunlar Az\u0259rbaycan h\u00f6k\u00fcm\u0259tinin ver\u0259c\u0259yi q\u0259rardan as\u0131l\u0131d\u0131r. M\u00fcvafiq q\u0259rar q\u0259bul olunarsa, T\u00fcrkiy\u0259nin \u0259laq\u0259dar qurumlar\u0131na m\u0259lumat veril\u0259c\u0259k.&hellip;","_links":{"self":[{"href":"https:\/\/arantv.az\/index.php?rest_route=\/wp\/v2\/posts\/275219"}],"collection":[{"href":"https:\/\/arantv.az\/index.php?rest_route=\/wp\/v2\/posts"}],"about":[{"href":"https:\/\/arantv.az\/index.php?rest_route=\/wp\/v2\/types\/post"}],"author":[{"embeddable":true,"href":"https:\/\/arantv.az\/index.php?rest_route=\/wp\/v2\/users\/2"}],"replies":[{"embeddable":true,"href":"https:\/\/arantv.az\/index.php?rest_route=%2Fwp%2Fv2%2Fcomments&post=275219"}],"version-history":[{"count":0,"href":"https:\/\/arantv.az\/index.php?rest_route=\/wp\/v2\/posts\/275219\/revisions"}],"wp:featuredmedia":[{"embeddable":true,"href":"https:\/\/arantv.az\/index.php?rest_route=\/wp\/v2\/media\/275220"}],"wp:attachment":[{"href":"https:\/\/arantv.az\/index.php?rest_route=%2Fwp%2Fv2%2Fmedia&parent=275219"}],"wp:term":[{"taxonomy":"category","embeddable":true,"href":"https:\/\/arantv.az\/index.php?rest_route=%2Fwp%2Fv2%2Fcategories&post=275219"},{"taxonomy":"post_tag","embeddable":true,"href":"https:\/\/arantv.az\/index.php?rest_route=%2Fwp%2Fv2%2Ftags&post=275219"}],"curies":[{"name":"wp","href":"https:\/\/api.w.org\/{rel}","templated":true}]}}