{"id":275227,"date":"2021-01-20T10:34:34","date_gmt":"2021-01-20T07:34:34","guid":{"rendered":"http:\/\/arantv.az\/?p=275227"},"modified":"2021-01-20T10:34:34","modified_gmt":"2021-01-20T07:34:34","slug":"20-yanvar-xalqimizin-q%c9%99hr%c9%99manliq-s%c9%99hif%c9%99sidir","status":"publish","type":"post","link":"https:\/\/arantv.az\/?p=275227","title":{"rendered":"20 Yanvar xalq\u0131m\u0131z\u0131n q\u0259hr\u0259manl\u0131q s\u0259hif\u0259sidir"},"content":{"rendered":"<p>1990-c\u0131 il yanvar\u0131n 19-dan 20-n\u0259 ke\u00e7\u0259n gec\u0259 xalq\u0131m\u0131z\u0131n tarixin\u0259 q\u0259hr\u0259manl\u0131q s\u0259hif\u0259si kimi h\u0259kk olunub. \u00c7\u00fcnki h\u0259min gec\u0259 xalq\u0131m\u0131z sars\u0131lmaz irad\u0259sini, m\u0259tinliyini g\u00f6st\u0259r\u0259r\u0259k, imperiya ordusunun qar\u015f\u0131s\u0131na \u0259liyal\u0131n \u00e7\u0131xd\u0131. \u015e\u0259hidl\u0259r verdi, amma m\u0259\u011flub olmad\u0131. Yanvar\u0131n 20-si mat\u0259m g\u00fcn\u00fc kimi yox, xalq\u0131m\u0131z\u0131n q\u0259hr\u0259manl\u0131q g\u00fcn\u00fc kimi qeyd edilm\u0259lidir.<\/p>\n<p><strong>ARANTV.AZ<\/strong>\u00a0 x\u0259b\u0259e verir ki, bu s\u00f6zl\u0259ri\u00a0AZ\u018fRTAC-\u0131n b\u00f6lg\u0259 m\u00fcxbirin\u0259 m\u00fcsahib\u0259sind\u0259 Yevlax rayon S\u0259m\u0259dabad k\u0259nd sakini, 20 Yanvar hadis\u0259l\u0259rinin \u015fahidi Cahid N\u0259biyev deyib. O bildirib ki, faci\u0259nin t\u00f6r\u0259dildiyi gec\u0259 etiraz s\u0259sini ucaldanlar aras\u0131nda olub: \u201cO vaxt indiki Az\u0259rbaycan D\u00f6vl\u0259t \u0130qtisad Universitetind\u0259 t\u0259hsil al\u0131rd\u0131m. Qanl\u0131 hadis\u0259l\u0259r ba\u015f ver\u0259n gec\u0259 metronun \u201cG\u0259nclik\u201d stansiyas\u0131n\u0131n yax\u0131nl\u0131\u011f\u0131nda idik. E\u015fitdik ki, h\u0259rb\u00e7il\u0259r \u015emidt ad\u0131na zavod t\u0259r\u0259fd\u0259n h\u0259r\u0259k\u0259t edirl\u0259r. Onlar\u0131n qar\u015f\u0131s\u0131n\u0131 k\u0259sm\u0259k \u00fc\u00e7\u00fcn h\u0259min istiqam\u0259t\u0259 getdik. Ora \u00e7atanda bizi at\u0259\u015f\u0259 tutma\u011fa ba\u015flad\u0131lar. \u00d6l\u0259n v\u0259 yaralananlar oldu. M\u0259n d\u0259 g\u00fcll\u0259 yaras\u0131 ald\u0131m. T\u0259cili tibbi yard\u0131m avtomobili il\u0259 x\u0259st\u0259xanaya apar\u0131lark\u0259n yolda at\u0259\u015f\u0259 tutulduq. X\u0259st\u0259xanada \u00f6l\u0259n v\u0259 yaral\u0131lardan yer yox idi. H\u0259kiml\u0259r \u0259n a\u011f\u0131r yaral\u0131lar\u0131 se\u00e7ib apar\u0131rd\u0131lar. Tibb Universitetinin t\u0259l\u0259b\u0259l\u0259ri yaral\u0131lara tibbi yard\u0131m g\u00f6st\u0259rir, qanlar\u0131n\u0131n k\u0259silm\u0259sind\u0259, yaralar\u0131n\u0131n sar\u0131nmas\u0131nda k\u00f6m\u0259klik edirdil\u0259r\u201d.<\/p>\n<p>C.N\u0259biyev qeyd edib ki, xalq\u0131m\u0131z respublikam\u0131z\u0131n suverenliyi v\u0259 \u0259razi b\u00fct\u00f6vl\u00fcy\u00fc u\u011frunda \u015f\u0259hid olanlar\u0131 unutmur, xatir\u0259l\u0259rini daim uca tutur. \u00d6t\u0259n ill\u0259r \u0259rzind\u0259 yeti\u015f\u0259n g\u0259nc n\u0259slin m\u0259hz v\u0259t\u0259np\u0259rv\u0259rlik ruhunda t\u0259rbiy\u0259 olunmas\u0131n\u0131n n\u0259tic\u0259sidir ki, 2020-ci il sentyabr\u0131n 27-d\u0259 ba\u015flanan V\u0259t\u0259n m\u00fcharib\u0259sind\u0259 xalq\u0131m\u0131z M\u00fcz\u0259ff\u0259r Ali Ba\u015f Komandan\u0131m\u0131z\u0131n \u0259traf\u0131nda yumruq kimi birl\u0259\u015fdi. V\u0259t\u0259n m\u00fcharib\u0259si xalq\u0131m\u0131z\u0131n q\u0259l\u0259b\u0259si il\u0259 yekunla\u015fd\u0131.<\/p>\n","protected":false},"excerpt":{"rendered":"<p>1990-c\u0131 il yanvar\u0131n 19-dan 20-n\u0259 ke\u00e7\u0259n gec\u0259 xalq\u0131m\u0131z\u0131n tarixin\u0259 q\u0259hr\u0259manl\u0131q s\u0259hif\u0259si kimi h\u0259kk olunub. \u00c7\u00fcnki h\u0259min gec\u0259 xalq\u0131m\u0131z sars\u0131lmaz irad\u0259sini, m\u0259tinliyini g\u00f6st\u0259r\u0259r\u0259k, imperiya ordusunun qar\u015f\u0131s\u0131na \u0259liyal\u0131n \u00e7\u0131xd\u0131. \u015e\u0259hidl\u0259r verdi, amma m\u0259\u011flub olmad\u0131. Yanvar\u0131n 20-si mat\u0259m g\u00fcn\u00fc kimi yox, xalq\u0131m\u0131z\u0131n q\u0259hr\u0259manl\u0131q g\u00fcn\u00fc kimi qeyd edilm\u0259lidir. ARANTV.AZ\u00a0 x\u0259b\u0259e verir ki, bu s\u00f6zl\u0259ri\u00a0AZ\u018fRTAC-\u0131n b\u00f6lg\u0259 m\u00fcxbirin\u0259 m\u00fcsahib\u0259sind\u0259 Yevlax rayon S\u0259m\u0259dabad k\u0259nd sakini, 20 Yanvar hadis\u0259l\u0259rinin \u015fahidi Cahid N\u0259biyev deyib. O bildirib ki, faci\u0259nin t\u00f6r\u0259dildiyi gec\u0259 etiraz s\u0259sini ucaldanlar aras\u0131nda olub: \u201cO vaxt indiki Az\u0259rbaycan D\u00f6vl\u0259t \u0130qtisad Universitetind\u0259 t\u0259hsil al\u0131rd\u0131m. Qanl\u0131 hadis\u0259l\u0259r ba\u015f ver\u0259n gec\u0259&hellip;<\/p>\n","protected":false},"author":2,"featured_media":275228,"comment_status":"closed","ping_status":"closed","sticky":false,"template":"","format":"standard","meta":{"om_disable_all_campaigns":false,"_monsterinsights_skip_tracking":false,"_monsterinsights_sitenote_active":false,"_monsterinsights_sitenote_note":"","_monsterinsights_sitenote_category":0},"categories":[26],"tags":[],"aioseo_notices":[],"gutentor_comment":0,"rttpg_featured_image_url":{"full":["https:\/\/arantv.az\/wp-content\/uploads\/2021\/01\/44012e79161112765843699182310643081.jpg",975,540,false],"landscape":["https:\/\/arantv.az\/wp-content\/uploads\/2021\/01\/44012e79161112765843699182310643081.jpg",975,540,false],"portraits":["https:\/\/arantv.az\/wp-content\/uploads\/2021\/01\/44012e79161112765843699182310643081.jpg",975,540,false],"thumbnail":["https:\/\/arantv.az\/wp-content\/uploads\/2021\/01\/44012e79161112765843699182310643081-150x150.jpg",150,150,true],"medium":["https:\/\/arantv.az\/wp-content\/uploads\/2021\/01\/44012e79161112765843699182310643081-300x166.jpg",300,166,true],"large":["https:\/\/arantv.az\/wp-content\/uploads\/2021\/01\/44012e79161112765843699182310643081.jpg",640,354,false],"1536x1536":["https:\/\/arantv.az\/wp-content\/uploads\/2021\/01\/44012e79161112765843699182310643081.jpg",975,540,false],"2048x2048":["https:\/\/arantv.az\/wp-content\/uploads\/2021\/01\/44012e79161112765843699182310643081.jpg",975,540,false],"post-thumbnail":["https:\/\/arantv.az\/wp-content\/uploads\/2021\/01\/44012e79161112765843699182310643081-240x172.jpg",240,172,true],"advps-thumb-one":["https:\/\/arantv.az\/wp-content\/uploads\/2021\/01\/44012e79161112765843699182310643081.jpg",975,540,false]},"rttpg_author":{"display_name":"V\u00fcsal Rafiqo\u011flu","author_link":"https:\/\/arantv.az\/?author=2"},"rttpg_comment":0,"rttpg_category":"<a href=\"https:\/\/arantv.az\/?cat=26\" rel=\"category\">Sosial<\/a>","rttpg_excerpt":"1990-c\u0131 il yanvar\u0131n 19-dan 20-n\u0259 ke\u00e7\u0259n gec\u0259 xalq\u0131m\u0131z\u0131n tarixin\u0259 q\u0259hr\u0259manl\u0131q s\u0259hif\u0259si kimi h\u0259kk olunub. \u00c7\u00fcnki h\u0259min gec\u0259 xalq\u0131m\u0131z sars\u0131lmaz irad\u0259sini, m\u0259tinliyini g\u00f6st\u0259r\u0259r\u0259k, imperiya ordusunun qar\u015f\u0131s\u0131na \u0259liyal\u0131n \u00e7\u0131xd\u0131. \u015e\u0259hidl\u0259r verdi, amma m\u0259\u011flub olmad\u0131. Yanvar\u0131n 20-si mat\u0259m g\u00fcn\u00fc kimi yox, xalq\u0131m\u0131z\u0131n q\u0259hr\u0259manl\u0131q g\u00fcn\u00fc kimi qeyd edilm\u0259lidir. ARANTV.AZ\u00a0 x\u0259b\u0259e verir ki, bu s\u00f6zl\u0259ri\u00a0AZ\u018fRTAC-\u0131n b\u00f6lg\u0259 m\u00fcxbirin\u0259 m\u00fcsahib\u0259sind\u0259 Yevlax rayon&hellip;","_links":{"self":[{"href":"https:\/\/arantv.az\/index.php?rest_route=\/wp\/v2\/posts\/275227"}],"collection":[{"href":"https:\/\/arantv.az\/index.php?rest_route=\/wp\/v2\/posts"}],"about":[{"href":"https:\/\/arantv.az\/index.php?rest_route=\/wp\/v2\/types\/post"}],"author":[{"embeddable":true,"href":"https:\/\/arantv.az\/index.php?rest_route=\/wp\/v2\/users\/2"}],"replies":[{"embeddable":true,"href":"https:\/\/arantv.az\/index.php?rest_route=%2Fwp%2Fv2%2Fcomments&post=275227"}],"version-history":[{"count":0,"href":"https:\/\/arantv.az\/index.php?rest_route=\/wp\/v2\/posts\/275227\/revisions"}],"wp:featuredmedia":[{"embeddable":true,"href":"https:\/\/arantv.az\/index.php?rest_route=\/wp\/v2\/media\/275228"}],"wp:attachment":[{"href":"https:\/\/arantv.az\/index.php?rest_route=%2Fwp%2Fv2%2Fmedia&parent=275227"}],"wp:term":[{"taxonomy":"category","embeddable":true,"href":"https:\/\/arantv.az\/index.php?rest_route=%2Fwp%2Fv2%2Fcategories&post=275227"},{"taxonomy":"post_tag","embeddable":true,"href":"https:\/\/arantv.az\/index.php?rest_route=%2Fwp%2Fv2%2Ftags&post=275227"}],"curies":[{"name":"wp","href":"https:\/\/api.w.org\/{rel}","templated":true}]}}