{"id":275240,"date":"2021-01-20T10:46:08","date_gmt":"2021-01-20T07:46:08","guid":{"rendered":"http:\/\/arantv.az\/?p=275240"},"modified":"2021-01-20T10:46:08","modified_gmt":"2021-01-20T07:46:08","slug":"britaniya-s%c9%99firi-ilk-ziyar%c9%99tim-s%c9%99hidl%c9%99r-xiyabanina-oldu","status":"publish","type":"post","link":"https:\/\/arantv.az\/?p=275240","title":{"rendered":"Britaniya s\u0259firi: \u0130lk ziyar\u0259tim \u015e\u0259hidl\u0259r Xiyaban\u0131na oldu"},"content":{"rendered":"<p>&#8220;2019-cu ild\u0259 Az\u0259rbaycanda f\u0259aliyy\u0259t\u0259 ba\u015flayanda ilk ziyar\u0259tim \u015e\u0259hidl\u0259r Xiyaban\u0131na oldu&#8221;.<\/p>\n<p><strong>ARANTV.AZ<\/strong>\u00a0 x\u0259b\u0259r verir ki, bunu B\u00f6y\u00fck Britaniyan\u0131n Az\u0259rbaycandak\u0131 s\u0259firi Ceyms \u015earp &#8220;Twitter&#8221; hesab\u0131nda bildirib.<\/p>\n<p>S\u0259fir foto payla\u015faraq qeyd edib: \u201cBu \u015f\u0259kil d\u0259 m\u0259hz o zaman \u00e7\u0259kilib. Britaniya s\u0259firliyinin \u0259m\u0259kda\u015flar\u0131 il\u0259 birlikd\u0259 Az\u0259rbaycan\u0131n m\u00fcst\u0259qilliyinin ni\u015fan\u0259si olan 20 Yanvar \u015f\u0259hidl\u0259rinin xatir\u0259sini h\u00f6rm\u0259tl\u0259 an\u0131r\u0131q\u201d.<\/p>\n<p>Qeyd ed\u0259k ki, bu g\u00fcn Az\u0259rbaycan tarixin\u0259 Qanl\u0131 Yanvar faci\u0259si kimi daxil olmu\u015f 1990-c\u0131 il 20 Yanvar hadis\u0259l\u0259rind\u0259n 31 il ke\u00e7ir.<\/p>\n","protected":false},"excerpt":{"rendered":"<p>&#8220;2019-cu ild\u0259 Az\u0259rbaycanda f\u0259aliyy\u0259t\u0259 ba\u015flayanda ilk ziyar\u0259tim \u015e\u0259hidl\u0259r Xiyaban\u0131na oldu&#8221;. ARANTV.AZ\u00a0 x\u0259b\u0259r verir ki, bunu B\u00f6y\u00fck Britaniyan\u0131n Az\u0259rbaycandak\u0131 s\u0259firi Ceyms \u015earp &#8220;Twitter&#8221; hesab\u0131nda bildirib. S\u0259fir foto payla\u015faraq qeyd edib: \u201cBu \u015f\u0259kil d\u0259 m\u0259hz o zaman \u00e7\u0259kilib. Britaniya s\u0259firliyinin \u0259m\u0259kda\u015flar\u0131 il\u0259 birlikd\u0259 Az\u0259rbaycan\u0131n m\u00fcst\u0259qilliyinin ni\u015fan\u0259si olan 20 Yanvar \u015f\u0259hidl\u0259rinin xatir\u0259sini h\u00f6rm\u0259tl\u0259 an\u0131r\u0131q\u201d. Qeyd ed\u0259k ki, bu g\u00fcn Az\u0259rbaycan tarixin\u0259 Qanl\u0131 Yanvar faci\u0259si kimi daxil olmu\u015f 1990-c\u0131 il 20 Yanvar hadis\u0259l\u0259rind\u0259n 31 il ke\u00e7ir.<\/p>\n","protected":false},"author":2,"featured_media":275241,"comment_status":"closed","ping_status":"closed","sticky":false,"template":"","format":"standard","meta":{"om_disable_all_campaigns":false,"_monsterinsights_skip_tracking":false,"_monsterinsights_sitenote_active":false,"_monsterinsights_sitenote_note":"","_monsterinsights_sitenote_category":0},"categories":[4],"tags":[],"aioseo_notices":[],"gutentor_comment":0,"rttpg_featured_image_url":{"full":["https:\/\/arantv.az\/wp-content\/uploads\/2021\/01\/81c8727c161112808518386940510938269.jpg",975,540,false],"landscape":["https:\/\/arantv.az\/wp-content\/uploads\/2021\/01\/81c8727c161112808518386940510938269.jpg",975,540,false],"portraits":["https:\/\/arantv.az\/wp-content\/uploads\/2021\/01\/81c8727c161112808518386940510938269.jpg",975,540,false],"thumbnail":["https:\/\/arantv.az\/wp-content\/uploads\/2021\/01\/81c8727c161112808518386940510938269-150x150.jpg",150,150,true],"medium":["https:\/\/arantv.az\/wp-content\/uploads\/2021\/01\/81c8727c161112808518386940510938269-300x166.jpg",300,166,true],"large":["https:\/\/arantv.az\/wp-content\/uploads\/2021\/01\/81c8727c161112808518386940510938269.jpg",640,354,false],"1536x1536":["https:\/\/arantv.az\/wp-content\/uploads\/2021\/01\/81c8727c161112808518386940510938269.jpg",975,540,false],"2048x2048":["https:\/\/arantv.az\/wp-content\/uploads\/2021\/01\/81c8727c161112808518386940510938269.jpg",975,540,false],"post-thumbnail":["https:\/\/arantv.az\/wp-content\/uploads\/2021\/01\/81c8727c161112808518386940510938269-240x172.jpg",240,172,true],"advps-thumb-one":["https:\/\/arantv.az\/wp-content\/uploads\/2021\/01\/81c8727c161112808518386940510938269.jpg",975,540,false]},"rttpg_author":{"display_name":"V\u00fcsal Rafiqo\u011flu","author_link":"https:\/\/arantv.az\/?author=2"},"rttpg_comment":0,"rttpg_category":"<a href=\"https:\/\/arantv.az\/?cat=4\" rel=\"category\">Siyas\u0259t<\/a>","rttpg_excerpt":"&#8220;2019-cu ild\u0259 Az\u0259rbaycanda f\u0259aliyy\u0259t\u0259 ba\u015flayanda ilk ziyar\u0259tim \u015e\u0259hidl\u0259r Xiyaban\u0131na oldu&#8221;. ARANTV.AZ\u00a0 x\u0259b\u0259r verir ki, bunu B\u00f6y\u00fck Britaniyan\u0131n Az\u0259rbaycandak\u0131 s\u0259firi Ceyms \u015earp &#8220;Twitter&#8221; hesab\u0131nda bildirib. S\u0259fir foto payla\u015faraq qeyd edib: \u201cBu \u015f\u0259kil d\u0259 m\u0259hz o zaman \u00e7\u0259kilib. Britaniya s\u0259firliyinin \u0259m\u0259kda\u015flar\u0131 il\u0259 birlikd\u0259 Az\u0259rbaycan\u0131n m\u00fcst\u0259qilliyinin ni\u015fan\u0259si olan 20 Yanvar \u015f\u0259hidl\u0259rinin xatir\u0259sini h\u00f6rm\u0259tl\u0259 an\u0131r\u0131q\u201d. Qeyd ed\u0259k ki, bu&hellip;","_links":{"self":[{"href":"https:\/\/arantv.az\/index.php?rest_route=\/wp\/v2\/posts\/275240"}],"collection":[{"href":"https:\/\/arantv.az\/index.php?rest_route=\/wp\/v2\/posts"}],"about":[{"href":"https:\/\/arantv.az\/index.php?rest_route=\/wp\/v2\/types\/post"}],"author":[{"embeddable":true,"href":"https:\/\/arantv.az\/index.php?rest_route=\/wp\/v2\/users\/2"}],"replies":[{"embeddable":true,"href":"https:\/\/arantv.az\/index.php?rest_route=%2Fwp%2Fv2%2Fcomments&post=275240"}],"version-history":[{"count":0,"href":"https:\/\/arantv.az\/index.php?rest_route=\/wp\/v2\/posts\/275240\/revisions"}],"wp:featuredmedia":[{"embeddable":true,"href":"https:\/\/arantv.az\/index.php?rest_route=\/wp\/v2\/media\/275241"}],"wp:attachment":[{"href":"https:\/\/arantv.az\/index.php?rest_route=%2Fwp%2Fv2%2Fmedia&parent=275240"}],"wp:term":[{"taxonomy":"category","embeddable":true,"href":"https:\/\/arantv.az\/index.php?rest_route=%2Fwp%2Fv2%2Fcategories&post=275240"},{"taxonomy":"post_tag","embeddable":true,"href":"https:\/\/arantv.az\/index.php?rest_route=%2Fwp%2Fv2%2Ftags&post=275240"}],"curies":[{"name":"wp","href":"https:\/\/api.w.org\/{rel}","templated":true}]}}