{"id":27530,"date":"2018-12-14T09:01:48","date_gmt":"2018-12-14T06:01:48","guid":{"rendered":"http:\/\/arantv.az\/?p=27530"},"modified":"2018-12-14T09:01:48","modified_gmt":"2018-12-14T06:01:48","slug":"avropa-ittifaqinin-nufuzlu-x%c9%99b%c9%99r-portali-az%c9%99rbaycan-xalqinin-tolerantliq-%c9%99n%c9%99n%c9%99l%c9%99rind%c9%99n-yazib","status":"publish","type":"post","link":"https:\/\/arantv.az\/?p=27530","title":{"rendered":"Avropa \u0130ttifaq\u0131n\u0131n n\u00fcfuzlu x\u0259b\u0259r portal\u0131 Az\u0259rbaycan xalq\u0131n\u0131n tolerantl\u0131q \u0259n\u0259n\u0259l\u0259rind\u0259n yaz\u0131b"},"content":{"rendered":"<p><strong>ARANTV.AZ<\/strong> x\u0259b\u0259r verir ki, Avropa \u0130ttifaq\u0131 (A\u0130) m\u0259s\u0259l\u0259l\u0259rini i\u015f\u0131qland\u0131ran \u201cThe Parliament Magazine\u201d x\u0259b\u0259r portal\u0131nda Avropa \u0130ttifaq\u0131 il\u0259 C\u0259nubi Qafqaz \u00f6lk\u0259l\u0259rinin m\u00fcnasib\u0259tl\u0259rind\u0259n b\u0259hs ed\u0259n m\u0259qal\u0259 yerl\u0259\u015fdirilib.<\/p>\n<p>Avropa Parlamentinin \u00fczv\u00fc, Avropa \u0130ttifaq\u0131\u2013Az\u0259rbaycan Parlamentl\u0259raras\u0131 \u018fm\u0259kda\u015fl\u0131q Komit\u0259sinin h\u0259ms\u0259dri S\u0259ccad K\u0259rimin m\u00fc\u0259llifi oldu\u011fu yaz\u0131da \u00f6lk\u0259mizl\u0259 A\u0130 aras\u0131ndak\u0131 m\u00fcnasib\u0259tl\u0259rin son d\u00f6vrd\u0259 inki\u015faf etdiyi diqq\u0259t\u0259 \u00e7atd\u0131r\u0131l\u0131b. S.K\u0259rim bildirib ki, Avropada antisemitizmin v\u0259 islamafobiyan\u0131n artd\u0131\u011f\u0131 bir d\u00f6vrd\u0259 avropal\u0131lar xristianlar\u0131n, m\u00fcs\u0259lmanlar\u0131n, y\u0259hudil\u0259rin v\u0259 ba\u015fqa dinl\u0259rin n\u00fcmay\u0259nd\u0259l\u0259rinin mehribanl\u0131q \u015f\u0259raitind\u0259 birg\u0259 ya\u015fad\u0131\u011f\u0131 Az\u0259rbaycan\u0131n y\u00fcks\u0259k tolerantl\u0131q x\u00fcsusiyy\u0259tl\u0259rind\u0259n faydalanmal\u0131d\u0131rlar.<\/p>\n<p>Erm\u0259nistan-Az\u0259rbaycan Da\u011fl\u0131q Qaraba\u011f m\u00fcnaqi\u015f\u0259sinin h\u0259ll olunmamas\u0131ndan t\u0259\u0259ss\u00fcfl\u0259ndiyini ifad\u0259 ed\u0259n m\u00fc\u0259llif A\u0130-nin Az\u0259rbaycan\u0131n beyn\u0259lxalq al\u0259md\u0259 tan\u0131nm\u0131\u015f s\u0259rh\u0259dl\u0259ri \u00e7\u0259r\u00e7iv\u0259sind\u0259 suverenliyin\u0259 v\u0259 \u0259razi b\u00fct\u00f6vl\u00fcy\u00fcn\u0259 d\u0259st\u0259yini bir daha vur\u011fulay\u0131b. O, Avropa \u0130ttifaq\u0131n\u0131n bu m\u00fcnaqi\u015f\u0259nin s\u00fclh yolu il\u0259 h\u0259ll edilm\u0259sin\u0259 \u00e7al\u0131\u015fd\u0131\u011f\u0131n\u0131 bildirib.<\/p>\n","protected":false},"excerpt":{"rendered":"<p>ARANTV.AZ x\u0259b\u0259r verir ki, Avropa \u0130ttifaq\u0131 (A\u0130) m\u0259s\u0259l\u0259l\u0259rini i\u015f\u0131qland\u0131ran \u201cThe Parliament Magazine\u201d x\u0259b\u0259r portal\u0131nda Avropa \u0130ttifaq\u0131 il\u0259 C\u0259nubi Qafqaz \u00f6lk\u0259l\u0259rinin m\u00fcnasib\u0259tl\u0259rind\u0259n b\u0259hs ed\u0259n m\u0259qal\u0259 yerl\u0259\u015fdirilib. Avropa Parlamentinin \u00fczv\u00fc, Avropa \u0130ttifaq\u0131\u2013Az\u0259rbaycan Parlamentl\u0259raras\u0131 \u018fm\u0259kda\u015fl\u0131q Komit\u0259sinin h\u0259ms\u0259dri S\u0259ccad K\u0259rimin m\u00fc\u0259llifi oldu\u011fu yaz\u0131da \u00f6lk\u0259mizl\u0259 A\u0130 aras\u0131ndak\u0131 m\u00fcnasib\u0259tl\u0259rin son d\u00f6vrd\u0259 inki\u015faf etdiyi diqq\u0259t\u0259 \u00e7atd\u0131r\u0131l\u0131b. S.K\u0259rim bildirib ki, Avropada antisemitizmin v\u0259 islamafobiyan\u0131n artd\u0131\u011f\u0131 bir d\u00f6vrd\u0259 avropal\u0131lar xristianlar\u0131n, m\u00fcs\u0259lmanlar\u0131n, y\u0259hudil\u0259rin v\u0259 ba\u015fqa dinl\u0259rin n\u00fcmay\u0259nd\u0259l\u0259rinin mehribanl\u0131q \u015f\u0259raitind\u0259 birg\u0259 ya\u015fad\u0131\u011f\u0131 Az\u0259rbaycan\u0131n y\u00fcks\u0259k tolerantl\u0131q x\u00fcsusiyy\u0259tl\u0259rind\u0259n faydalanmal\u0131d\u0131rlar. Erm\u0259nistan-Az\u0259rbaycan Da\u011fl\u0131q Qaraba\u011f m\u00fcnaqi\u015f\u0259sinin h\u0259ll olunmamas\u0131ndan t\u0259\u0259ss\u00fcfl\u0259ndiyini ifad\u0259 ed\u0259n m\u00fc\u0259llif A\u0130-nin Az\u0259rbaycan\u0131n beyn\u0259lxalq al\u0259md\u0259&hellip;<\/p>\n","protected":false},"author":2,"featured_media":27531,"comment_status":"closed","ping_status":"closed","sticky":false,"template":"","format":"standard","meta":{"om_disable_all_campaigns":false,"_monsterinsights_skip_tracking":false,"_monsterinsights_sitenote_active":false,"_monsterinsights_sitenote_note":"","_monsterinsights_sitenote_category":0},"categories":[4],"tags":[],"aioseo_notices":[],"gutentor_comment":0,"rttpg_featured_image_url":{"full":["https:\/\/arantv.az\/wp-content\/uploads\/2018\/12\/aio9k85piblfghcfk11tau37d1A\u0130.jpg",1152,672,false],"landscape":["https:\/\/arantv.az\/wp-content\/uploads\/2018\/12\/aio9k85piblfghcfk11tau37d1A\u0130.jpg",1152,672,false],"portraits":["https:\/\/arantv.az\/wp-content\/uploads\/2018\/12\/aio9k85piblfghcfk11tau37d1A\u0130.jpg",1152,672,false],"thumbnail":["https:\/\/arantv.az\/wp-content\/uploads\/2018\/12\/aio9k85piblfghcfk11tau37d1A\u0130-150x150.jpg",150,150,true],"medium":["https:\/\/arantv.az\/wp-content\/uploads\/2018\/12\/aio9k85piblfghcfk11tau37d1A\u0130-300x175.jpg",300,175,true],"large":["https:\/\/arantv.az\/wp-content\/uploads\/2018\/12\/aio9k85piblfghcfk11tau37d1A\u0130-1024x597.jpg",640,373,true],"1536x1536":["https:\/\/arantv.az\/wp-content\/uploads\/2018\/12\/aio9k85piblfghcfk11tau37d1A\u0130.jpg",1152,672,false],"2048x2048":["https:\/\/arantv.az\/wp-content\/uploads\/2018\/12\/aio9k85piblfghcfk11tau37d1A\u0130.jpg",1152,672,false],"post-thumbnail":["https:\/\/arantv.az\/wp-content\/uploads\/2018\/12\/aio9k85piblfghcfk11tau37d1A\u0130-240x172.jpg",240,172,true],"advps-thumb-one":["https:\/\/arantv.az\/wp-content\/uploads\/2018\/12\/aio9k85piblfghcfk11tau37d1A\u0130-1152x620.jpg",1152,620,true]},"rttpg_author":{"display_name":"V\u00fcsal Rafiqo\u011flu","author_link":"https:\/\/arantv.az\/?author=2"},"rttpg_comment":0,"rttpg_category":"<a href=\"https:\/\/arantv.az\/?cat=4\" rel=\"category\">Siyas\u0259t<\/a>","rttpg_excerpt":"ARANTV.AZ x\u0259b\u0259r verir ki, Avropa \u0130ttifaq\u0131 (A\u0130) m\u0259s\u0259l\u0259l\u0259rini i\u015f\u0131qland\u0131ran \u201cThe Parliament Magazine\u201d x\u0259b\u0259r portal\u0131nda Avropa \u0130ttifaq\u0131 il\u0259 C\u0259nubi Qafqaz \u00f6lk\u0259l\u0259rinin m\u00fcnasib\u0259tl\u0259rind\u0259n b\u0259hs ed\u0259n m\u0259qal\u0259 yerl\u0259\u015fdirilib. Avropa Parlamentinin \u00fczv\u00fc, Avropa \u0130ttifaq\u0131\u2013Az\u0259rbaycan Parlamentl\u0259raras\u0131 \u018fm\u0259kda\u015fl\u0131q Komit\u0259sinin h\u0259ms\u0259dri S\u0259ccad K\u0259rimin m\u00fc\u0259llifi oldu\u011fu yaz\u0131da \u00f6lk\u0259mizl\u0259 A\u0130 aras\u0131ndak\u0131 m\u00fcnasib\u0259tl\u0259rin son d\u00f6vrd\u0259 inki\u015faf etdiyi diqq\u0259t\u0259 \u00e7atd\u0131r\u0131l\u0131b. S.K\u0259rim bildirib ki, Avropada antisemitizmin v\u0259&hellip;","_links":{"self":[{"href":"https:\/\/arantv.az\/index.php?rest_route=\/wp\/v2\/posts\/27530"}],"collection":[{"href":"https:\/\/arantv.az\/index.php?rest_route=\/wp\/v2\/posts"}],"about":[{"href":"https:\/\/arantv.az\/index.php?rest_route=\/wp\/v2\/types\/post"}],"author":[{"embeddable":true,"href":"https:\/\/arantv.az\/index.php?rest_route=\/wp\/v2\/users\/2"}],"replies":[{"embeddable":true,"href":"https:\/\/arantv.az\/index.php?rest_route=%2Fwp%2Fv2%2Fcomments&post=27530"}],"version-history":[{"count":0,"href":"https:\/\/arantv.az\/index.php?rest_route=\/wp\/v2\/posts\/27530\/revisions"}],"wp:featuredmedia":[{"embeddable":true,"href":"https:\/\/arantv.az\/index.php?rest_route=\/wp\/v2\/media\/27531"}],"wp:attachment":[{"href":"https:\/\/arantv.az\/index.php?rest_route=%2Fwp%2Fv2%2Fmedia&parent=27530"}],"wp:term":[{"taxonomy":"category","embeddable":true,"href":"https:\/\/arantv.az\/index.php?rest_route=%2Fwp%2Fv2%2Fcategories&post=27530"},{"taxonomy":"post_tag","embeddable":true,"href":"https:\/\/arantv.az\/index.php?rest_route=%2Fwp%2Fv2%2Ftags&post=27530"}],"curies":[{"name":"wp","href":"https:\/\/api.w.org\/{rel}","templated":true}]}}