{"id":27533,"date":"2018-12-14T09:02:36","date_gmt":"2018-12-14T06:02:36","guid":{"rendered":"http:\/\/arantv.az\/?p=27533"},"modified":"2018-12-14T09:02:36","modified_gmt":"2018-12-14T06:02:36","slug":"prezident-ilham-%c9%99liyev-rusiyanin-xarici-isl%c9%99r-nazirini-q%c9%99bul-edib","status":"publish","type":"post","link":"https:\/\/arantv.az\/?p=27533","title":{"rendered":"Prezident \u0130lham \u018fliyev Rusiyan\u0131n xarici i\u015fl\u0259r nazirini q\u0259bul edib"},"content":{"rendered":"<p><strong>ARANTV.AZ<\/strong> x\u0259b\u0259r verir ki, Az\u0259rbaycan Respublikas\u0131n\u0131n Prezidenti \u0130lham \u018fliyev dekabr\u0131n 13-d\u0259 Rusiya Federasiyas\u0131n\u0131n xarici i\u015fl\u0259r naziri Sergey Lavrovu q\u0259bul edib.<\/p>\n<p>Rusiya xarici i\u015fl\u0259r nazirini salamlayan Prezident \u0130lham \u018fL\u0130YEV dedi:<\/p>\n<p>-H\u00f6rm\u0259tli Sergey Viktorovi\u00e7, m\u0259n Sizi Az\u0259rbaycanda g\u00f6rm\u0259y\u0259 \u00e7ox \u015fadam. Xo\u015f g\u0259lmisiniz. Sizin s\u0259f\u0259riniz bizim ikit\u0259r\u0259fli \u0259m\u0259kda\u015fl\u0131\u011f\u0131n vacib m\u0259s\u0259l\u0259l\u0259rini m\u00fczakir\u0259 etm\u0259k \u00fc\u00e7\u00fcn yax\u015f\u0131 imkand\u0131r. \u00d6z\u00fc d\u0259 bu s\u0259f\u0259r Yeni il \u0259r\u0259f\u0259sind\u0259dir.<\/p>\n<p>S\u0259f\u0259r bizim birg\u0259 i\u015fimizin 2019-cu il \u00fc\u00e7\u00fcn planlar\u0131n\u0131 m\u00fc\u0259yy\u0259nl\u0259\u015fdirm\u0259k, h\u0259m d\u0259 bu il hans\u0131 i\u015fl\u0259rin g\u00f6r\u00fcld\u00fcy\u00fcn\u00fc t\u0259hlil etm\u0259k \u00fc\u00e7\u00fcn yax\u015f\u0131 imkand\u0131r. Dem\u0259liy\u0259m ki, 2018-ci il m\u00fcnasib\u0259tl\u0259rimizin inki\u015faf\u0131 bax\u0131m\u0131ndan \u00e7ox m\u0259hsuldar il olub. Y\u00fcks\u0259k s\u0259viyy\u0259d\u0259 xeyli g\u00f6r\u00fc\u015fl\u0259r, o c\u00fcml\u0259d\u0259n m\u0259nim Rusiyaya sentyabr\u0131n \u0259vv\u0259lind\u0259 r\u0259smi s\u0259f\u0259rim v\u0259 Rusiya Prezidenti Vladimir Vladimirovi\u00e7 Putinin sentyabr\u0131n sonlar\u0131nda Az\u0259rbaycana s\u0259f\u0259ri olub. Bu s\u0259f\u0259rl\u0259r \u00e7\u0259r\u00e7iv\u0259sind\u0259 biz qar\u015f\u0131l\u0131ql\u0131 f\u0259aliyy\u0259timizin \u00e7ox m\u00fch\u00fcm m\u0259s\u0259l\u0259l\u0259rini m\u00fczakir\u0259 etmi\u015fik, g\u0259l\u0259c\u0259k \u0259m\u0259kda\u015fl\u0131q yollar\u0131n\u0131 m\u00fc\u0259yy\u0259nl\u0259\u015fdirmi\u015fik. H\u0259m d\u0259 \u0259min\u0259m ki, u\u011furla h\u0259yata ke\u00e7iril\u0259c\u0259k \u00e7oxlu sayda s\u0259n\u0259d imzalan\u0131b. Bu, bizim m\u00fcnasib\u0259tl\u0259rimiz\u0259 \u0259lav\u0259 dinamika ver\u0259c\u0259k.<\/p>\n<p>Biz beyn\u0259lxalq strukturlarda f\u0259al qar\u015f\u0131l\u0131ql\u0131 f\u0259aliyy\u0259t g\u00f6st\u0259ririk. Lap bu yax\u0131nlarda &#8211; bir h\u0259ft\u0259 \u0259vv\u0259l MDB-nin Sankt-Peterburqda qeyri-formal sammiti ke\u00e7irildi. Bu, t\u0259\u015fkilat\u0131n \u00fczvl\u0259rinin f\u0259aliyy\u0259tini g\u00fccl\u0259ndirm\u0259k \u00fc\u00e7\u00fcn \u00e7ox \u0259lam\u0259tdar hadis\u0259 idi. Bu il aktiv f\u0259aliyy\u0259t\u0259 ba\u015flayan h\u00f6kum\u0259tl\u0259raras\u0131 komissiyan\u0131n yeni t\u0259rkibi formala\u015fd\u0131r\u0131l\u0131b. Bu yax\u0131nlarda g\u00f6r\u00fc\u015f\u0259c\u0259kl\u0259r. H\u0259m\u00e7inin Rusiya-Az\u0259rbaycan \u0130\u015fg\u00fczar \u015euras\u0131n\u0131n yeni t\u0259rkibi formala\u015fd\u0131r\u0131l\u0131b. Y\u0259ni, biz ticari-iqtisadi \u0259laq\u0259l\u0259r\u0259, investisiya proqramlar\u0131na dinamika vermi\u015fik. D\u00fc\u015f\u00fcn\u00fcr\u0259m ki, n\u0259tic\u0259l\u0259r \u00e7ox yax\u015f\u0131 olacaq.<\/p>\n<p>\u018flb\u0259tt\u0259, biz bu g\u00fcn Erm\u0259nistan-Az\u0259rbaycan Da\u011fl\u0131q Qaraba\u011f m\u00fcnaqi\u015f\u0259sinin h\u0259lli il\u0259 ba\u011fl\u0131 m\u0259s\u0259l\u0259l\u0259ri d\u0259 m\u00fczakir\u0259 ed\u0259c\u0259yik. \u00dcmid edirik ki, 2019-cu il nizamlanma prosesin\u0259 yeni impuls ver\u0259c\u0259k. \u018flb\u0259tt\u0259 ki, m\u00fcnaqi\u015f\u0259nin h\u0259lli il\u0259 ba\u011fl\u0131 AT\u018fT-in Minsk qrupunun h\u0259ms\u0259drl\u0259rind\u0259n biri kimi Rusiyan\u0131n s\u0259yl\u0259rin\u0259 \u00fcmid edirik. Biz bir \u00e7ox sah\u0259l\u0259rd\u0259 qar\u015f\u0131l\u0131ql\u0131 f\u0259aliyy\u0259t g\u00f6st\u0259ririk. M\u0259n, h\u0259m\u00e7inin \u015eimal-C\u0259nub d\u0259hlizinin yarad\u0131lmas\u0131 il\u0259 ba\u011fl\u0131 bizim f\u0259aliyy\u0259timizin n\u0259tic\u0259l\u0259rini m\u0259mnunluqla qeyd etm\u0259k ist\u0259rdim. Biz bu istiqam\u0259td\u0259 f\u0259al qar\u015f\u0131l\u0131ql\u0131 f\u0259aliyy\u0259t g\u00f6st\u0259ririk. M\u00fcvafiq strukturlar, n\u0259qliyyat qurumlar\u0131 \u00e7ox m\u0259hsuldar i\u015fl\u0259yirl\u0259r. Biz bu il art\u0131q yax\u015f\u0131 n\u0259tic\u0259l\u0259ri g\u00f6r\u00fcr\u00fck. Biz dig\u0259r t\u0259r\u0259fda\u015flar\u0131m\u0131zla, qon\u015fular\u0131m\u0131zla bu layih\u0259ni m\u00fcmk\u00fcn q\u0259d\u0259r tez ba\u015fa \u00e7atd\u0131rmaq \u00fc\u00e7\u00fcn birg\u0259 s\u0259yl\u0259rimizi davam etdir\u0259c\u0259yik.<\/p>\n<p>M\u0259tbuat qar\u015f\u0131s\u0131nda qeyd etm\u0259k ist\u0259diyim son m\u0259s\u0259l\u0259 bizim humanitar \u0259m\u0259kda\u015fl\u0131\u011f\u0131m\u0131z haqq\u0131ndad\u0131r. Bildiyiniz kimi, bu yax\u0131nlarda Rusiya v\u0259 Az\u0259rbaycan prezidentl\u0259rinin himay\u0259darl\u0131\u011f\u0131 il\u0259 Bak\u0131da n\u00f6vb\u0259ti Humanitar Forum ke\u00e7irilib. Prezident Vladimir Putin Forum i\u015ftirak\u00e7\u0131lar\u0131na m\u0259ktub g\u00f6nd\u0259rib. Bu Forum humanitar m\u0259s\u0259l\u0259l\u0259ri m\u00fczakir\u0259 etm\u0259k \u00fc\u00e7\u00fcn m\u00fch\u00fcm beyn\u0259lxalq meydand\u0131r.<\/p>\n<p>Bir daha m\u00fcnasib\u0259tl\u0259rimizin bu c\u00fcr t\u0259\u015f\u0259kk\u00fcl\u00fcnd\u0259n m\u0259mnunluq ifad\u0259 edir\u0259m v\u0259 \u00fcmidvaram ki, g\u0259l\u0259c\u0259kd\u0259 d\u0259 bel\u0259 yax\u015f\u0131 n\u0259tic\u0259l\u0259r olacaq. Bir daha xo\u015f g\u0259lmisiniz.<\/p>\n<p><strong>x x x<\/strong><\/p>\n<p>Rusiyan\u0131n xarici i\u015fl\u0259r naziri Sergey LAVROV dedi:<\/p>\n<p>-H\u00f6rm\u0259tli \u0130lham Heyd\u0259r o\u011flu.<\/p>\n<p>Son alt\u0131 ayda Az\u0259rbaycan\u0131n s\u0259drlik etdiyi Qara D\u0259niz \u0130qtisadi \u018fm\u0259kda\u015fl\u0131q T\u0259\u015fkilat\u0131n\u0131n x\u0259tti il\u0259 sabah Bak\u0131da ke\u00e7iril\u0259c\u0259k t\u0259dbirl\u0259rl\u0259 ba\u011fl\u0131 bizi q\u0259bul etdiyiniz\u0259 g\u00f6r\u0259 \u00e7ox sa\u011f olun. Bu v\u0259zif\u0259nin h\u0259mkarlar\u0131n\u0131z t\u0259r\u0259find\u0259n \u00e7ox u\u011furla yerin\u0259 yetirilm\u0259si m\u00fcnasib\u0259til\u0259 Sizi t\u0259brik edir\u0259m. Bizim m\u00f6vqeyimiz ondan ibar\u0259tdir ki, bu t\u0259\u015fkilat Qara d\u0259niz regionunda qar\u015f\u0131l\u0131ql\u0131 f\u0259aliyy\u0259t \u00e7\u0259r\u00e7iv\u0259sind\u0259 birg\u0259 i\u015fimizi s\u0259f\u0259rb\u0259r etm\u0259y\u0259 davam etm\u0259lidir.<\/p>\n<p>Siz\u0259 Vladimir Vladimirovi\u00e7 Putinin \u0259n xo\u015f arzular\u0131n\u0131 v\u0259 salamlar\u0131n\u0131 \u00e7atd\u0131r\u0131ram. O, Sizin strateji t\u0259r\u0259fda\u015fl\u0131\u011f\u0131m\u0131z\u0131 ir\u0259li aparma\u011fa imkan ver\u0259n \u015f\u0259xsi m\u00fcnasib\u0259tinizi y\u00fcks\u0259k qiym\u0259tl\u0259ndirir. Art\u0131q hesablad\u0131\u011f\u0131m\u0131z kimi, sizin bu il alt\u0131 d\u0259f\u0259 ke\u00e7iril\u0259n g\u00f6r\u00fc\u015fl\u0259riniz, son g\u00f6r\u00fc\u015fl\u0259riniz, o c\u00fcml\u0259d\u0259n qar\u015f\u0131l\u0131ql\u0131 s\u0259f\u0259rl\u0259r zaman\u0131 \u0259ld\u0259 olunan raz\u0131la\u015fmalar yerin\u0259 yetirilir. H\u00f6kum\u0259tl\u0259raras\u0131 Komissiyan\u0131n sabahk\u0131 iclas\u0131 da y\u0259qin ki, sizin raz\u0131la\u015fd\u0131rd\u0131\u011f\u0131n\u0131z istiqam\u0259tl\u0259r \u2013 ticar\u0259tin asanla\u015fd\u0131r\u0131lmas\u0131, b\u00fcdc\u0259-vergi sah\u0259sinin r\u0259q\u0259msalla\u015fd\u0131r\u0131lmas\u0131, n\u0259qliyyat sah\u0259sind\u0259 \u0259m\u0259kda\u015fl\u0131q, birg\u0259 m\u00fc\u0259ssis\u0259l\u0259rin yarad\u0131lmas\u0131, Siz qeyd etdiyiniz kimi, humanitar \u0259laq\u0259l\u0259r, \u0259n m\u00fcxt\u0259lif sah\u0259l\u0259r, o c\u00fcml\u0259d\u0259n bizim \u0259m\u0259kda\u015fl\u0131\u011f\u0131m\u0131z\u0131n vacib sah\u0259si olan Rusiya v\u0259 Az\u0259rbaycan\u0131n regionlar\u0131 aras\u0131ndak\u0131 qar\u015f\u0131l\u0131ql\u0131 f\u0259aliyy\u0259t\u0259 t\u0259kan ver\u0259c\u0259k. Biz Az\u0259rbaycanla beyn\u0259lxalq arenada, BMT-d\u0259, Avropa \u015euras\u0131nda qar\u015f\u0131l\u0131ql\u0131 f\u0259aliyy\u0259ti qiym\u0259tl\u0259ndiririk. \u0130ndi Avropa \u015euras\u0131n\u0131n strukturlar\u0131nda b\u00fct\u00fcn \u00fczv \u00f6lk\u0259l\u0259rin b\u0259rab\u0259r h\u00fcquqlar\u0131n\u0131n t\u0259min olundu\u011fu bu t\u0259\u015fkilat\u0131n Nizamnam\u0259sinin \u0259sas qaydalar\u0131na yenid\u0259n bax\u0131lmas\u0131 c\u0259hdl\u0259ri var. Biz AT\u018fT-d\u0259 d\u0259 birlikd\u0259 i\u015fl\u0259yirik.<\/p>\n<p>\u018flb\u0259tt\u0259, biz Da\u011fl\u0131q Qaraba\u011f m\u00fcnaqi\u015f\u0259sinin h\u0259lli il\u0259 ba\u011fl\u0131 Bak\u0131 il\u0259 Yerevan aras\u0131nda birba\u015fa dialoqa k\u00f6m\u0259k g\u00f6st\u0259rm\u0259y\u0259 davam etm\u0259k ist\u0259yirik. Bilir\u0259m ki, Sizin Erm\u0259nistan\u0131n ba\u015f naziri il\u0259 birba\u015fa dan\u0131\u015f\u0131qlar\u0131n\u0131z olub. M\u0259nim h\u0259mkar\u0131m v\u0259 dostum Elmar M\u0259h\u0259rr\u0259m o\u011flu M\u0259mm\u0259dyarovun Erm\u0259nistan\u0131n xarici i\u015fl\u0259r naziri v\u0259zif\u0259sini icra ed\u0259n Z\u00f6hrab Mnatsakanyanla dan\u0131\u015f\u0131qlar\u0131 olub. Bu g\u00fcn biz \u0259lb\u0259tt\u0259 ki, Sizin ir\u0259liy\u0259 do\u011fru hans\u0131 add\u0131mlar at\u0131laca\u011f\u0131n\u0131 nec\u0259 d\u0259y\u0259rl\u0259ndirdiyinizi bilm\u0259kd\u0259 son d\u0259r\u0259c\u0259 maraql\u0131y\u0131q. \u0130st\u0259yirik ki, m\u00fcnaqi\u015f\u0259 \u0259dal\u0259tli, qar\u015f\u0131l\u0131ql\u0131 m\u0259qbul h\u0259ll olunsun. Rusiya Federasiyas\u0131 h\u0259m \u00f6z s\u0259yl\u0259ri il\u0259, h\u0259m d\u0259 AT\u018fT-in Rusiya, Fransa v\u0259 AB\u015e-\u0131n daxil oldu\u011fu Minsk qrupunun h\u0259ms\u0259dr \u00fc\u00e7l\u00fcy\u00fcn\u00fcn \u00fczv\u00fc kimi bu c\u00fcr raz\u0131la\u015fmalar\u0131n \u0259ld\u0259 edilm\u0259sin\u0259 nail olmaq \u00fc\u00e7\u00fcn \u0259lind\u0259n g\u0259l\u0259ni ed\u0259c\u0259k. Bir daha bu imkana g\u00f6r\u0259 \u00e7ox sa\u011f olun.<\/p>\n","protected":false},"excerpt":{"rendered":"<p>ARANTV.AZ x\u0259b\u0259r verir ki, Az\u0259rbaycan Respublikas\u0131n\u0131n Prezidenti \u0130lham \u018fliyev dekabr\u0131n 13-d\u0259 Rusiya Federasiyas\u0131n\u0131n xarici i\u015fl\u0259r naziri Sergey Lavrovu q\u0259bul edib. Rusiya xarici i\u015fl\u0259r nazirini salamlayan Prezident \u0130lham \u018fL\u0130YEV dedi: -H\u00f6rm\u0259tli Sergey Viktorovi\u00e7, m\u0259n Sizi Az\u0259rbaycanda g\u00f6rm\u0259y\u0259 \u00e7ox \u015fadam. Xo\u015f g\u0259lmisiniz. Sizin s\u0259f\u0259riniz bizim ikit\u0259r\u0259fli \u0259m\u0259kda\u015fl\u0131\u011f\u0131n vacib m\u0259s\u0259l\u0259l\u0259rini m\u00fczakir\u0259 etm\u0259k \u00fc\u00e7\u00fcn yax\u015f\u0131 imkand\u0131r. \u00d6z\u00fc d\u0259 bu s\u0259f\u0259r Yeni il \u0259r\u0259f\u0259sind\u0259dir. S\u0259f\u0259r bizim birg\u0259 i\u015fimizin 2019-cu il \u00fc\u00e7\u00fcn planlar\u0131n\u0131 m\u00fc\u0259yy\u0259nl\u0259\u015fdirm\u0259k, h\u0259m d\u0259 bu il hans\u0131 i\u015fl\u0259rin g\u00f6r\u00fcld\u00fcy\u00fcn\u00fc t\u0259hlil etm\u0259k \u00fc\u00e7\u00fcn yax\u015f\u0131 imkand\u0131r. Dem\u0259liy\u0259m ki, 2018-ci il m\u00fcnasib\u0259tl\u0259rimizin inki\u015faf\u0131 bax\u0131m\u0131ndan \u00e7ox m\u0259hsuldar il&hellip;<\/p>\n","protected":false},"author":2,"featured_media":27534,"comment_status":"closed","ping_status":"closed","sticky":false,"template":"","format":"standard","meta":{"om_disable_all_campaigns":false,"_monsterinsights_skip_tracking":false,"_monsterinsights_sitenote_active":false,"_monsterinsights_sitenote_note":"","_monsterinsights_sitenote_category":0},"categories":[8],"tags":[],"aioseo_notices":[],"gutentor_comment":0,"rttpg_featured_image_url":{"full":["https:\/\/arantv.az\/wp-content\/uploads\/2018\/12\/aio9k85piblfghcfk11tau37d1pr3.jpg",936,582,false],"landscape":["https:\/\/arantv.az\/wp-content\/uploads\/2018\/12\/aio9k85piblfghcfk11tau37d1pr3.jpg",936,582,false],"portraits":["https:\/\/arantv.az\/wp-content\/uploads\/2018\/12\/aio9k85piblfghcfk11tau37d1pr3.jpg",936,582,false],"thumbnail":["https:\/\/arantv.az\/wp-content\/uploads\/2018\/12\/aio9k85piblfghcfk11tau37d1pr3-150x150.jpg",150,150,true],"medium":["https:\/\/arantv.az\/wp-content\/uploads\/2018\/12\/aio9k85piblfghcfk11tau37d1pr3-300x187.jpg",300,187,true],"large":["https:\/\/arantv.az\/wp-content\/uploads\/2018\/12\/aio9k85piblfghcfk11tau37d1pr3.jpg",640,398,false],"1536x1536":["https:\/\/arantv.az\/wp-content\/uploads\/2018\/12\/aio9k85piblfghcfk11tau37d1pr3.jpg",936,582,false],"2048x2048":["https:\/\/arantv.az\/wp-content\/uploads\/2018\/12\/aio9k85piblfghcfk11tau37d1pr3.jpg",936,582,false],"post-thumbnail":["https:\/\/arantv.az\/wp-content\/uploads\/2018\/12\/aio9k85piblfghcfk11tau37d1pr3-240x172.jpg",240,172,true],"advps-thumb-one":["https:\/\/arantv.az\/wp-content\/uploads\/2018\/12\/aio9k85piblfghcfk11tau37d1pr3.jpg",936,582,false]},"rttpg_author":{"display_name":"V\u00fcsal Rafiqo\u011flu","author_link":"https:\/\/arantv.az\/?author=2"},"rttpg_comment":0,"rttpg_category":"<a href=\"https:\/\/arantv.az\/?cat=8\" rel=\"category\">\u018fsas s\u0259hif\u0259<\/a>","rttpg_excerpt":"ARANTV.AZ x\u0259b\u0259r verir ki, Az\u0259rbaycan Respublikas\u0131n\u0131n Prezidenti \u0130lham \u018fliyev dekabr\u0131n 13-d\u0259 Rusiya Federasiyas\u0131n\u0131n xarici i\u015fl\u0259r naziri Sergey Lavrovu q\u0259bul edib. Rusiya xarici i\u015fl\u0259r nazirini salamlayan Prezident \u0130lham \u018fL\u0130YEV dedi: -H\u00f6rm\u0259tli Sergey Viktorovi\u00e7, m\u0259n Sizi Az\u0259rbaycanda g\u00f6rm\u0259y\u0259 \u00e7ox \u015fadam. Xo\u015f g\u0259lmisiniz. Sizin s\u0259f\u0259riniz bizim ikit\u0259r\u0259fli \u0259m\u0259kda\u015fl\u0131\u011f\u0131n vacib m\u0259s\u0259l\u0259l\u0259rini m\u00fczakir\u0259 etm\u0259k \u00fc\u00e7\u00fcn yax\u015f\u0131 imkand\u0131r. \u00d6z\u00fc d\u0259 bu&hellip;","_links":{"self":[{"href":"https:\/\/arantv.az\/index.php?rest_route=\/wp\/v2\/posts\/27533"}],"collection":[{"href":"https:\/\/arantv.az\/index.php?rest_route=\/wp\/v2\/posts"}],"about":[{"href":"https:\/\/arantv.az\/index.php?rest_route=\/wp\/v2\/types\/post"}],"author":[{"embeddable":true,"href":"https:\/\/arantv.az\/index.php?rest_route=\/wp\/v2\/users\/2"}],"replies":[{"embeddable":true,"href":"https:\/\/arantv.az\/index.php?rest_route=%2Fwp%2Fv2%2Fcomments&post=27533"}],"version-history":[{"count":0,"href":"https:\/\/arantv.az\/index.php?rest_route=\/wp\/v2\/posts\/27533\/revisions"}],"wp:featuredmedia":[{"embeddable":true,"href":"https:\/\/arantv.az\/index.php?rest_route=\/wp\/v2\/media\/27534"}],"wp:attachment":[{"href":"https:\/\/arantv.az\/index.php?rest_route=%2Fwp%2Fv2%2Fmedia&parent=27533"}],"wp:term":[{"taxonomy":"category","embeddable":true,"href":"https:\/\/arantv.az\/index.php?rest_route=%2Fwp%2Fv2%2Fcategories&post=27533"},{"taxonomy":"post_tag","embeddable":true,"href":"https:\/\/arantv.az\/index.php?rest_route=%2Fwp%2Fv2%2Ftags&post=27533"}],"curies":[{"name":"wp","href":"https:\/\/api.w.org\/{rel}","templated":true}]}}