{"id":275406,"date":"2021-01-20T14:03:45","date_gmt":"2021-01-20T11:03:45","guid":{"rendered":"http:\/\/arantv.az\/?p=275406"},"modified":"2021-01-20T14:03:45","modified_gmt":"2021-01-20T11:03:45","slug":"fransanin-az%c9%99rbaycandaki-s%c9%99firi-20-yanvar-faci%c9%99sil%c9%99-bagli-paylasim-etdi-foto","status":"publish","type":"post","link":"https:\/\/arantv.az\/?p=275406","title":{"rendered":"Fransan\u0131n Az\u0259rbaycandak\u0131 s\u0259firi 20 yanvar faci\u0259sil\u0259 ba\u011fl\u0131 payla\u015f\u0131m etdi &#8211; FOTO"},"content":{"rendered":"<p>Fransan\u0131n Az\u0259rbaycandak\u0131 s\u0259firi Zakari Qross 20 Yanvar faci\u0259sil\u0259 ba\u011fl\u0131 tvit yaz\u0131b. Diplomat h\u0259min gec\u0259 sovet qo\u015funlar\u0131n\u0131n m\u0259hz dinc sakinl\u0259r\u0259 at\u0259\u015f a\u00e7mas\u0131n\u0131 da qeyd edib.<\/p>\n<p>\u201c1990-c\u0131 ilin bu g\u00fcn\u00fc sovet qo\u015funlar\u0131 Bak\u0131da insanlara at\u0259\u015f a\u00e7d\u0131.\u00a0<span data-language-for-alternatives=\"az\" data-language-to-translate-into=\"ru\" data-phrase-index=\"1\">130-dan \u00e7ox dinc n\u00fcmayi\u015f\u00e7i v\u0259 \u0259trafdak\u0131 sad\u0259 insanlar \u00f6ld\u00fcr\u00fcld\u00fcl\u0259r.<\/span>\u00a0<span data-language-for-alternatives=\"az\" data-language-to-translate-into=\"ru\" data-phrase-index=\"2\">\u0130ki ild\u0259n az m\u00fcdd\u0259t sonra is\u0259 Az\u0259rbaycan Sovet \u0130ttifaq\u0131n\u0131n t\u0259rkibind\u0259n \u00e7\u0131xaraq, \u00f6z m\u00fcst\u0259qilliyini elan etdi\u201d, -yazaraq s\u0259fir hadis\u0259y\u0259 \u00f6z m\u00fcnasib\u0259tini bildirib.<\/span><\/p>\n<div>\n<div class=\"twitter-tweet twitter-tweet-rendered\"><iframe id=\"twitter-widget-0\" class=\"\" title=\"Twitter Tweet\" src=\"https:\/\/platform.twitter.com\/embed\/index.html?creatorScreenName=oxuaz&amp;dnt=false&amp;embedId=twitter-widget-0&amp;frame=false&amp;hideCard=false&amp;hideThread=false&amp;id=1351773402110038016&amp;lang=en&amp;origin=https%3A%2F%2Foxu.az%2Fpolitics%2F459477&amp;siteScreenName=oxuaz&amp;theme=light&amp;widgetsVersion=ed20a2b%3A1601588405575&amp;width=550px\" frameborder=\"0\" scrolling=\"no\" allowfullscreen=\"allowfullscreen\" data-tweet-id=\"1351773402110038016\" data-mce-fragment=\"1\"><\/iframe><\/div>\n<\/div>\n<p>&nbsp;<\/p>\n","protected":false},"excerpt":{"rendered":"<p>Fransan\u0131n Az\u0259rbaycandak\u0131 s\u0259firi Zakari Qross 20 Yanvar faci\u0259sil\u0259 ba\u011fl\u0131 tvit yaz\u0131b. Diplomat h\u0259min gec\u0259 sovet qo\u015funlar\u0131n\u0131n m\u0259hz dinc sakinl\u0259r\u0259 at\u0259\u015f a\u00e7mas\u0131n\u0131 da qeyd edib. \u201c1990-c\u0131 ilin bu g\u00fcn\u00fc sovet qo\u015funlar\u0131 Bak\u0131da insanlara at\u0259\u015f a\u00e7d\u0131.\u00a0130-dan \u00e7ox dinc n\u00fcmayi\u015f\u00e7i v\u0259 \u0259trafdak\u0131 sad\u0259 insanlar \u00f6ld\u00fcr\u00fcld\u00fcl\u0259r.\u00a0\u0130ki ild\u0259n az m\u00fcdd\u0259t sonra is\u0259 Az\u0259rbaycan Sovet \u0130ttifaq\u0131n\u0131n t\u0259rkibind\u0259n \u00e7\u0131xaraq, \u00f6z m\u00fcst\u0259qilliyini elan etdi\u201d, -yazaraq s\u0259fir hadis\u0259y\u0259 \u00f6z m\u00fcnasib\u0259tini bildirib. &nbsp;<\/p>\n","protected":false},"author":2,"featured_media":275407,"comment_status":"closed","ping_status":"closed","sticky":false,"template":"","format":"standard","meta":{"om_disable_all_campaigns":false,"_monsterinsights_skip_tracking":false,"_monsterinsights_sitenote_active":false,"_monsterinsights_sitenote_note":"","_monsterinsights_sitenote_category":0},"categories":[4],"tags":[],"aioseo_notices":[],"gutentor_comment":0,"rttpg_featured_image_url":{"full":["https:\/\/arantv.az\/wp-content\/uploads\/2021\/01\/58a0cac9-6205-4691-8bff-cd78fe744f72_850.jpg",554,465,false],"landscape":["https:\/\/arantv.az\/wp-content\/uploads\/2021\/01\/58a0cac9-6205-4691-8bff-cd78fe744f72_850.jpg",554,465,false],"portraits":["https:\/\/arantv.az\/wp-content\/uploads\/2021\/01\/58a0cac9-6205-4691-8bff-cd78fe744f72_850.jpg",554,465,false],"thumbnail":["https:\/\/arantv.az\/wp-content\/uploads\/2021\/01\/58a0cac9-6205-4691-8bff-cd78fe744f72_850-150x150.jpg",150,150,true],"medium":["https:\/\/arantv.az\/wp-content\/uploads\/2021\/01\/58a0cac9-6205-4691-8bff-cd78fe744f72_850-300x252.jpg",300,252,true],"large":["https:\/\/arantv.az\/wp-content\/uploads\/2021\/01\/58a0cac9-6205-4691-8bff-cd78fe744f72_850.jpg",554,465,false],"1536x1536":["https:\/\/arantv.az\/wp-content\/uploads\/2021\/01\/58a0cac9-6205-4691-8bff-cd78fe744f72_850.jpg",554,465,false],"2048x2048":["https:\/\/arantv.az\/wp-content\/uploads\/2021\/01\/58a0cac9-6205-4691-8bff-cd78fe744f72_850.jpg",554,465,false],"post-thumbnail":["https:\/\/arantv.az\/wp-content\/uploads\/2021\/01\/58a0cac9-6205-4691-8bff-cd78fe744f72_850-240x172.jpg",240,172,true],"advps-thumb-one":["https:\/\/arantv.az\/wp-content\/uploads\/2021\/01\/58a0cac9-6205-4691-8bff-cd78fe744f72_850.jpg",554,465,false]},"rttpg_author":{"display_name":"V\u00fcsal Rafiqo\u011flu","author_link":"https:\/\/arantv.az\/?author=2"},"rttpg_comment":0,"rttpg_category":"<a href=\"https:\/\/arantv.az\/?cat=4\" rel=\"category\">Siyas\u0259t<\/a>","rttpg_excerpt":"Fransan\u0131n Az\u0259rbaycandak\u0131 s\u0259firi Zakari Qross 20 Yanvar faci\u0259sil\u0259 ba\u011fl\u0131 tvit yaz\u0131b. Diplomat h\u0259min gec\u0259 sovet qo\u015funlar\u0131n\u0131n m\u0259hz dinc sakinl\u0259r\u0259 at\u0259\u015f a\u00e7mas\u0131n\u0131 da qeyd edib. \u201c1990-c\u0131 ilin bu g\u00fcn\u00fc sovet qo\u015funlar\u0131 Bak\u0131da insanlara at\u0259\u015f a\u00e7d\u0131.\u00a0130-dan \u00e7ox dinc n\u00fcmayi\u015f\u00e7i v\u0259 \u0259trafdak\u0131 sad\u0259 insanlar \u00f6ld\u00fcr\u00fcld\u00fcl\u0259r.\u00a0\u0130ki ild\u0259n az m\u00fcdd\u0259t sonra is\u0259 Az\u0259rbaycan Sovet \u0130ttifaq\u0131n\u0131n t\u0259rkibind\u0259n \u00e7\u0131xaraq, \u00f6z m\u00fcst\u0259qilliyini elan&hellip;","_links":{"self":[{"href":"https:\/\/arantv.az\/index.php?rest_route=\/wp\/v2\/posts\/275406"}],"collection":[{"href":"https:\/\/arantv.az\/index.php?rest_route=\/wp\/v2\/posts"}],"about":[{"href":"https:\/\/arantv.az\/index.php?rest_route=\/wp\/v2\/types\/post"}],"author":[{"embeddable":true,"href":"https:\/\/arantv.az\/index.php?rest_route=\/wp\/v2\/users\/2"}],"replies":[{"embeddable":true,"href":"https:\/\/arantv.az\/index.php?rest_route=%2Fwp%2Fv2%2Fcomments&post=275406"}],"version-history":[{"count":0,"href":"https:\/\/arantv.az\/index.php?rest_route=\/wp\/v2\/posts\/275406\/revisions"}],"wp:featuredmedia":[{"embeddable":true,"href":"https:\/\/arantv.az\/index.php?rest_route=\/wp\/v2\/media\/275407"}],"wp:attachment":[{"href":"https:\/\/arantv.az\/index.php?rest_route=%2Fwp%2Fv2%2Fmedia&parent=275406"}],"wp:term":[{"taxonomy":"category","embeddable":true,"href":"https:\/\/arantv.az\/index.php?rest_route=%2Fwp%2Fv2%2Fcategories&post=275406"},{"taxonomy":"post_tag","embeddable":true,"href":"https:\/\/arantv.az\/index.php?rest_route=%2Fwp%2Fv2%2Ftags&post=275406"}],"curies":[{"name":"wp","href":"https:\/\/api.w.org\/{rel}","templated":true}]}}