{"id":275410,"date":"2021-01-20T14:05:29","date_gmt":"2021-01-20T11:05:29","guid":{"rendered":"http:\/\/arantv.az\/?p=275410"},"modified":"2021-01-20T14:05:29","modified_gmt":"2021-01-20T11:05:29","slug":"ai-nin-az%c9%99rbaycandaki-numay%c9%99nd%c9%99liyi-20-yanvar-faci%c9%99sinin-ildonumu-il%c9%99-bagli-b%c9%99yanat-verib","status":"publish","type":"post","link":"https:\/\/arantv.az\/?p=275410","title":{"rendered":"A\u0130-nin Az\u0259rbaycandak\u0131 n\u00fcmay\u0259nd\u0259liyi 20 Yanvar faci\u0259sinin ild\u00f6n\u00fcm\u00fc il\u0259 ba\u011fl\u0131 b\u0259yanat verib"},"content":{"rendered":"<p>Bu h\u00fcznl\u00fc g\u00fcnd\u0259 Avropa \u0130ttifaq\u0131n\u0131n (A\u0130) n\u00fcmay\u0259nd\u0259liyi Az\u0259rbaycan xalq\u0131 il\u0259 birg\u0259 Qara Yanvar faci\u0259sinin qurbanlar\u0131n\u0131n xatir\u0259sini an\u0131r.<\/p>\n<p><strong>ARANTV.AZ<\/strong> x\u0259b\u0259r verir ki, bu bar\u0259d\u0259 A\u0130-nin Az\u0259rbaycandak\u0131 n\u00fcmay\u0259nd\u0259liyinin 20 Yanvar faci\u0259sinin 31-ci ild\u00f6n\u00fcm\u00fc il\u0259 \u0259laq\u0259dar b\u0259yanat\u0131nda deyilir.<\/p>\n<p>B\u0259yanatda qeyd olunur: &#8220;Faci\u0259vi hadis\u0259l\u0259r daha yax\u015f\u0131 g\u0259l\u0259c\u0259k \u00fc\u00e7\u00fcn s\u00fclh v\u0259 humanizmin d\u0259st\u0259kl\u0259nm\u0259sinin z\u0259rur\u0259tini vur\u011fulay\u0131r. Yanvar hadis\u0259l\u0259rinin qurbanlar\u0131n\u0131n ail\u0259l\u0259rin\u0259 v\u0259 yax\u0131nlar\u0131na d\u0259rin h\u00fcznl\u0259 ba\u015fsa\u011fl\u0131\u011f\u0131m\u0131z\u0131 ifad\u0259 edirik&#8221;.<\/p>\n","protected":false},"excerpt":{"rendered":"<p>Bu h\u00fcznl\u00fc g\u00fcnd\u0259 Avropa \u0130ttifaq\u0131n\u0131n (A\u0130) n\u00fcmay\u0259nd\u0259liyi Az\u0259rbaycan xalq\u0131 il\u0259 birg\u0259 Qara Yanvar faci\u0259sinin qurbanlar\u0131n\u0131n xatir\u0259sini an\u0131r. ARANTV.AZ x\u0259b\u0259r verir ki, bu bar\u0259d\u0259 A\u0130-nin Az\u0259rbaycandak\u0131 n\u00fcmay\u0259nd\u0259liyinin 20 Yanvar faci\u0259sinin 31-ci ild\u00f6n\u00fcm\u00fc il\u0259 \u0259laq\u0259dar b\u0259yanat\u0131nda deyilir. B\u0259yanatda qeyd olunur: &#8220;Faci\u0259vi hadis\u0259l\u0259r daha yax\u015f\u0131 g\u0259l\u0259c\u0259k \u00fc\u00e7\u00fcn s\u00fclh v\u0259 humanizmin d\u0259st\u0259kl\u0259nm\u0259sinin z\u0259rur\u0259tini vur\u011fulay\u0131r. Yanvar hadis\u0259l\u0259rinin qurbanlar\u0131n\u0131n ail\u0259l\u0259rin\u0259 v\u0259 yax\u0131nlar\u0131na d\u0259rin h\u00fcznl\u0259 ba\u015fsa\u011fl\u0131\u011f\u0131m\u0131z\u0131 ifad\u0259 edirik&#8221;.<\/p>\n","protected":false},"author":2,"featured_media":275411,"comment_status":"closed","ping_status":"closed","sticky":false,"template":"","format":"standard","meta":{"om_disable_all_campaigns":false,"_monsterinsights_skip_tracking":false,"_monsterinsights_sitenote_active":false,"_monsterinsights_sitenote_note":"","_monsterinsights_sitenote_category":0},"categories":[4],"tags":[],"aioseo_notices":[],"gutentor_comment":0,"rttpg_featured_image_url":{"full":["https:\/\/arantv.az\/wp-content\/uploads\/2021\/01\/f40438b5161113408638097349810631832.jpg",975,540,false],"landscape":["https:\/\/arantv.az\/wp-content\/uploads\/2021\/01\/f40438b5161113408638097349810631832.jpg",975,540,false],"portraits":["https:\/\/arantv.az\/wp-content\/uploads\/2021\/01\/f40438b5161113408638097349810631832.jpg",975,540,false],"thumbnail":["https:\/\/arantv.az\/wp-content\/uploads\/2021\/01\/f40438b5161113408638097349810631832-150x150.jpg",150,150,true],"medium":["https:\/\/arantv.az\/wp-content\/uploads\/2021\/01\/f40438b5161113408638097349810631832-300x166.jpg",300,166,true],"large":["https:\/\/arantv.az\/wp-content\/uploads\/2021\/01\/f40438b5161113408638097349810631832.jpg",640,354,false],"1536x1536":["https:\/\/arantv.az\/wp-content\/uploads\/2021\/01\/f40438b5161113408638097349810631832.jpg",975,540,false],"2048x2048":["https:\/\/arantv.az\/wp-content\/uploads\/2021\/01\/f40438b5161113408638097349810631832.jpg",975,540,false],"post-thumbnail":["https:\/\/arantv.az\/wp-content\/uploads\/2021\/01\/f40438b5161113408638097349810631832-240x172.jpg",240,172,true],"advps-thumb-one":["https:\/\/arantv.az\/wp-content\/uploads\/2021\/01\/f40438b5161113408638097349810631832.jpg",975,540,false]},"rttpg_author":{"display_name":"V\u00fcsal Rafiqo\u011flu","author_link":"https:\/\/arantv.az\/?author=2"},"rttpg_comment":0,"rttpg_category":"<a href=\"https:\/\/arantv.az\/?cat=4\" rel=\"category\">Siyas\u0259t<\/a>","rttpg_excerpt":"Bu h\u00fcznl\u00fc g\u00fcnd\u0259 Avropa \u0130ttifaq\u0131n\u0131n (A\u0130) n\u00fcmay\u0259nd\u0259liyi Az\u0259rbaycan xalq\u0131 il\u0259 birg\u0259 Qara Yanvar faci\u0259sinin qurbanlar\u0131n\u0131n xatir\u0259sini an\u0131r. ARANTV.AZ x\u0259b\u0259r verir ki, bu bar\u0259d\u0259 A\u0130-nin Az\u0259rbaycandak\u0131 n\u00fcmay\u0259nd\u0259liyinin 20 Yanvar faci\u0259sinin 31-ci ild\u00f6n\u00fcm\u00fc il\u0259 \u0259laq\u0259dar b\u0259yanat\u0131nda deyilir. B\u0259yanatda qeyd olunur: &#8220;Faci\u0259vi hadis\u0259l\u0259r daha yax\u015f\u0131 g\u0259l\u0259c\u0259k \u00fc\u00e7\u00fcn s\u00fclh v\u0259 humanizmin d\u0259st\u0259kl\u0259nm\u0259sinin z\u0259rur\u0259tini vur\u011fulay\u0131r. Yanvar hadis\u0259l\u0259rinin qurbanlar\u0131n\u0131n ail\u0259l\u0259rin\u0259 v\u0259&hellip;","_links":{"self":[{"href":"https:\/\/arantv.az\/index.php?rest_route=\/wp\/v2\/posts\/275410"}],"collection":[{"href":"https:\/\/arantv.az\/index.php?rest_route=\/wp\/v2\/posts"}],"about":[{"href":"https:\/\/arantv.az\/index.php?rest_route=\/wp\/v2\/types\/post"}],"author":[{"embeddable":true,"href":"https:\/\/arantv.az\/index.php?rest_route=\/wp\/v2\/users\/2"}],"replies":[{"embeddable":true,"href":"https:\/\/arantv.az\/index.php?rest_route=%2Fwp%2Fv2%2Fcomments&post=275410"}],"version-history":[{"count":0,"href":"https:\/\/arantv.az\/index.php?rest_route=\/wp\/v2\/posts\/275410\/revisions"}],"wp:featuredmedia":[{"embeddable":true,"href":"https:\/\/arantv.az\/index.php?rest_route=\/wp\/v2\/media\/275411"}],"wp:attachment":[{"href":"https:\/\/arantv.az\/index.php?rest_route=%2Fwp%2Fv2%2Fmedia&parent=275410"}],"wp:term":[{"taxonomy":"category","embeddable":true,"href":"https:\/\/arantv.az\/index.php?rest_route=%2Fwp%2Fv2%2Fcategories&post=275410"},{"taxonomy":"post_tag","embeddable":true,"href":"https:\/\/arantv.az\/index.php?rest_route=%2Fwp%2Fv2%2Ftags&post=275410"}],"curies":[{"name":"wp","href":"https:\/\/api.w.org\/{rel}","templated":true}]}}