{"id":275414,"date":"2021-01-20T14:06:39","date_gmt":"2021-01-20T11:06:39","guid":{"rendered":"http:\/\/arantv.az\/?p=275414"},"modified":"2021-01-20T14:06:39","modified_gmt":"2021-01-20T11:06:39","slug":"dtx-kollegiya-uzvl%c9%99ri-20-yanvar-faci%c9%99si-qurbanlarinin-xatir%c9%99sini-anib","status":"publish","type":"post","link":"https:\/\/arantv.az\/?p=275414","title":{"rendered":"DTX kollegiya \u00fczvl\u0259ri 20 Yanvar faci\u0259si qurbanlar\u0131n\u0131n xatir\u0259sini an\u0131b"},"content":{"rendered":"<p>Qanl\u0131 20 Yanvar faci\u0259si qurbanlar\u0131n\u0131n xatir\u0259si an\u0131l\u0131b.<\/p>\n<p><strong>ARANTV.AZ\u00a0<\/strong> D\u00f6vl\u0259t T\u0259hl\u00fck\u0259sizliyi Xidm\u0259tinin sayt\u0131na istinad\u0259n x\u0259b\u0259r verir ki, 20 Yanvar faci\u0259sinin 31-ci ild\u00f6n\u00fcm\u00fc il\u0259 \u0259laq\u0259dar D\u00f6vl\u0259t T\u0259hl\u00fck\u0259sizliyi Xidm\u0259tinin (DTX) kollegiya \u00fczvl\u0259ri \u015e\u0259hidl\u0259r xiyaban\u0131na g\u0259l\u0259r\u0259k Az\u0259rbaycan\u0131n m\u00fcst\u0259qilliyi v\u0259 \u0259razi b\u00fct\u00f6vl\u00fcy\u00fc u\u011frunda m\u00fcbariz\u0259d\u0259 canlar\u0131n\u0131 qurban vermi\u015f q\u0259hr\u0259man V\u0259t\u0259n \u00f6vladlar\u0131n\u0131n m\u0259zarlar\u0131 \u00fcz\u0259rin\u0259 q\u0259r\u0259nfill\u0259r d\u00fczm\u00fc\u015f, \u015f\u0259hidl\u0259rimizin unudulmaz xatir\u0259sin\u0259 h\u00f6rm\u0259t v\u0259 ehtiramlar\u0131n\u0131 bildirmi\u015fl\u0259r.<\/p>\n<p>\u015e\u0259hidl\u0259r xiyaban\u0131nda d\u0259fn edilmi\u015f t\u0259hl\u00fck\u0259sizlik orqanlar\u0131 \u0259m\u0259kda\u015flar\u0131n\u0131n da \u0259ziz xatir\u0259si yad edilmi\u015f, m\u0259zarlar\u0131 \u00fcz\u0259rin\u0259 g\u00fcl d\u0259st\u0259l\u0259ri qoyulmu\u015fdur.<\/p>\n","protected":false},"excerpt":{"rendered":"<p>Qanl\u0131 20 Yanvar faci\u0259si qurbanlar\u0131n\u0131n xatir\u0259si an\u0131l\u0131b. ARANTV.AZ\u00a0 D\u00f6vl\u0259t T\u0259hl\u00fck\u0259sizliyi Xidm\u0259tinin sayt\u0131na istinad\u0259n x\u0259b\u0259r verir ki, 20 Yanvar faci\u0259sinin 31-ci ild\u00f6n\u00fcm\u00fc il\u0259 \u0259laq\u0259dar D\u00f6vl\u0259t T\u0259hl\u00fck\u0259sizliyi Xidm\u0259tinin (DTX) kollegiya \u00fczvl\u0259ri \u015e\u0259hidl\u0259r xiyaban\u0131na g\u0259l\u0259r\u0259k Az\u0259rbaycan\u0131n m\u00fcst\u0259qilliyi v\u0259 \u0259razi b\u00fct\u00f6vl\u00fcy\u00fc u\u011frunda m\u00fcbariz\u0259d\u0259 canlar\u0131n\u0131 qurban vermi\u015f q\u0259hr\u0259man V\u0259t\u0259n \u00f6vladlar\u0131n\u0131n m\u0259zarlar\u0131 \u00fcz\u0259rin\u0259 q\u0259r\u0259nfill\u0259r d\u00fczm\u00fc\u015f, \u015f\u0259hidl\u0259rimizin unudulmaz xatir\u0259sin\u0259 h\u00f6rm\u0259t v\u0259 ehtiramlar\u0131n\u0131 bildirmi\u015fl\u0259r. \u015e\u0259hidl\u0259r xiyaban\u0131nda d\u0259fn edilmi\u015f t\u0259hl\u00fck\u0259sizlik orqanlar\u0131 \u0259m\u0259kda\u015flar\u0131n\u0131n da \u0259ziz xatir\u0259si yad edilmi\u015f, m\u0259zarlar\u0131 \u00fcz\u0259rin\u0259 g\u00fcl d\u0259st\u0259l\u0259ri qoyulmu\u015fdur.<\/p>\n","protected":false},"author":2,"featured_media":275415,"comment_status":"closed","ping_status":"closed","sticky":false,"template":"","format":"standard","meta":{"om_disable_all_campaigns":false,"_monsterinsights_skip_tracking":false,"_monsterinsights_sitenote_active":false,"_monsterinsights_sitenote_note":"","_monsterinsights_sitenote_category":0},"categories":[4],"tags":[],"aioseo_notices":[],"gutentor_comment":0,"rttpg_featured_image_url":{"full":["https:\/\/arantv.az\/wp-content\/uploads\/2021\/01\/806d9264161113619183148223910391734.jpg",975,540,false],"landscape":["https:\/\/arantv.az\/wp-content\/uploads\/2021\/01\/806d9264161113619183148223910391734.jpg",975,540,false],"portraits":["https:\/\/arantv.az\/wp-content\/uploads\/2021\/01\/806d9264161113619183148223910391734.jpg",975,540,false],"thumbnail":["https:\/\/arantv.az\/wp-content\/uploads\/2021\/01\/806d9264161113619183148223910391734-150x150.jpg",150,150,true],"medium":["https:\/\/arantv.az\/wp-content\/uploads\/2021\/01\/806d9264161113619183148223910391734-300x166.jpg",300,166,true],"large":["https:\/\/arantv.az\/wp-content\/uploads\/2021\/01\/806d9264161113619183148223910391734.jpg",640,354,false],"1536x1536":["https:\/\/arantv.az\/wp-content\/uploads\/2021\/01\/806d9264161113619183148223910391734.jpg",975,540,false],"2048x2048":["https:\/\/arantv.az\/wp-content\/uploads\/2021\/01\/806d9264161113619183148223910391734.jpg",975,540,false],"post-thumbnail":["https:\/\/arantv.az\/wp-content\/uploads\/2021\/01\/806d9264161113619183148223910391734-240x172.jpg",240,172,true],"advps-thumb-one":["https:\/\/arantv.az\/wp-content\/uploads\/2021\/01\/806d9264161113619183148223910391734.jpg",975,540,false]},"rttpg_author":{"display_name":"V\u00fcsal Rafiqo\u011flu","author_link":"https:\/\/arantv.az\/?author=2"},"rttpg_comment":0,"rttpg_category":"<a href=\"https:\/\/arantv.az\/?cat=4\" rel=\"category\">Siyas\u0259t<\/a>","rttpg_excerpt":"Qanl\u0131 20 Yanvar faci\u0259si qurbanlar\u0131n\u0131n xatir\u0259si an\u0131l\u0131b. ARANTV.AZ\u00a0 D\u00f6vl\u0259t T\u0259hl\u00fck\u0259sizliyi Xidm\u0259tinin sayt\u0131na istinad\u0259n x\u0259b\u0259r verir ki, 20 Yanvar faci\u0259sinin 31-ci ild\u00f6n\u00fcm\u00fc il\u0259 \u0259laq\u0259dar D\u00f6vl\u0259t T\u0259hl\u00fck\u0259sizliyi Xidm\u0259tinin (DTX) kollegiya \u00fczvl\u0259ri \u015e\u0259hidl\u0259r xiyaban\u0131na g\u0259l\u0259r\u0259k Az\u0259rbaycan\u0131n m\u00fcst\u0259qilliyi v\u0259 \u0259razi b\u00fct\u00f6vl\u00fcy\u00fc u\u011frunda m\u00fcbariz\u0259d\u0259 canlar\u0131n\u0131 qurban vermi\u015f q\u0259hr\u0259man V\u0259t\u0259n \u00f6vladlar\u0131n\u0131n m\u0259zarlar\u0131 \u00fcz\u0259rin\u0259 q\u0259r\u0259nfill\u0259r d\u00fczm\u00fc\u015f, \u015f\u0259hidl\u0259rimizin unudulmaz xatir\u0259sin\u0259 h\u00f6rm\u0259t v\u0259 ehtiramlar\u0131n\u0131&hellip;","_links":{"self":[{"href":"https:\/\/arantv.az\/index.php?rest_route=\/wp\/v2\/posts\/275414"}],"collection":[{"href":"https:\/\/arantv.az\/index.php?rest_route=\/wp\/v2\/posts"}],"about":[{"href":"https:\/\/arantv.az\/index.php?rest_route=\/wp\/v2\/types\/post"}],"author":[{"embeddable":true,"href":"https:\/\/arantv.az\/index.php?rest_route=\/wp\/v2\/users\/2"}],"replies":[{"embeddable":true,"href":"https:\/\/arantv.az\/index.php?rest_route=%2Fwp%2Fv2%2Fcomments&post=275414"}],"version-history":[{"count":0,"href":"https:\/\/arantv.az\/index.php?rest_route=\/wp\/v2\/posts\/275414\/revisions"}],"wp:featuredmedia":[{"embeddable":true,"href":"https:\/\/arantv.az\/index.php?rest_route=\/wp\/v2\/media\/275415"}],"wp:attachment":[{"href":"https:\/\/arantv.az\/index.php?rest_route=%2Fwp%2Fv2%2Fmedia&parent=275414"}],"wp:term":[{"taxonomy":"category","embeddable":true,"href":"https:\/\/arantv.az\/index.php?rest_route=%2Fwp%2Fv2%2Fcategories&post=275414"},{"taxonomy":"post_tag","embeddable":true,"href":"https:\/\/arantv.az\/index.php?rest_route=%2Fwp%2Fv2%2Ftags&post=275414"}],"curies":[{"name":"wp","href":"https:\/\/api.w.org\/{rel}","templated":true}]}}