{"id":275443,"date":"2021-01-20T14:12:00","date_gmt":"2021-01-20T11:12:00","guid":{"rendered":"http:\/\/arantv.az\/?p=275443"},"modified":"2021-01-20T14:12:00","modified_gmt":"2021-01-20T11:12:00","slug":"qorbac%cc%a7ov-c%c9%99zasini-almalidir-qmi-s%c9%99dri","status":"publish","type":"post","link":"https:\/\/arantv.az\/?p=275443","title":{"rendered":"Qorbac\u0327ov c\u0259zas\u0131n\u0131 almal\u0131d\u0131r &#8211; QM\u0130 s\u0259dri"},"content":{"rendered":"<p><strong>&#8220;20 Yanvar s\u0327\u0259hidl\u0259ri mu\u0308st\u0259qilliyimiz yolunda o\u0308z canlar\u0131n\u0131 qurban veribl\u0259r&#8221;.<\/strong><\/p>\n<p>Bunu Qafqaz Mu\u0308s\u0259lmanlar\u0131 I\u0307dar\u0259sinin (QMI) s\u0259dri Allahs\u0327u\u0308ku\u0308r Pas\u0327azad\u0259 jurnalistl\u0259r\u0259 ac\u0327\u0131qlamas\u0131nda deyib.<\/p>\n<p>O qeyd edib ki, 44 gu\u0308nlu\u0308k V\u0259t\u0259n mu\u0308harib\u0259si do\u0308vru\u0308nd\u0259 xalq\u0131m\u0131z\u0131n birliyi d\u0259mir yumrug\u0306a c\u0327evrildi v\u0259 s\u0327\u0259hidl\u0259rimizin qisas\u0131 al\u0131nd\u0131: &#8220;Bu gu\u0308n Az\u0259rbaycan xalq\u0131 Ali Bas\u0327 Komandan\u0131n r\u0259hb\u0259rliyi il\u0259 q\u0259l\u0259b\u0259 qazand\u0131. Bu q\u0259l\u0259b\u0259nin q\u0259drini bilm\u0259liyik&#8221;.<\/p>\n<p>S\u0327eyxu\u0308lislam deyib ki, 20 Yanvar q\u0131rg\u0306\u0131n\u0131n\u0131n baiskarlar\u0131, o cu\u0308ml\u0259d\u0259n Mixail Qorbac\u0327ov c\u0259zas\u0131n\u0131 almal\u0131d\u0131r.<\/p>\n","protected":false},"excerpt":{"rendered":"<p>&#8220;20 Yanvar s\u0327\u0259hidl\u0259ri mu\u0308st\u0259qilliyimiz yolunda o\u0308z canlar\u0131n\u0131 qurban veribl\u0259r&#8221;. Bunu Qafqaz Mu\u0308s\u0259lmanlar\u0131 I\u0307dar\u0259sinin (QMI) s\u0259dri Allahs\u0327u\u0308ku\u0308r Pas\u0327azad\u0259 jurnalistl\u0259r\u0259 ac\u0327\u0131qlamas\u0131nda deyib. O qeyd edib ki, 44 gu\u0308nlu\u0308k V\u0259t\u0259n mu\u0308harib\u0259si do\u0308vru\u0308nd\u0259 xalq\u0131m\u0131z\u0131n birliyi d\u0259mir yumrug\u0306a c\u0327evrildi v\u0259 s\u0327\u0259hidl\u0259rimizin qisas\u0131 al\u0131nd\u0131: &#8220;Bu gu\u0308n Az\u0259rbaycan xalq\u0131 Ali Bas\u0327 Komandan\u0131n r\u0259hb\u0259rliyi il\u0259 q\u0259l\u0259b\u0259 qazand\u0131. Bu q\u0259l\u0259b\u0259nin q\u0259drini bilm\u0259liyik&#8221;. S\u0327eyxu\u0308lislam deyib ki, 20 Yanvar q\u0131rg\u0306\u0131n\u0131n\u0131n baiskarlar\u0131, o cu\u0308ml\u0259d\u0259n Mixail Qorbac\u0327ov c\u0259zas\u0131n\u0131 almal\u0131d\u0131r.<\/p>\n","protected":false},"author":2,"featured_media":275444,"comment_status":"closed","ping_status":"closed","sticky":false,"template":"","format":"standard","meta":{"om_disable_all_campaigns":false,"_monsterinsights_skip_tracking":false,"_monsterinsights_sitenote_active":false,"_monsterinsights_sitenote_note":"","_monsterinsights_sitenote_category":0},"categories":[4],"tags":[],"aioseo_notices":[],"gutentor_comment":0,"rttpg_featured_image_url":{"full":["https:\/\/arantv.az\/wp-content\/uploads\/2021\/01\/allahsukur.jpg",800,450,false],"landscape":["https:\/\/arantv.az\/wp-content\/uploads\/2021\/01\/allahsukur.jpg",800,450,false],"portraits":["https:\/\/arantv.az\/wp-content\/uploads\/2021\/01\/allahsukur.jpg",800,450,false],"thumbnail":["https:\/\/arantv.az\/wp-content\/uploads\/2021\/01\/allahsukur-150x150.jpg",150,150,true],"medium":["https:\/\/arantv.az\/wp-content\/uploads\/2021\/01\/allahsukur-300x169.jpg",300,169,true],"large":["https:\/\/arantv.az\/wp-content\/uploads\/2021\/01\/allahsukur.jpg",640,360,false],"1536x1536":["https:\/\/arantv.az\/wp-content\/uploads\/2021\/01\/allahsukur.jpg",800,450,false],"2048x2048":["https:\/\/arantv.az\/wp-content\/uploads\/2021\/01\/allahsukur.jpg",800,450,false],"post-thumbnail":["https:\/\/arantv.az\/wp-content\/uploads\/2021\/01\/allahsukur-240x172.jpg",240,172,true],"advps-thumb-one":["https:\/\/arantv.az\/wp-content\/uploads\/2021\/01\/allahsukur.jpg",800,450,false]},"rttpg_author":{"display_name":"V\u00fcsal Rafiqo\u011flu","author_link":"https:\/\/arantv.az\/?author=2"},"rttpg_comment":0,"rttpg_category":"<a href=\"https:\/\/arantv.az\/?cat=4\" rel=\"category\">Siyas\u0259t<\/a>","rttpg_excerpt":"&#8220;20 Yanvar s\u0327\u0259hidl\u0259ri mu\u0308st\u0259qilliyimiz yolunda o\u0308z canlar\u0131n\u0131 qurban veribl\u0259r&#8221;. Bunu Qafqaz Mu\u0308s\u0259lmanlar\u0131 I\u0307dar\u0259sinin (QMI) s\u0259dri Allahs\u0327u\u0308ku\u0308r Pas\u0327azad\u0259 jurnalistl\u0259r\u0259 ac\u0327\u0131qlamas\u0131nda deyib. O qeyd edib ki, 44 gu\u0308nlu\u0308k V\u0259t\u0259n mu\u0308harib\u0259si do\u0308vru\u0308nd\u0259 xalq\u0131m\u0131z\u0131n birliyi d\u0259mir yumrug\u0306a c\u0327evrildi v\u0259 s\u0327\u0259hidl\u0259rimizin qisas\u0131 al\u0131nd\u0131: &#8220;Bu gu\u0308n Az\u0259rbaycan xalq\u0131 Ali Bas\u0327 Komandan\u0131n r\u0259hb\u0259rliyi il\u0259 q\u0259l\u0259b\u0259 qazand\u0131. Bu q\u0259l\u0259b\u0259nin q\u0259drini bilm\u0259liyik&#8221;. S\u0327eyxu\u0308lislam deyib&hellip;","_links":{"self":[{"href":"https:\/\/arantv.az\/index.php?rest_route=\/wp\/v2\/posts\/275443"}],"collection":[{"href":"https:\/\/arantv.az\/index.php?rest_route=\/wp\/v2\/posts"}],"about":[{"href":"https:\/\/arantv.az\/index.php?rest_route=\/wp\/v2\/types\/post"}],"author":[{"embeddable":true,"href":"https:\/\/arantv.az\/index.php?rest_route=\/wp\/v2\/users\/2"}],"replies":[{"embeddable":true,"href":"https:\/\/arantv.az\/index.php?rest_route=%2Fwp%2Fv2%2Fcomments&post=275443"}],"version-history":[{"count":0,"href":"https:\/\/arantv.az\/index.php?rest_route=\/wp\/v2\/posts\/275443\/revisions"}],"wp:featuredmedia":[{"embeddable":true,"href":"https:\/\/arantv.az\/index.php?rest_route=\/wp\/v2\/media\/275444"}],"wp:attachment":[{"href":"https:\/\/arantv.az\/index.php?rest_route=%2Fwp%2Fv2%2Fmedia&parent=275443"}],"wp:term":[{"taxonomy":"category","embeddable":true,"href":"https:\/\/arantv.az\/index.php?rest_route=%2Fwp%2Fv2%2Fcategories&post=275443"},{"taxonomy":"post_tag","embeddable":true,"href":"https:\/\/arantv.az\/index.php?rest_route=%2Fwp%2Fv2%2Ftags&post=275443"}],"curies":[{"name":"wp","href":"https:\/\/api.w.org\/{rel}","templated":true}]}}