{"id":275459,"date":"2021-01-20T14:17:32","date_gmt":"2021-01-20T11:17:32","guid":{"rendered":"http:\/\/arantv.az\/?p=275459"},"modified":"2021-01-20T14:17:32","modified_gmt":"2021-01-20T11:17:32","slug":"20-yanvar-sahidi-sozl%c9%99ri-il%c9%99-ur%c9%99k-dagladi-inanmirdim-tank-ustumuz%c9%99-cixacaq-video","status":"publish","type":"post","link":"https:\/\/arantv.az\/?p=275459","title":{"rendered":"20 Yanvar \u015fahidi s\u00f6zl\u0259ri il\u0259 \u00dcR\u018fK DA\u011eLADI: &#8220;\u0130nanm\u0131rd\u0131m tank \u00fcst\u00fcm\u00fcz\u0259 \u00e7\u0131xacaq&#8230;&#8221; &#8211; V\u0130DEO"},"content":{"rendered":"<p>Az\u0259rbaycan tarixin\u0259 Qanl\u0131 Yanvar faci\u0259si kimi daxil olmu\u015f 1990-c\u0131 il 20 Yanvar hadis\u0259l\u0259rinin ild\u00f6n\u00fcm\u00fcd\u00fcr.<\/p>\n<p>Qanl\u0131 Yanvar hadis\u0259l\u0259rind\u0259n 31 il \u00f6t\u00fcr.<\/p>\n<div id=\"AdviadNativeVideo0\" class=\"AdviadNativeVideo\"><\/div>\n<p><strong>ARANTV.AZ<\/strong>\u00a0\u00a0<a title=\"xeberler son xeberler 2020\" href=\"https:\/\/big.az\/\" target=\"_blank\" rel=\"noopener\">x\u0259b\u0259r<\/a>\u00a0verir ki, sosial \u015f\u0259b\u0259k\u0259l\u0259rd\u0259 20 Yanvar hadis\u0259l\u0259rinin canl\u0131 \u015fahidi Nazim \u018fl\u0259kb\u0259rov h\u0259min g\u00fcn\u00fc xat\u0131rlayaraq dan\u0131\u015fd\u0131\u011f\u0131 video yay\u0131l\u0131b. Videoda hadis\u0259 \u015fahidi h\u0259min g\u00fcn\u00fc \u00fcr\u0259k a\u011fr\u0131s\u0131 il\u0259 dan\u0131\u015f\u0131b, o g\u00fcn\u00fc unutmamaq \u00fc\u00e7\u00fcn i\u00e7ind\u0259 oldu\u011fu \u0259zik ma\u015f\u0131n\u0131 da saxlay\u0131b. Nazim \u018fl\u0259kb\u0259rov bildirib ki, h\u0259min gec\u0259 b\u00fct\u00fcn \u0259hali ham\u0131s\u0131 \u00e7\u00f6ld\u0259 idi.<\/p>\n<p>Daha \u0259trafl\u0131 baxmaq \u00fc\u00e7\u00fcn videonu t\u0259qdim edirik:<\/p>\n<div class=\"embed-responsive embed-responsive-16by9\"><iframe loading=\"lazy\" id=\"nmqembedid\" class=\"embed-responsive-item\" title=\"video player\" src=\"https:\/\/izle.az\/embed\/09cvLy_Xy8wrLklML0rM1UvOz9UvKdN39g5MLAnzd4v3ydC3Ly3JjS_OLy1KTrXNTI8vT02KT84vqIzPyczLBgA~\" width=\"600\" height=\"340\" frameborder=\"0\" scrolling=\"no\" allowfullscreen=\"allowfullscreen\" data-mce-fragment=\"1\"><\/iframe><\/div>\n<p>&nbsp;<\/p>\n","protected":false},"excerpt":{"rendered":"<p>Az\u0259rbaycan tarixin\u0259 Qanl\u0131 Yanvar faci\u0259si kimi daxil olmu\u015f 1990-c\u0131 il 20 Yanvar hadis\u0259l\u0259rinin ild\u00f6n\u00fcm\u00fcd\u00fcr. Qanl\u0131 Yanvar hadis\u0259l\u0259rind\u0259n 31 il \u00f6t\u00fcr. ARANTV.AZ\u00a0\u00a0x\u0259b\u0259r\u00a0verir ki, sosial \u015f\u0259b\u0259k\u0259l\u0259rd\u0259 20 Yanvar hadis\u0259l\u0259rinin canl\u0131 \u015fahidi Nazim \u018fl\u0259kb\u0259rov h\u0259min g\u00fcn\u00fc xat\u0131rlayaraq dan\u0131\u015fd\u0131\u011f\u0131 video yay\u0131l\u0131b. Videoda hadis\u0259 \u015fahidi h\u0259min g\u00fcn\u00fc \u00fcr\u0259k a\u011fr\u0131s\u0131 il\u0259 dan\u0131\u015f\u0131b, o g\u00fcn\u00fc unutmamaq \u00fc\u00e7\u00fcn i\u00e7ind\u0259 oldu\u011fu \u0259zik ma\u015f\u0131n\u0131 da saxlay\u0131b. Nazim \u018fl\u0259kb\u0259rov bildirib ki, h\u0259min gec\u0259 b\u00fct\u00fcn \u0259hali ham\u0131s\u0131 \u00e7\u00f6ld\u0259 idi. Daha \u0259trafl\u0131 baxmaq \u00fc\u00e7\u00fcn videonu t\u0259qdim edirik: &nbsp;<\/p>\n","protected":false},"author":2,"featured_media":275460,"comment_status":"closed","ping_status":"closed","sticky":false,"template":"","format":"standard","meta":{"om_disable_all_campaigns":false,"_monsterinsights_skip_tracking":false,"_monsterinsights_sitenote_active":false,"_monsterinsights_sitenote_note":"","_monsterinsights_sitenote_category":0},"categories":[26],"tags":[],"aioseo_notices":[],"gutentor_comment":0,"rttpg_featured_image_url":{"full":["https:\/\/arantv.az\/wp-content\/uploads\/2021\/01\/sahid.png",299,171,false],"landscape":["https:\/\/arantv.az\/wp-content\/uploads\/2021\/01\/sahid.png",299,171,false],"portraits":["https:\/\/arantv.az\/wp-content\/uploads\/2021\/01\/sahid.png",299,171,false],"thumbnail":["https:\/\/arantv.az\/wp-content\/uploads\/2021\/01\/sahid-150x150.png",150,150,true],"medium":["https:\/\/arantv.az\/wp-content\/uploads\/2021\/01\/sahid.png",299,171,false],"large":["https:\/\/arantv.az\/wp-content\/uploads\/2021\/01\/sahid.png",299,171,false],"1536x1536":["https:\/\/arantv.az\/wp-content\/uploads\/2021\/01\/sahid.png",299,171,false],"2048x2048":["https:\/\/arantv.az\/wp-content\/uploads\/2021\/01\/sahid.png",299,171,false],"post-thumbnail":["https:\/\/arantv.az\/wp-content\/uploads\/2021\/01\/sahid-240x171.png",240,171,true],"advps-thumb-one":["https:\/\/arantv.az\/wp-content\/uploads\/2021\/01\/sahid.png",299,171,false]},"rttpg_author":{"display_name":"V\u00fcsal Rafiqo\u011flu","author_link":"https:\/\/arantv.az\/?author=2"},"rttpg_comment":0,"rttpg_category":"<a href=\"https:\/\/arantv.az\/?cat=26\" rel=\"category\">Sosial<\/a>","rttpg_excerpt":"Az\u0259rbaycan tarixin\u0259 Qanl\u0131 Yanvar faci\u0259si kimi daxil olmu\u015f 1990-c\u0131 il 20 Yanvar hadis\u0259l\u0259rinin ild\u00f6n\u00fcm\u00fcd\u00fcr. Qanl\u0131 Yanvar hadis\u0259l\u0259rind\u0259n 31 il \u00f6t\u00fcr. ARANTV.AZ\u00a0\u00a0x\u0259b\u0259r\u00a0verir ki, sosial \u015f\u0259b\u0259k\u0259l\u0259rd\u0259 20 Yanvar hadis\u0259l\u0259rinin canl\u0131 \u015fahidi Nazim \u018fl\u0259kb\u0259rov h\u0259min g\u00fcn\u00fc xat\u0131rlayaraq dan\u0131\u015fd\u0131\u011f\u0131 video yay\u0131l\u0131b. Videoda hadis\u0259 \u015fahidi h\u0259min g\u00fcn\u00fc \u00fcr\u0259k a\u011fr\u0131s\u0131 il\u0259 dan\u0131\u015f\u0131b, o g\u00fcn\u00fc unutmamaq \u00fc\u00e7\u00fcn i\u00e7ind\u0259 oldu\u011fu \u0259zik ma\u015f\u0131n\u0131 da&hellip;","_links":{"self":[{"href":"https:\/\/arantv.az\/index.php?rest_route=\/wp\/v2\/posts\/275459"}],"collection":[{"href":"https:\/\/arantv.az\/index.php?rest_route=\/wp\/v2\/posts"}],"about":[{"href":"https:\/\/arantv.az\/index.php?rest_route=\/wp\/v2\/types\/post"}],"author":[{"embeddable":true,"href":"https:\/\/arantv.az\/index.php?rest_route=\/wp\/v2\/users\/2"}],"replies":[{"embeddable":true,"href":"https:\/\/arantv.az\/index.php?rest_route=%2Fwp%2Fv2%2Fcomments&post=275459"}],"version-history":[{"count":0,"href":"https:\/\/arantv.az\/index.php?rest_route=\/wp\/v2\/posts\/275459\/revisions"}],"wp:featuredmedia":[{"embeddable":true,"href":"https:\/\/arantv.az\/index.php?rest_route=\/wp\/v2\/media\/275460"}],"wp:attachment":[{"href":"https:\/\/arantv.az\/index.php?rest_route=%2Fwp%2Fv2%2Fmedia&parent=275459"}],"wp:term":[{"taxonomy":"category","embeddable":true,"href":"https:\/\/arantv.az\/index.php?rest_route=%2Fwp%2Fv2%2Fcategories&post=275459"},{"taxonomy":"post_tag","embeddable":true,"href":"https:\/\/arantv.az\/index.php?rest_route=%2Fwp%2Fv2%2Ftags&post=275459"}],"curies":[{"name":"wp","href":"https:\/\/api.w.org\/{rel}","templated":true}]}}