{"id":275475,"date":"2021-01-20T14:31:00","date_gmt":"2021-01-20T11:31:00","guid":{"rendered":"http:\/\/arantv.az\/?p=275475"},"modified":"2021-01-20T14:31:00","modified_gmt":"2021-01-20T11:31:00","slug":"qazaxistanin-az%c9%99rbaycandaki-s%c9%99firliyind%c9%99n-20-yanvarla-bagli-paylasim-foto","status":"publish","type":"post","link":"https:\/\/arantv.az\/?p=275475","title":{"rendered":"Qazax\u0131stan\u0131n Az\u0259rbaycandak\u0131 s\u0259firliyind\u0259n 20 Yanvarla ba\u011fl\u0131 payla\u015f\u0131m &#8211; FOTO"},"content":{"rendered":"<article class=\"news\">\n<div class=\"news-inner\">\n<p>Qazax\u0131stan\u0131n\u00a0Az\u0259rbaycandak\u0131 s\u0259firliyi 20 Yanvar faci\u0259sinin 31-ci ild\u00f6n\u00fcm\u00fc il\u0259 ba\u011fl\u0131 \u201cFacebook\u201d s\u0259hif\u0259sind\u0259 payla\u015f\u0131m edib.<\/p>\n<p>Payla\u015f\u0131mda deyilir:<\/p>\n<div id=\"AdviadNativeVideo0\" class=\"AdviadNativeVideo\"><\/div>\n<p>\u201c20 Yanvar faci\u0259sinin 31-ci ild\u00f6n\u00fcm\u00fc il\u0259 \u0259laq\u0259dar Qazax\u0131stan S\u0259firliyi Az\u0259rbaycan xalq\u0131na d\u0259rin h\u00fcznl\u0259 ba\u015fsa\u011fl\u0131\u011f\u0131 verir v\u0259 azadl\u0131q namin\u0259 h\u0259lak olmu\u015f g\u00fcnahs\u0131z qurbanlar\u0131n \u0259ziz xatir\u0259sini ehtiramla yad edir\u201d.<\/p>\n<div>\n<div class=\"fb-post fb_iframe_widget\" data-href=\"https:\/\/www.facebook.com\/kazembbaku\/posts\/2177614302383440\" data-show-text=\"true\" data-width=\"500\"><iframe loading=\"lazy\" class=\"\" title=\"fb:post Facebook Social Plugin\" src=\"https:\/\/www.facebook.com\/v2.2\/plugins\/post.php?app_id=345015945604715&amp;channel=https%3A%2F%2Fstaticxx.facebook.com%2Fx%2Fconnect%2Fxd_arbiter%2F%3Fversion%3D46%23cb%3Df3971e47bb29ac%26domain%3Doxu.az%26origin%3Dhttps%253A%252F%252Foxu.az%252Ff6e70bb55a714c%26relation%3Dparent.parent&amp;container_width=0&amp;href=https%3A%2F%2Fwww.facebook.com%2Fkazembbaku%2Fposts%2F2177614302383440&amp;locale=az_AZ&amp;sdk=joey&amp;show_text=true&amp;width=500\" name=\"f378eb816d09454\" width=\"500px\" height=\"1000px\" frameborder=\"0\" scrolling=\"no\" allowfullscreen=\"allowfullscreen\" data-testid=\"fb:post Facebook Social Plugin\" data-mce-fragment=\"1\"><\/iframe><\/div>\n<\/div>\n<p>Qazax\u0131stan\u0131n Az\u0259rbaycandak\u0131\u00a0s\u0259firi v\u0259 s\u0259firlik n\u00fcmay\u0259nd\u0259l\u0259ri\u00a0\u015e\u0259hidl\u0259r Xiyaban\u0131na\u00a0gedib. Qazax\u0131stan\u0131n \u00f6lk\u0259mizd\u0259ki n\u00fcmay\u0259nd\u0259liyi bununla ba\u011fl\u0131 payla\u015f\u0131m edib.<\/p>\n<div>\n<div class=\"fb-post fb_iframe_widget\" data-href=\"https:\/\/www.facebook.com\/kazembbaku\/posts\/2177685655709638\" data-show-text=\"true\" data-width=\"500\"><iframe loading=\"lazy\" class=\"\" title=\"fb:post Facebook Social Plugin\" src=\"https:\/\/www.facebook.com\/v2.2\/plugins\/post.php?app_id=345015945604715&amp;channel=https%3A%2F%2Fstaticxx.facebook.com%2Fx%2Fconnect%2Fxd_arbiter%2F%3Fversion%3D46%23cb%3Df355c9d940f04%26domain%3Doxu.az%26origin%3Dhttps%253A%252F%252Foxu.az%252Ff6e70bb55a714c%26relation%3Dparent.parent&amp;container_width=0&amp;href=https%3A%2F%2Fwww.facebook.com%2Fkazembbaku%2Fposts%2F2177685655709638&amp;locale=az_AZ&amp;sdk=joey&amp;show_text=true&amp;width=500\" name=\"f177afcc182072c\" width=\"500px\" height=\"1000px\" frameborder=\"0\" scrolling=\"no\" allowfullscreen=\"allowfullscreen\" data-testid=\"fb:post Facebook Social Plugin\" data-mce-fragment=\"1\"><\/iframe><\/div>\n<\/div>\n<\/div>\n<\/article>\n<h2 class=\"news-share-title\">B<\/h2>\n","protected":false},"excerpt":{"rendered":"<p>Qazax\u0131stan\u0131n\u00a0Az\u0259rbaycandak\u0131 s\u0259firliyi 20 Yanvar faci\u0259sinin 31-ci ild\u00f6n\u00fcm\u00fc il\u0259 ba\u011fl\u0131 \u201cFacebook\u201d s\u0259hif\u0259sind\u0259 payla\u015f\u0131m edib. Payla\u015f\u0131mda deyilir: \u201c20 Yanvar faci\u0259sinin 31-ci ild\u00f6n\u00fcm\u00fc il\u0259 \u0259laq\u0259dar Qazax\u0131stan S\u0259firliyi Az\u0259rbaycan xalq\u0131na d\u0259rin h\u00fcznl\u0259 ba\u015fsa\u011fl\u0131\u011f\u0131 verir v\u0259 azadl\u0131q namin\u0259 h\u0259lak olmu\u015f g\u00fcnahs\u0131z qurbanlar\u0131n \u0259ziz xatir\u0259sini ehtiramla yad edir\u201d. Qazax\u0131stan\u0131n Az\u0259rbaycandak\u0131\u00a0s\u0259firi v\u0259 s\u0259firlik n\u00fcmay\u0259nd\u0259l\u0259ri\u00a0\u015e\u0259hidl\u0259r Xiyaban\u0131na\u00a0gedib. Qazax\u0131stan\u0131n \u00f6lk\u0259mizd\u0259ki n\u00fcmay\u0259nd\u0259liyi bununla ba\u011fl\u0131 payla\u015f\u0131m edib. B<\/p>\n","protected":false},"author":2,"featured_media":275476,"comment_status":"closed","ping_status":"closed","sticky":false,"template":"","format":"standard","meta":{"om_disable_all_campaigns":false,"_monsterinsights_skip_tracking":false,"_monsterinsights_sitenote_active":false,"_monsterinsights_sitenote_note":"","_monsterinsights_sitenote_category":0},"categories":[26],"tags":[],"aioseo_notices":[],"gutentor_comment":0,"rttpg_featured_image_url":{"full":["https:\/\/arantv.az\/wp-content\/uploads\/2021\/01\/140914173_2177614259050111_339225607208910011_o.jpg",620,409,false],"landscape":["https:\/\/arantv.az\/wp-content\/uploads\/2021\/01\/140914173_2177614259050111_339225607208910011_o.jpg",620,409,false],"portraits":["https:\/\/arantv.az\/wp-content\/uploads\/2021\/01\/140914173_2177614259050111_339225607208910011_o.jpg",620,409,false],"thumbnail":["https:\/\/arantv.az\/wp-content\/uploads\/2021\/01\/140914173_2177614259050111_339225607208910011_o-150x150.jpg",150,150,true],"medium":["https:\/\/arantv.az\/wp-content\/uploads\/2021\/01\/140914173_2177614259050111_339225607208910011_o-300x198.jpg",300,198,true],"large":["https:\/\/arantv.az\/wp-content\/uploads\/2021\/01\/140914173_2177614259050111_339225607208910011_o.jpg",620,409,false],"1536x1536":["https:\/\/arantv.az\/wp-content\/uploads\/2021\/01\/140914173_2177614259050111_339225607208910011_o.jpg",620,409,false],"2048x2048":["https:\/\/arantv.az\/wp-content\/uploads\/2021\/01\/140914173_2177614259050111_339225607208910011_o.jpg",620,409,false],"post-thumbnail":["https:\/\/arantv.az\/wp-content\/uploads\/2021\/01\/140914173_2177614259050111_339225607208910011_o-240x172.jpg",240,172,true],"advps-thumb-one":["https:\/\/arantv.az\/wp-content\/uploads\/2021\/01\/140914173_2177614259050111_339225607208910011_o.jpg",620,409,false]},"rttpg_author":{"display_name":"V\u00fcsal Rafiqo\u011flu","author_link":"https:\/\/arantv.az\/?author=2"},"rttpg_comment":0,"rttpg_category":"<a href=\"https:\/\/arantv.az\/?cat=26\" rel=\"category\">Sosial<\/a>","rttpg_excerpt":"Qazax\u0131stan\u0131n\u00a0Az\u0259rbaycandak\u0131 s\u0259firliyi 20 Yanvar faci\u0259sinin 31-ci ild\u00f6n\u00fcm\u00fc il\u0259 ba\u011fl\u0131 \u201cFacebook\u201d s\u0259hif\u0259sind\u0259 payla\u015f\u0131m edib. Payla\u015f\u0131mda deyilir: \u201c20 Yanvar faci\u0259sinin 31-ci ild\u00f6n\u00fcm\u00fc il\u0259 \u0259laq\u0259dar Qazax\u0131stan S\u0259firliyi Az\u0259rbaycan xalq\u0131na d\u0259rin h\u00fcznl\u0259 ba\u015fsa\u011fl\u0131\u011f\u0131 verir v\u0259 azadl\u0131q namin\u0259 h\u0259lak olmu\u015f g\u00fcnahs\u0131z qurbanlar\u0131n \u0259ziz xatir\u0259sini ehtiramla yad edir\u201d. Qazax\u0131stan\u0131n Az\u0259rbaycandak\u0131\u00a0s\u0259firi v\u0259 s\u0259firlik n\u00fcmay\u0259nd\u0259l\u0259ri\u00a0\u015e\u0259hidl\u0259r Xiyaban\u0131na\u00a0gedib. Qazax\u0131stan\u0131n \u00f6lk\u0259mizd\u0259ki n\u00fcmay\u0259nd\u0259liyi bununla ba\u011fl\u0131 payla\u015f\u0131m edib.&hellip;","_links":{"self":[{"href":"https:\/\/arantv.az\/index.php?rest_route=\/wp\/v2\/posts\/275475"}],"collection":[{"href":"https:\/\/arantv.az\/index.php?rest_route=\/wp\/v2\/posts"}],"about":[{"href":"https:\/\/arantv.az\/index.php?rest_route=\/wp\/v2\/types\/post"}],"author":[{"embeddable":true,"href":"https:\/\/arantv.az\/index.php?rest_route=\/wp\/v2\/users\/2"}],"replies":[{"embeddable":true,"href":"https:\/\/arantv.az\/index.php?rest_route=%2Fwp%2Fv2%2Fcomments&post=275475"}],"version-history":[{"count":0,"href":"https:\/\/arantv.az\/index.php?rest_route=\/wp\/v2\/posts\/275475\/revisions"}],"wp:featuredmedia":[{"embeddable":true,"href":"https:\/\/arantv.az\/index.php?rest_route=\/wp\/v2\/media\/275476"}],"wp:attachment":[{"href":"https:\/\/arantv.az\/index.php?rest_route=%2Fwp%2Fv2%2Fmedia&parent=275475"}],"wp:term":[{"taxonomy":"category","embeddable":true,"href":"https:\/\/arantv.az\/index.php?rest_route=%2Fwp%2Fv2%2Fcategories&post=275475"},{"taxonomy":"post_tag","embeddable":true,"href":"https:\/\/arantv.az\/index.php?rest_route=%2Fwp%2Fv2%2Ftags&post=275475"}],"curies":[{"name":"wp","href":"https:\/\/api.w.org\/{rel}","templated":true}]}}