{"id":275479,"date":"2021-01-20T14:32:41","date_gmt":"2021-01-20T11:32:41","guid":{"rendered":"http:\/\/arantv.az\/?p=275479"},"modified":"2021-01-20T14:32:41","modified_gmt":"2021-01-20T11:32:41","slug":"fransa-m%c9%99tbuatinda-20-yanvar-faci%c9%99si-haqda-m%c9%99qal%c9%99-d%c9%99rc-olunub","status":"publish","type":"post","link":"https:\/\/arantv.az\/?p=275479","title":{"rendered":"Fransa m\u0259tbuat\u0131nda 20 yanvar faci\u0259si haqda m\u0259qal\u0259 d\u0259rc olunub"},"content":{"rendered":"<p><strong>Fransan\u0131n &#8220;<a href=\"http:\/\/lagazetteaz.fr\/\" target=\"_blank\" rel=\"noopener\">Lagazetteaz.fr<\/a>&#8221; onlayn q\u0259zetind\u0259 20 Yanvar faci\u0259si haqq\u0131nda\u00a0<a href=\"https:\/\/www.lagazetteaz.fr\/news\/politique\/4013.html\" target=\"_blank\" rel=\"noopener\">m\u0259qal\u0259<\/a>\u00a0d\u0259rc olunub.<\/strong><\/p>\n<p><strong>ARANTV.AZ<\/strong>\u00a0<a href=\"https:\/\/az.trend.az\/\" target=\"_blank\" rel=\"noopener\">Trend<\/a>-\u0259 istinad\u0259n bildirir ki,\u00a0m\u0259qal\u0259d\u0259 sovet ordusunun yanvar\u0131n 19-dan 20-\u0259 ke\u00e7\u0259n gec\u0259 Az\u0259rbaycan xalq\u0131na qar\u015f\u0131 t\u00f6r\u0259tiyi cinay\u0259td\u0259n \u0259trafl\u0131 b\u0259hs edilib.<\/p>\n<p>Bildirilib ki, ke\u00e7mi\u015f sovet ordusunun h\u0259min g\u00fcn Az\u0259rbaycan xalq\u0131na qar\u015f\u0131 h\u0259yata ke\u00e7irdiyi h\u0259rbi t\u0259cav\u00fcz insanl\u0131\u011fa qar\u015f\u0131 t\u00f6r\u0259dilmi\u015f \u0259n a\u011f\u0131r cinay\u0259tl\u0259rd\u0259n biri kimi tarixd\u0259 qalacaq.<\/p>\n<p>M\u0259qal\u0259d\u0259 qeyd olunur ki, 1990-c\u0131 il yanvar\u0131n 19-dan 20-n\u0259 ke\u00e7\u0259n gec\u0259 birba\u015fa Sovet \u0130ttifaq\u0131 Kommunist Partiyas\u0131 M\u0259rk\u0259zi Komit\u0259sinin ba\u015f katibi Mixail Qorba\u00e7ovun \u0259mri il\u0259 SSR\u0130 M\u00fcdafi\u0259 Nazirliyi, D\u00f6vl\u0259t T\u0259hl\u00fck\u0259sizlik Komit\u0259si v\u0259 Daxili \u0130\u015fl\u0259r Nazirliyinin qo\u015fun hiss\u0259l\u0259ri Bak\u0131ya v\u0259 Az\u0259rbaycan\u0131n bir ne\u00e7\u0259 rayonuna yeridilib, dinc \u0259hali a\u011f\u0131r texnikadan v\u0259 m\u00fcxt\u0259lif tipli silahlardan at\u0259\u015f\u0259 tutularaq k\u00fctl\u0259vi q\u0259tl\u0259 yetirilib.<\/p>\n<p>Vur\u011fulan\u0131b ki, h\u0259min gec\u0259 Bak\u0131n\u0131n k\u00fc\u00e7\u0259l\u0259ri g\u00fcnahs\u0131z insanlar\u0131n qan\u0131na boyanm\u0131\u015fd\u0131. Sovetin q\u0259ddar ordusu u\u015faq, qad\u0131n, ya\u015fl\u0131 dem\u0259d\u0259n qar\u015f\u0131lar\u0131na ke\u00e7\u0259n h\u0259r k\u0259si q\u0259tl\u0259 yetirir, insanl\u0131\u011fa qar\u015f\u0131 a\u011f\u0131r cinay\u0259t, tarixin \u0259n qanl\u0131 faci\u0259l\u0259rind\u0259n birini t\u00f6r\u0259dirdil\u0259r.<\/p>\n","protected":false},"excerpt":{"rendered":"<p>Fransan\u0131n &#8220;Lagazetteaz.fr&#8221; onlayn q\u0259zetind\u0259 20 Yanvar faci\u0259si haqq\u0131nda\u00a0m\u0259qal\u0259\u00a0d\u0259rc olunub. ARANTV.AZ\u00a0Trend-\u0259 istinad\u0259n bildirir ki,\u00a0m\u0259qal\u0259d\u0259 sovet ordusunun yanvar\u0131n 19-dan 20-\u0259 ke\u00e7\u0259n gec\u0259 Az\u0259rbaycan xalq\u0131na qar\u015f\u0131 t\u00f6r\u0259tiyi cinay\u0259td\u0259n \u0259trafl\u0131 b\u0259hs edilib. Bildirilib ki, ke\u00e7mi\u015f sovet ordusunun h\u0259min g\u00fcn Az\u0259rbaycan xalq\u0131na qar\u015f\u0131 h\u0259yata ke\u00e7irdiyi h\u0259rbi t\u0259cav\u00fcz insanl\u0131\u011fa qar\u015f\u0131 t\u00f6r\u0259dilmi\u015f \u0259n a\u011f\u0131r cinay\u0259tl\u0259rd\u0259n biri kimi tarixd\u0259 qalacaq. M\u0259qal\u0259d\u0259 qeyd olunur ki, 1990-c\u0131 il yanvar\u0131n 19-dan 20-n\u0259 ke\u00e7\u0259n gec\u0259 birba\u015fa Sovet \u0130ttifaq\u0131 Kommunist Partiyas\u0131 M\u0259rk\u0259zi Komit\u0259sinin ba\u015f katibi Mixail Qorba\u00e7ovun \u0259mri il\u0259 SSR\u0130 M\u00fcdafi\u0259 Nazirliyi, D\u00f6vl\u0259t T\u0259hl\u00fck\u0259sizlik Komit\u0259si v\u0259 Daxili \u0130\u015fl\u0259r Nazirliyinin qo\u015fun hiss\u0259l\u0259ri Bak\u0131ya v\u0259&hellip;<\/p>\n","protected":false},"author":2,"featured_media":275480,"comment_status":"closed","ping_status":"closed","sticky":false,"template":"","format":"standard","meta":{"om_disable_all_campaigns":false,"_monsterinsights_skip_tracking":false,"_monsterinsights_sitenote_active":false,"_monsterinsights_sitenote_note":"","_monsterinsights_sitenote_category":0},"categories":[7],"tags":[],"aioseo_notices":[],"gutentor_comment":0,"rttpg_featured_image_url":{"full":["https:\/\/arantv.az\/wp-content\/uploads\/2021\/01\/915297.jpg",1200,900,false],"landscape":["https:\/\/arantv.az\/wp-content\/uploads\/2021\/01\/915297.jpg",1200,900,false],"portraits":["https:\/\/arantv.az\/wp-content\/uploads\/2021\/01\/915297.jpg",1200,900,false],"thumbnail":["https:\/\/arantv.az\/wp-content\/uploads\/2021\/01\/915297-150x150.jpg",150,150,true],"medium":["https:\/\/arantv.az\/wp-content\/uploads\/2021\/01\/915297-300x225.jpg",300,225,true],"large":["https:\/\/arantv.az\/wp-content\/uploads\/2021\/01\/915297-1024x768.jpg",640,480,true],"1536x1536":["https:\/\/arantv.az\/wp-content\/uploads\/2021\/01\/915297.jpg",1200,900,false],"2048x2048":["https:\/\/arantv.az\/wp-content\/uploads\/2021\/01\/915297.jpg",1200,900,false],"post-thumbnail":["https:\/\/arantv.az\/wp-content\/uploads\/2021\/01\/915297-240x172.jpg",240,172,true],"advps-thumb-one":["https:\/\/arantv.az\/wp-content\/uploads\/2021\/01\/915297-1200x620.jpg",1200,620,true]},"rttpg_author":{"display_name":"V\u00fcsal Rafiqo\u011flu","author_link":"https:\/\/arantv.az\/?author=2"},"rttpg_comment":0,"rttpg_category":"<a href=\"https:\/\/arantv.az\/?cat=7\" rel=\"category\">D\u00fcnya<\/a>","rttpg_excerpt":"Fransan\u0131n &#8220;Lagazetteaz.fr&#8221; onlayn q\u0259zetind\u0259 20 Yanvar faci\u0259si haqq\u0131nda\u00a0m\u0259qal\u0259\u00a0d\u0259rc olunub. ARANTV.AZ\u00a0Trend-\u0259 istinad\u0259n bildirir ki,\u00a0m\u0259qal\u0259d\u0259 sovet ordusunun yanvar\u0131n 19-dan 20-\u0259 ke\u00e7\u0259n gec\u0259 Az\u0259rbaycan xalq\u0131na qar\u015f\u0131 t\u00f6r\u0259tiyi cinay\u0259td\u0259n \u0259trafl\u0131 b\u0259hs edilib. Bildirilib ki, ke\u00e7mi\u015f sovet ordusunun h\u0259min g\u00fcn Az\u0259rbaycan xalq\u0131na qar\u015f\u0131 h\u0259yata ke\u00e7irdiyi h\u0259rbi t\u0259cav\u00fcz insanl\u0131\u011fa qar\u015f\u0131 t\u00f6r\u0259dilmi\u015f \u0259n a\u011f\u0131r cinay\u0259tl\u0259rd\u0259n biri kimi tarixd\u0259 qalacaq. M\u0259qal\u0259d\u0259 qeyd olunur&hellip;","_links":{"self":[{"href":"https:\/\/arantv.az\/index.php?rest_route=\/wp\/v2\/posts\/275479"}],"collection":[{"href":"https:\/\/arantv.az\/index.php?rest_route=\/wp\/v2\/posts"}],"about":[{"href":"https:\/\/arantv.az\/index.php?rest_route=\/wp\/v2\/types\/post"}],"author":[{"embeddable":true,"href":"https:\/\/arantv.az\/index.php?rest_route=\/wp\/v2\/users\/2"}],"replies":[{"embeddable":true,"href":"https:\/\/arantv.az\/index.php?rest_route=%2Fwp%2Fv2%2Fcomments&post=275479"}],"version-history":[{"count":0,"href":"https:\/\/arantv.az\/index.php?rest_route=\/wp\/v2\/posts\/275479\/revisions"}],"wp:featuredmedia":[{"embeddable":true,"href":"https:\/\/arantv.az\/index.php?rest_route=\/wp\/v2\/media\/275480"}],"wp:attachment":[{"href":"https:\/\/arantv.az\/index.php?rest_route=%2Fwp%2Fv2%2Fmedia&parent=275479"}],"wp:term":[{"taxonomy":"category","embeddable":true,"href":"https:\/\/arantv.az\/index.php?rest_route=%2Fwp%2Fv2%2Fcategories&post=275479"},{"taxonomy":"post_tag","embeddable":true,"href":"https:\/\/arantv.az\/index.php?rest_route=%2Fwp%2Fv2%2Ftags&post=275479"}],"curies":[{"name":"wp","href":"https:\/\/api.w.org\/{rel}","templated":true}]}}