{"id":275483,"date":"2021-01-20T14:33:52","date_gmt":"2021-01-20T11:33:52","guid":{"rendered":"http:\/\/arantv.az\/?p=275483"},"modified":"2021-01-20T14:33:52","modified_gmt":"2021-01-20T11:33:52","slug":"bu-olk%c9%99d%c9%99ki-butun-xalqlarin-acisidir-az%c9%99rbaycanda-yasayan-y%c9%99hudil%c9%99r","status":"publish","type":"post","link":"https:\/\/arantv.az\/?p=275483","title":{"rendered":"&#8220;Bu, \u00f6lk\u0259d\u0259ki b\u00fct\u00fcn xalqlar\u0131n ac\u0131s\u0131d\u0131r&#8221; &#8211; Az\u0259rbaycanda ya\u015fayan y\u0259hudil\u0259r"},"content":{"rendered":"<p>Az\u0259rbaycanda ya\u015fayan y\u0259hudil\u0259r 20 Yanvar faci\u0259si qurbanlar\u0131n\u0131n xatir\u0259sini yad edib.<\/p>\n<p><strong>ARANTV.AZ<\/strong>\u00a0<a href=\"https:\/\/az.trend.az\/\" target=\"_blank\" rel=\"noopener\">Trend<\/a>-\u0259 istinad\u0259n bildirir ki,\u00a0yanvar\u0131n 18-d\u0259 Quban\u0131n \u018frd\u0259bil m\u0259scidind\u0259 xeyriyy\u0259 g\u00f6r\u00fc\u015f\u00fc ke\u00e7irilib.<\/p>\n<p>G\u00f6r\u00fc\u015fd\u0259 i\u015ftirak ed\u0259n Da\u011f y\u0259hudil\u0259ri dini icmas\u0131n\u0131n \u00fczvl\u0259ri 1990-c\u0131 il 20 Yanvar hadis\u0259l\u0259ri il\u0259 ba\u011fl\u0131 b\u00fct\u00fcn Az\u0259rbaycan xalq\u0131na ba\u015fsa\u011fl\u0131\u011f\u0131 verib.<\/p>\n<p>Qeyd olunub ki, bu, \u00f6lk\u0259d\u0259 ya\u015fayan b\u00fct\u00fcn xalqlar\u0131n ac\u0131s\u0131d\u0131r:<\/p>\n<p>&#8220;Biz \u00f6z\u00fcm\u00fcz\u00fc dig\u0259r az\u0259rbaycanl\u0131 qarda\u015f v\u0259 bac\u0131lar\u0131m\u0131zdan ay\u0131rm\u0131r\u0131q&#8221;.<\/p>\n","protected":false},"excerpt":{"rendered":"<p>Az\u0259rbaycanda ya\u015fayan y\u0259hudil\u0259r 20 Yanvar faci\u0259si qurbanlar\u0131n\u0131n xatir\u0259sini yad edib. ARANTV.AZ\u00a0Trend-\u0259 istinad\u0259n bildirir ki,\u00a0yanvar\u0131n 18-d\u0259 Quban\u0131n \u018frd\u0259bil m\u0259scidind\u0259 xeyriyy\u0259 g\u00f6r\u00fc\u015f\u00fc ke\u00e7irilib. G\u00f6r\u00fc\u015fd\u0259 i\u015ftirak ed\u0259n Da\u011f y\u0259hudil\u0259ri dini icmas\u0131n\u0131n \u00fczvl\u0259ri 1990-c\u0131 il 20 Yanvar hadis\u0259l\u0259ri il\u0259 ba\u011fl\u0131 b\u00fct\u00fcn Az\u0259rbaycan xalq\u0131na ba\u015fsa\u011fl\u0131\u011f\u0131 verib. Qeyd olunub ki, bu, \u00f6lk\u0259d\u0259 ya\u015fayan b\u00fct\u00fcn xalqlar\u0131n ac\u0131s\u0131d\u0131r: &#8220;Biz \u00f6z\u00fcm\u00fcz\u00fc dig\u0259r az\u0259rbaycanl\u0131 qarda\u015f v\u0259 bac\u0131lar\u0131m\u0131zdan ay\u0131rm\u0131r\u0131q&#8221;.<\/p>\n","protected":false},"author":2,"featured_media":275484,"comment_status":"closed","ping_status":"closed","sticky":false,"template":"","format":"standard","meta":{"om_disable_all_campaigns":false,"_monsterinsights_skip_tracking":false,"_monsterinsights_sitenote_active":false,"_monsterinsights_sitenote_note":"","_monsterinsights_sitenote_category":0},"categories":[4],"tags":[],"aioseo_notices":[],"gutentor_comment":0,"rttpg_featured_image_url":{"full":["https:\/\/arantv.az\/wp-content\/uploads\/2021\/01\/915242.jpg",800,600,false],"landscape":["https:\/\/arantv.az\/wp-content\/uploads\/2021\/01\/915242.jpg",800,600,false],"portraits":["https:\/\/arantv.az\/wp-content\/uploads\/2021\/01\/915242.jpg",800,600,false],"thumbnail":["https:\/\/arantv.az\/wp-content\/uploads\/2021\/01\/915242-150x150.jpg",150,150,true],"medium":["https:\/\/arantv.az\/wp-content\/uploads\/2021\/01\/915242-300x225.jpg",300,225,true],"large":["https:\/\/arantv.az\/wp-content\/uploads\/2021\/01\/915242.jpg",640,480,false],"1536x1536":["https:\/\/arantv.az\/wp-content\/uploads\/2021\/01\/915242.jpg",800,600,false],"2048x2048":["https:\/\/arantv.az\/wp-content\/uploads\/2021\/01\/915242.jpg",800,600,false],"post-thumbnail":["https:\/\/arantv.az\/wp-content\/uploads\/2021\/01\/915242-240x172.jpg",240,172,true],"advps-thumb-one":["https:\/\/arantv.az\/wp-content\/uploads\/2021\/01\/915242.jpg",800,600,false]},"rttpg_author":{"display_name":"V\u00fcsal Rafiqo\u011flu","author_link":"https:\/\/arantv.az\/?author=2"},"rttpg_comment":0,"rttpg_category":"<a href=\"https:\/\/arantv.az\/?cat=4\" rel=\"category\">Siyas\u0259t<\/a>","rttpg_excerpt":"Az\u0259rbaycanda ya\u015fayan y\u0259hudil\u0259r 20 Yanvar faci\u0259si qurbanlar\u0131n\u0131n xatir\u0259sini yad edib. ARANTV.AZ\u00a0Trend-\u0259 istinad\u0259n bildirir ki,\u00a0yanvar\u0131n 18-d\u0259 Quban\u0131n \u018frd\u0259bil m\u0259scidind\u0259 xeyriyy\u0259 g\u00f6r\u00fc\u015f\u00fc ke\u00e7irilib. G\u00f6r\u00fc\u015fd\u0259 i\u015ftirak ed\u0259n Da\u011f y\u0259hudil\u0259ri dini icmas\u0131n\u0131n \u00fczvl\u0259ri 1990-c\u0131 il 20 Yanvar hadis\u0259l\u0259ri il\u0259 ba\u011fl\u0131 b\u00fct\u00fcn Az\u0259rbaycan xalq\u0131na ba\u015fsa\u011fl\u0131\u011f\u0131 verib. Qeyd olunub ki, bu, \u00f6lk\u0259d\u0259 ya\u015fayan b\u00fct\u00fcn xalqlar\u0131n ac\u0131s\u0131d\u0131r: &#8220;Biz \u00f6z\u00fcm\u00fcz\u00fc dig\u0259r az\u0259rbaycanl\u0131 qarda\u015f&hellip;","_links":{"self":[{"href":"https:\/\/arantv.az\/index.php?rest_route=\/wp\/v2\/posts\/275483"}],"collection":[{"href":"https:\/\/arantv.az\/index.php?rest_route=\/wp\/v2\/posts"}],"about":[{"href":"https:\/\/arantv.az\/index.php?rest_route=\/wp\/v2\/types\/post"}],"author":[{"embeddable":true,"href":"https:\/\/arantv.az\/index.php?rest_route=\/wp\/v2\/users\/2"}],"replies":[{"embeddable":true,"href":"https:\/\/arantv.az\/index.php?rest_route=%2Fwp%2Fv2%2Fcomments&post=275483"}],"version-history":[{"count":0,"href":"https:\/\/arantv.az\/index.php?rest_route=\/wp\/v2\/posts\/275483\/revisions"}],"wp:featuredmedia":[{"embeddable":true,"href":"https:\/\/arantv.az\/index.php?rest_route=\/wp\/v2\/media\/275484"}],"wp:attachment":[{"href":"https:\/\/arantv.az\/index.php?rest_route=%2Fwp%2Fv2%2Fmedia&parent=275483"}],"wp:term":[{"taxonomy":"category","embeddable":true,"href":"https:\/\/arantv.az\/index.php?rest_route=%2Fwp%2Fv2%2Fcategories&post=275483"},{"taxonomy":"post_tag","embeddable":true,"href":"https:\/\/arantv.az\/index.php?rest_route=%2Fwp%2Fv2%2Ftags&post=275483"}],"curies":[{"name":"wp","href":"https:\/\/api.w.org\/{rel}","templated":true}]}}