{"id":275495,"date":"2021-01-20T14:36:50","date_gmt":"2021-01-20T11:36:50","guid":{"rendered":"http:\/\/arantv.az\/?p=275495"},"modified":"2021-01-20T14:36:50","modified_gmt":"2021-01-20T11:36:50","slug":"ukrayna-s%c9%99firi-h%c9%99min-gun-xalq-azadliq-arzusu-il%c9%99-oyandi","status":"publish","type":"post","link":"https:\/\/arantv.az\/?p=275495","title":{"rendered":"Ukrayna s\u0259firi: H\u0259min g\u00fcn xalq azadl\u0131q arzusu il\u0259 oyand\u0131"},"content":{"rendered":"<p>H\u0259r bir \u00f6lk\u0259nin tarixind\u0259 faci\u0259vi s\u0259hif\u0259l\u0259r var. Az\u0259rbaycan \u00fc\u00e7\u00fcn bu, 20 yanvar tarixidir. H\u0259min g\u00fcn minl\u0259rl\u0259 az\u0259rbaycanl\u0131 sovet qo\u015funlar\u0131 t\u0259r\u0259find\u0259n Az\u0259rbaycan\u0131n m\u00fcst\u0259qilliyi u\u011frunda h\u0259r\u0259kat\u0131n qanl\u0131 \u015f\u0259kild\u0259 yat\u0131r\u0131lmas\u0131 akt\u0131 olan \u201cQanl\u0131 Yanvar\u201d hadis\u0259l\u0259ri zaman\u0131 h\u0259lak olanlar\u0131 yad etm\u0259k \u00fc\u00e7\u00fcn \u015e\u0259hidl\u0259r xiyaban\u0131n\u0131 ziyar\u0259t edir.<\/p>\n<p><strong>ARANTV.AZ<\/strong>\u00a0 x\u0259b\u0259r verir ki, bunu Ukraynan\u0131n Az\u0259rbaycandak\u0131 s\u0259firi Vladislav Kanevski \u201cFacebook\u201d hesab\u0131nda yaz\u0131b.<\/p>\n<p>Diplomat bildirib ki, h\u0259min g\u00fcn Bak\u0131 sakinl\u0259ri sovet tanklar\u0131 v\u0259 at\u0131\u015fmalar\u0131n s\u0259sin\u0259 ay\u0131ld\u0131, lakin n\u0259tic\u0259d\u0259 b\u00fct\u00fcn xalq azadl\u0131q arzusu il\u0259 oyand\u0131: &#8220;Bu azadl\u0131q ist\u0259yi qan bahas\u0131na ba\u015fa g\u0259ldi. 1990-c\u0131 il yanvar\u0131n 19-dan 20-n\u0259 ke\u00e7\u0259n gec\u0259 Bak\u0131n\u0131 v\u0259 Az\u0259rbaycan\u0131n dig\u0259r b\u00f6lg\u0259l\u0259rini m\u00fchasir\u0259y\u0259 alan sovet qo\u015funlar\u0131 131 m\u00fclki \u015f\u0259xsi \u00f6ld\u00fcrd\u00fc, bir \u00e7oxu \u0259lil olan 744 g\u00fcnahs\u0131z insan\u0131 yaralad\u0131 v\u0259 400 n\u0259f\u0259ri qanunsuz olaraq h\u0259bs etdi.<\/p>\n<p>Bu, Moskvan\u0131n Sovet \u0130ttifaq\u0131n\u0131n da\u011f\u0131lmas\u0131n\u0131n qar\u015f\u0131s\u0131n\u0131 almaq c\u0259hdinin bir hiss\u0259si idi. Lakin repressiv t\u0259dbirl\u0259r m\u00fcst\u0259qillik h\u0259r\u0259kat\u0131n\u0131 daha da g\u00fccl\u0259ndirdi v\u0259 Az\u0259rbaycan \u0259halisinin \u0259ks\u0259riyy\u0259ti \u00f6z v\u0259t\u0259nda\u015flar\u0131na silah tu\u015flam\u0131\u015f qanl\u0131 bir imperiya olan Sovet \u0130ttifaq\u0131n\u0131n t\u0259rkibind\u0259 qala bilm\u0259y\u0259c\u0259kl\u0259rini anlad\u0131lar.<\/p>\n<p>Tezlikl\u0259 az\u0259rbaycanl\u0131lardan sonra ba\u015fqalar\u0131 da aya\u011fa qalxd\u0131: Litvadak\u0131 Sayudis, Ukraynadak\u0131 Xalq H\u0259r\u0259kat\u0131, Estoniya Xalq C\u0259bh\u0259si. Bel\u0259likl\u0259, SSR\u0130 da\u011f\u0131laraq xalqlar azad oldu.<\/p>\n<p>Ba\u015f\u0131n\u0131z sa\u011f olsun, unutmad\u0131q&#8221;.<\/p>\n","protected":false},"excerpt":{"rendered":"<p>H\u0259r bir \u00f6lk\u0259nin tarixind\u0259 faci\u0259vi s\u0259hif\u0259l\u0259r var. Az\u0259rbaycan \u00fc\u00e7\u00fcn bu, 20 yanvar tarixidir. H\u0259min g\u00fcn minl\u0259rl\u0259 az\u0259rbaycanl\u0131 sovet qo\u015funlar\u0131 t\u0259r\u0259find\u0259n Az\u0259rbaycan\u0131n m\u00fcst\u0259qilliyi u\u011frunda h\u0259r\u0259kat\u0131n qanl\u0131 \u015f\u0259kild\u0259 yat\u0131r\u0131lmas\u0131 akt\u0131 olan \u201cQanl\u0131 Yanvar\u201d hadis\u0259l\u0259ri zaman\u0131 h\u0259lak olanlar\u0131 yad etm\u0259k \u00fc\u00e7\u00fcn \u015e\u0259hidl\u0259r xiyaban\u0131n\u0131 ziyar\u0259t edir. ARANTV.AZ\u00a0 x\u0259b\u0259r verir ki, bunu Ukraynan\u0131n Az\u0259rbaycandak\u0131 s\u0259firi Vladislav Kanevski \u201cFacebook\u201d hesab\u0131nda yaz\u0131b. Diplomat bildirib ki, h\u0259min g\u00fcn Bak\u0131 sakinl\u0259ri sovet tanklar\u0131 v\u0259 at\u0131\u015fmalar\u0131n s\u0259sin\u0259 ay\u0131ld\u0131, lakin n\u0259tic\u0259d\u0259 b\u00fct\u00fcn xalq azadl\u0131q arzusu il\u0259 oyand\u0131: &#8220;Bu azadl\u0131q ist\u0259yi qan bahas\u0131na ba\u015fa g\u0259ldi. 1990-c\u0131 il yanvar\u0131n 19-dan 20-n\u0259 ke\u00e7\u0259n gec\u0259&hellip;<\/p>\n","protected":false},"author":2,"featured_media":275496,"comment_status":"closed","ping_status":"closed","sticky":false,"template":"","format":"standard","meta":{"om_disable_all_campaigns":false,"_monsterinsights_skip_tracking":false,"_monsterinsights_sitenote_active":false,"_monsterinsights_sitenote_note":"","_monsterinsights_sitenote_category":0},"categories":[4],"tags":[],"aioseo_notices":[],"gutentor_comment":0,"rttpg_featured_image_url":{"full":["https:\/\/arantv.az\/wp-content\/uploads\/2021\/01\/d428d070161114074727221462810244754.jpg",975,540,false],"landscape":["https:\/\/arantv.az\/wp-content\/uploads\/2021\/01\/d428d070161114074727221462810244754.jpg",975,540,false],"portraits":["https:\/\/arantv.az\/wp-content\/uploads\/2021\/01\/d428d070161114074727221462810244754.jpg",975,540,false],"thumbnail":["https:\/\/arantv.az\/wp-content\/uploads\/2021\/01\/d428d070161114074727221462810244754-150x150.jpg",150,150,true],"medium":["https:\/\/arantv.az\/wp-content\/uploads\/2021\/01\/d428d070161114074727221462810244754-300x166.jpg",300,166,true],"large":["https:\/\/arantv.az\/wp-content\/uploads\/2021\/01\/d428d070161114074727221462810244754.jpg",640,354,false],"1536x1536":["https:\/\/arantv.az\/wp-content\/uploads\/2021\/01\/d428d070161114074727221462810244754.jpg",975,540,false],"2048x2048":["https:\/\/arantv.az\/wp-content\/uploads\/2021\/01\/d428d070161114074727221462810244754.jpg",975,540,false],"post-thumbnail":["https:\/\/arantv.az\/wp-content\/uploads\/2021\/01\/d428d070161114074727221462810244754-240x172.jpg",240,172,true],"advps-thumb-one":["https:\/\/arantv.az\/wp-content\/uploads\/2021\/01\/d428d070161114074727221462810244754.jpg",975,540,false]},"rttpg_author":{"display_name":"V\u00fcsal Rafiqo\u011flu","author_link":"https:\/\/arantv.az\/?author=2"},"rttpg_comment":0,"rttpg_category":"<a href=\"https:\/\/arantv.az\/?cat=4\" rel=\"category\">Siyas\u0259t<\/a>","rttpg_excerpt":"H\u0259r bir \u00f6lk\u0259nin tarixind\u0259 faci\u0259vi s\u0259hif\u0259l\u0259r var. Az\u0259rbaycan \u00fc\u00e7\u00fcn bu, 20 yanvar tarixidir. H\u0259min g\u00fcn minl\u0259rl\u0259 az\u0259rbaycanl\u0131 sovet qo\u015funlar\u0131 t\u0259r\u0259find\u0259n Az\u0259rbaycan\u0131n m\u00fcst\u0259qilliyi u\u011frunda h\u0259r\u0259kat\u0131n qanl\u0131 \u015f\u0259kild\u0259 yat\u0131r\u0131lmas\u0131 akt\u0131 olan \u201cQanl\u0131 Yanvar\u201d hadis\u0259l\u0259ri zaman\u0131 h\u0259lak olanlar\u0131 yad etm\u0259k \u00fc\u00e7\u00fcn \u015e\u0259hidl\u0259r xiyaban\u0131n\u0131 ziyar\u0259t edir. ARANTV.AZ\u00a0 x\u0259b\u0259r verir ki, bunu Ukraynan\u0131n Az\u0259rbaycandak\u0131 s\u0259firi Vladislav Kanevski \u201cFacebook\u201d hesab\u0131nda yaz\u0131b.&hellip;","_links":{"self":[{"href":"https:\/\/arantv.az\/index.php?rest_route=\/wp\/v2\/posts\/275495"}],"collection":[{"href":"https:\/\/arantv.az\/index.php?rest_route=\/wp\/v2\/posts"}],"about":[{"href":"https:\/\/arantv.az\/index.php?rest_route=\/wp\/v2\/types\/post"}],"author":[{"embeddable":true,"href":"https:\/\/arantv.az\/index.php?rest_route=\/wp\/v2\/users\/2"}],"replies":[{"embeddable":true,"href":"https:\/\/arantv.az\/index.php?rest_route=%2Fwp%2Fv2%2Fcomments&post=275495"}],"version-history":[{"count":0,"href":"https:\/\/arantv.az\/index.php?rest_route=\/wp\/v2\/posts\/275495\/revisions"}],"wp:featuredmedia":[{"embeddable":true,"href":"https:\/\/arantv.az\/index.php?rest_route=\/wp\/v2\/media\/275496"}],"wp:attachment":[{"href":"https:\/\/arantv.az\/index.php?rest_route=%2Fwp%2Fv2%2Fmedia&parent=275495"}],"wp:term":[{"taxonomy":"category","embeddable":true,"href":"https:\/\/arantv.az\/index.php?rest_route=%2Fwp%2Fv2%2Fcategories&post=275495"},{"taxonomy":"post_tag","embeddable":true,"href":"https:\/\/arantv.az\/index.php?rest_route=%2Fwp%2Fv2%2Ftags&post=275495"}],"curies":[{"name":"wp","href":"https:\/\/api.w.org\/{rel}","templated":true}]}}