{"id":275507,"date":"2021-01-20T14:54:10","date_gmt":"2021-01-20T11:54:10","guid":{"rendered":"http:\/\/arantv.az\/?p=275507"},"modified":"2021-01-20T14:54:10","modified_gmt":"2021-01-20T11:54:10","slug":"nigar-camal-v%c9%99-aygun-b%c9%99yl%c9%99r-s%c9%99hidl%c9%99r%c9%99-mahni-h%c9%99sr-etdi-video","status":"publish","type":"post","link":"https:\/\/arantv.az\/?p=275507","title":{"rendered":"Nigar Camal v\u0259 Ayg\u00fcn B\u0259yl\u0259r \u015f\u0259hidl\u0259r\u0259 mahn\u0131 h\u0259sr etdi &#8211; V\u0130DEO"},"content":{"rendered":"<article class=\"news\">\n<div class=\"news-inner\">\n<p>\u201cEurovision 2011\u201d mahn\u0131 m\u00fcsabiq\u0259sinin qalibi Nigar Camal v\u0259 \u018fm\u0259kdar artist Ayg\u00fcn B\u0259yl\u0259r \u015f\u0259hidl\u0259r\u0259 mahn\u0131 h\u0259sr edibl\u0259r.<\/p>\n<p>Bu bar\u0259d\u0259 Nigar Camal \u00f6z\u00fcn\u00fcn\u00a0\u201cFacebook\u201d s\u0259hif\u0259sind\u0259 m\u0259lumat verib.<\/p>\n<div id=\"AdviadNativeVideo0\" class=\"AdviadNativeVideo\"><\/div>\n<p>Bildirilib ki, V\u0259t\u0259n m\u00fcharib\u0259si zaman\u0131 h\u0259r k\u0259s xalqa, v\u0259t\u0259n\u0259 faydal\u0131 olma\u011fa \u00e7al\u0131\u015f\u0131b:<\/p>\n<p>\u201cBiz s\u0259n\u0259t\u00e7il\u0259r is\u0259 s\u0259n\u0259timizl\u0259 d\u0259rdiniz\u0259 \u015f\u0259rik olmaq ist\u0259dik. \u018fm\u0259kdar artist, sevimli s\u0259n\u0259tkar Ayg\u00fcn B\u0259yl\u0259rl\u0259 n\u00f6vb\u0259ti duetimizi v\u0259t\u0259n \u00fc\u00e7\u00fcn can\u0131ndan ke\u00e7\u0259n igidl\u0259rimiz\u0259 h\u0259sr etdik! Bu g\u00fcnd\u0259n b\u00fct\u00fcn sosial platformalar, TV-l\u0259r v\u0259 radiolarda dinl\u0259y\u0259, fikirl\u0259rinizi yaza bil\u0259rsiniz&#8230;\u00a0\u015e\u0259hidl\u0259rin ruhuna, ail\u0259l\u0259rin\u0259 v\u0259 analar\u0131na say\u011f\u0131 il\u0259&#8230;\u201d<\/p>\n<div><iframe loading=\"lazy\" src=\"https:\/\/www.youtube.com\/embed\/ZR6uzbXwZEA\" width=\"560\" height=\"315\" frameborder=\"0\" allowfullscreen=\"allowfullscreen\" data-mce-fragment=\"1\"><\/iframe><\/div>\n<\/div>\n<\/article>\n<h2 class=\"news-share-title\"><\/h2>\n","protected":false},"excerpt":{"rendered":"<p>\u201cEurovision 2011\u201d mahn\u0131 m\u00fcsabiq\u0259sinin qalibi Nigar Camal v\u0259 \u018fm\u0259kdar artist Ayg\u00fcn B\u0259yl\u0259r \u015f\u0259hidl\u0259r\u0259 mahn\u0131 h\u0259sr edibl\u0259r. Bu bar\u0259d\u0259 Nigar Camal \u00f6z\u00fcn\u00fcn\u00a0\u201cFacebook\u201d s\u0259hif\u0259sind\u0259 m\u0259lumat verib. Bildirilib ki, V\u0259t\u0259n m\u00fcharib\u0259si zaman\u0131 h\u0259r k\u0259s xalqa, v\u0259t\u0259n\u0259 faydal\u0131 olma\u011fa \u00e7al\u0131\u015f\u0131b: \u201cBiz s\u0259n\u0259t\u00e7il\u0259r is\u0259 s\u0259n\u0259timizl\u0259 d\u0259rdiniz\u0259 \u015f\u0259rik olmaq ist\u0259dik. \u018fm\u0259kdar artist, sevimli s\u0259n\u0259tkar Ayg\u00fcn B\u0259yl\u0259rl\u0259 n\u00f6vb\u0259ti duetimizi v\u0259t\u0259n \u00fc\u00e7\u00fcn can\u0131ndan ke\u00e7\u0259n igidl\u0259rimiz\u0259 h\u0259sr etdik! Bu g\u00fcnd\u0259n b\u00fct\u00fcn sosial platformalar, TV-l\u0259r v\u0259 radiolarda dinl\u0259y\u0259, fikirl\u0259rinizi yaza bil\u0259rsiniz&#8230;\u00a0\u015e\u0259hidl\u0259rin ruhuna, ail\u0259l\u0259rin\u0259 v\u0259 analar\u0131na say\u011f\u0131 il\u0259&#8230;\u201d<\/p>\n","protected":false},"author":2,"featured_media":275508,"comment_status":"closed","ping_status":"closed","sticky":false,"template":"","format":"standard","meta":{"om_disable_all_campaigns":false,"_monsterinsights_skip_tracking":false,"_monsterinsights_sitenote_active":false,"_monsterinsights_sitenote_note":"","_monsterinsights_sitenote_category":0},"categories":[10],"tags":[],"aioseo_notices":[],"gutentor_comment":0,"rttpg_featured_image_url":{"full":["https:\/\/arantv.az\/wp-content\/uploads\/2021\/01\/sehidlerimiz.jpg",620,349,false],"landscape":["https:\/\/arantv.az\/wp-content\/uploads\/2021\/01\/sehidlerimiz.jpg",620,349,false],"portraits":["https:\/\/arantv.az\/wp-content\/uploads\/2021\/01\/sehidlerimiz.jpg",620,349,false],"thumbnail":["https:\/\/arantv.az\/wp-content\/uploads\/2021\/01\/sehidlerimiz-150x150.jpg",150,150,true],"medium":["https:\/\/arantv.az\/wp-content\/uploads\/2021\/01\/sehidlerimiz-300x169.jpg",300,169,true],"large":["https:\/\/arantv.az\/wp-content\/uploads\/2021\/01\/sehidlerimiz.jpg",620,349,false],"1536x1536":["https:\/\/arantv.az\/wp-content\/uploads\/2021\/01\/sehidlerimiz.jpg",620,349,false],"2048x2048":["https:\/\/arantv.az\/wp-content\/uploads\/2021\/01\/sehidlerimiz.jpg",620,349,false],"post-thumbnail":["https:\/\/arantv.az\/wp-content\/uploads\/2021\/01\/sehidlerimiz-240x172.jpg",240,172,true],"advps-thumb-one":["https:\/\/arantv.az\/wp-content\/uploads\/2021\/01\/sehidlerimiz.jpg",620,349,false]},"rttpg_author":{"display_name":"V\u00fcsal Rafiqo\u011flu","author_link":"https:\/\/arantv.az\/?author=2"},"rttpg_comment":0,"rttpg_category":"<a href=\"https:\/\/arantv.az\/?cat=10\" rel=\"category\">C\u0259bh\u0259d\u0259n X\u0259b\u0259r<\/a>","rttpg_excerpt":"\u201cEurovision 2011\u201d mahn\u0131 m\u00fcsabiq\u0259sinin qalibi Nigar Camal v\u0259 \u018fm\u0259kdar artist Ayg\u00fcn B\u0259yl\u0259r \u015f\u0259hidl\u0259r\u0259 mahn\u0131 h\u0259sr edibl\u0259r. Bu bar\u0259d\u0259 Nigar Camal \u00f6z\u00fcn\u00fcn\u00a0\u201cFacebook\u201d s\u0259hif\u0259sind\u0259 m\u0259lumat verib. Bildirilib ki, V\u0259t\u0259n m\u00fcharib\u0259si zaman\u0131 h\u0259r k\u0259s xalqa, v\u0259t\u0259n\u0259 faydal\u0131 olma\u011fa \u00e7al\u0131\u015f\u0131b: \u201cBiz s\u0259n\u0259t\u00e7il\u0259r is\u0259 s\u0259n\u0259timizl\u0259 d\u0259rdiniz\u0259 \u015f\u0259rik olmaq ist\u0259dik. \u018fm\u0259kdar artist, sevimli s\u0259n\u0259tkar Ayg\u00fcn B\u0259yl\u0259rl\u0259 n\u00f6vb\u0259ti duetimizi v\u0259t\u0259n \u00fc\u00e7\u00fcn can\u0131ndan&hellip;","_links":{"self":[{"href":"https:\/\/arantv.az\/index.php?rest_route=\/wp\/v2\/posts\/275507"}],"collection":[{"href":"https:\/\/arantv.az\/index.php?rest_route=\/wp\/v2\/posts"}],"about":[{"href":"https:\/\/arantv.az\/index.php?rest_route=\/wp\/v2\/types\/post"}],"author":[{"embeddable":true,"href":"https:\/\/arantv.az\/index.php?rest_route=\/wp\/v2\/users\/2"}],"replies":[{"embeddable":true,"href":"https:\/\/arantv.az\/index.php?rest_route=%2Fwp%2Fv2%2Fcomments&post=275507"}],"version-history":[{"count":0,"href":"https:\/\/arantv.az\/index.php?rest_route=\/wp\/v2\/posts\/275507\/revisions"}],"wp:featuredmedia":[{"embeddable":true,"href":"https:\/\/arantv.az\/index.php?rest_route=\/wp\/v2\/media\/275508"}],"wp:attachment":[{"href":"https:\/\/arantv.az\/index.php?rest_route=%2Fwp%2Fv2%2Fmedia&parent=275507"}],"wp:term":[{"taxonomy":"category","embeddable":true,"href":"https:\/\/arantv.az\/index.php?rest_route=%2Fwp%2Fv2%2Fcategories&post=275507"},{"taxonomy":"post_tag","embeddable":true,"href":"https:\/\/arantv.az\/index.php?rest_route=%2Fwp%2Fv2%2Ftags&post=275507"}],"curies":[{"name":"wp","href":"https:\/\/api.w.org\/{rel}","templated":true}]}}