{"id":275515,"date":"2021-01-20T14:56:37","date_gmt":"2021-01-20T11:56:37","guid":{"rendered":"http:\/\/arantv.az\/?p=275515"},"modified":"2021-01-20T14:56:37","modified_gmt":"2021-01-20T11:56:37","slug":"pasinyan-yanvarin-20-d%c9%99-bakidaki-qurbanlari-yad-etdim","status":"publish","type":"post","link":"https:\/\/arantv.az\/?p=275515","title":{"rendered":"Pa\u015finyan: Yanvar\u0131n 20-d\u0259 Bak\u0131dak\u0131 qurbanlar\u0131 yad etdim"},"content":{"rendered":"<p>Erm\u0259nistan\u0131n ba\u015f naziri Nikol Pa\u015finyan\u0131n h\u0259l\u0259 jurnalist oldu\u011fu d\u00f6n\u0259md\u0259 yazd\u0131\u011f\u0131 m\u0259qal\u0259 yenid\u0259n g\u00fcnd\u0259m\u0259 \u00e7\u0131x\u0131b.<\/p>\n<p><strong>ARANTV.AZ<\/strong>\u00a0 x\u0259b\u0259r verir ki, yaz\u0131 1998-ci il fevral\u0131n 11-d\u0259 Erm\u0259nistan\u0131n \u201cMolorak\u201d q\u0259zetind\u0259 d\u0259rc olunub.<\/p>\n<p>Erm\u0259nil\u0259rin d\u00fc\u015f\u00fcnc\u0259sini sor\u011fulayan N.Pa\u015finyan \u201cErm\u0259nil\u0259r v\u0259 az\u0259rbaycanl\u0131lar xo\u015fb\u0259xt xalqlard\u0131r\u201d ba\u015fl\u0131ql\u0131 m\u0259qal\u0259sind\u0259 \u201cAz\u0259rbaycan-t\u00fcrk qurbanlar\u0131\u201d ifad\u0259sinin niy\u0259 \u201cerm\u0259nil\u0259rin \u015f\u00fcurunu qaraltd\u0131\u011f\u0131n\u0131\u201d sual edir.<\/p>\n<p>Daha sonra is\u0259 o qeyd edir:<\/p>\n<p>\u201cYanvar\u0131n 20-d\u0259 m\u0259n d\u0259 Bak\u0131dak\u0131 1990-c\u0131 il qurbanlar\u0131n\u0131n xatir\u0259sini bir d\u0259qiq\u0259lik s\u00fckutla yad etdim\u201d.<\/p>\n<p>Nikol Pa\u015finyan\u0131n 23 il \u00f6nc\u0259 yazd\u0131\u011f\u0131 m\u0259qal\u0259 Erm\u0259nistan\u0131n \u0130kinci Qaraba\u011f m\u00fcharib\u0259sind\u0259 m\u0259\u011flub olmas\u0131 fonunda \u00f6lk\u0259d\u0259 yenid\u0259n m\u00fczakir\u0259l\u0259r\u0259 s\u0259b\u0259b olub.\u201c\u0130ki sahil\u201d<\/p>\n","protected":false},"excerpt":{"rendered":"<p>Erm\u0259nistan\u0131n ba\u015f naziri Nikol Pa\u015finyan\u0131n h\u0259l\u0259 jurnalist oldu\u011fu d\u00f6n\u0259md\u0259 yazd\u0131\u011f\u0131 m\u0259qal\u0259 yenid\u0259n g\u00fcnd\u0259m\u0259 \u00e7\u0131x\u0131b. ARANTV.AZ\u00a0 x\u0259b\u0259r verir ki, yaz\u0131 1998-ci il fevral\u0131n 11-d\u0259 Erm\u0259nistan\u0131n \u201cMolorak\u201d q\u0259zetind\u0259 d\u0259rc olunub. Erm\u0259nil\u0259rin d\u00fc\u015f\u00fcnc\u0259sini sor\u011fulayan N.Pa\u015finyan \u201cErm\u0259nil\u0259r v\u0259 az\u0259rbaycanl\u0131lar xo\u015fb\u0259xt xalqlard\u0131r\u201d ba\u015fl\u0131ql\u0131 m\u0259qal\u0259sind\u0259 \u201cAz\u0259rbaycan-t\u00fcrk qurbanlar\u0131\u201d ifad\u0259sinin niy\u0259 \u201cerm\u0259nil\u0259rin \u015f\u00fcurunu qaraltd\u0131\u011f\u0131n\u0131\u201d sual edir. Daha sonra is\u0259 o qeyd edir: \u201cYanvar\u0131n 20-d\u0259 m\u0259n d\u0259 Bak\u0131dak\u0131 1990-c\u0131 il qurbanlar\u0131n\u0131n xatir\u0259sini bir d\u0259qiq\u0259lik s\u00fckutla yad etdim\u201d. Nikol Pa\u015finyan\u0131n 23 il \u00f6nc\u0259 yazd\u0131\u011f\u0131 m\u0259qal\u0259 Erm\u0259nistan\u0131n \u0130kinci Qaraba\u011f m\u00fcharib\u0259sind\u0259 m\u0259\u011flub olmas\u0131 fonunda \u00f6lk\u0259d\u0259 yenid\u0259n m\u00fczakir\u0259l\u0259r\u0259 s\u0259b\u0259b olub.\u201c\u0130ki sahil\u201d<\/p>\n","protected":false},"author":2,"featured_media":275516,"comment_status":"closed","ping_status":"closed","sticky":false,"template":"","format":"standard","meta":{"om_disable_all_campaigns":false,"_monsterinsights_skip_tracking":false,"_monsterinsights_sitenote_active":false,"_monsterinsights_sitenote_note":"","_monsterinsights_sitenote_category":0},"categories":[4],"tags":[],"aioseo_notices":[],"gutentor_comment":0,"rttpg_featured_image_url":{"full":["https:\/\/arantv.az\/wp-content\/uploads\/2021\/01\/349f36aa161114355274709318110116664.jpg",975,540,false],"landscape":["https:\/\/arantv.az\/wp-content\/uploads\/2021\/01\/349f36aa161114355274709318110116664.jpg",975,540,false],"portraits":["https:\/\/arantv.az\/wp-content\/uploads\/2021\/01\/349f36aa161114355274709318110116664.jpg",975,540,false],"thumbnail":["https:\/\/arantv.az\/wp-content\/uploads\/2021\/01\/349f36aa161114355274709318110116664-150x150.jpg",150,150,true],"medium":["https:\/\/arantv.az\/wp-content\/uploads\/2021\/01\/349f36aa161114355274709318110116664-300x166.jpg",300,166,true],"large":["https:\/\/arantv.az\/wp-content\/uploads\/2021\/01\/349f36aa161114355274709318110116664.jpg",640,354,false],"1536x1536":["https:\/\/arantv.az\/wp-content\/uploads\/2021\/01\/349f36aa161114355274709318110116664.jpg",975,540,false],"2048x2048":["https:\/\/arantv.az\/wp-content\/uploads\/2021\/01\/349f36aa161114355274709318110116664.jpg",975,540,false],"post-thumbnail":["https:\/\/arantv.az\/wp-content\/uploads\/2021\/01\/349f36aa161114355274709318110116664-240x172.jpg",240,172,true],"advps-thumb-one":["https:\/\/arantv.az\/wp-content\/uploads\/2021\/01\/349f36aa161114355274709318110116664.jpg",975,540,false]},"rttpg_author":{"display_name":"V\u00fcsal Rafiqo\u011flu","author_link":"https:\/\/arantv.az\/?author=2"},"rttpg_comment":0,"rttpg_category":"<a href=\"https:\/\/arantv.az\/?cat=4\" rel=\"category\">Siyas\u0259t<\/a>","rttpg_excerpt":"Erm\u0259nistan\u0131n ba\u015f naziri Nikol Pa\u015finyan\u0131n h\u0259l\u0259 jurnalist oldu\u011fu d\u00f6n\u0259md\u0259 yazd\u0131\u011f\u0131 m\u0259qal\u0259 yenid\u0259n g\u00fcnd\u0259m\u0259 \u00e7\u0131x\u0131b. ARANTV.AZ\u00a0 x\u0259b\u0259r verir ki, yaz\u0131 1998-ci il fevral\u0131n 11-d\u0259 Erm\u0259nistan\u0131n \u201cMolorak\u201d q\u0259zetind\u0259 d\u0259rc olunub. Erm\u0259nil\u0259rin d\u00fc\u015f\u00fcnc\u0259sini sor\u011fulayan N.Pa\u015finyan \u201cErm\u0259nil\u0259r v\u0259 az\u0259rbaycanl\u0131lar xo\u015fb\u0259xt xalqlard\u0131r\u201d ba\u015fl\u0131ql\u0131 m\u0259qal\u0259sind\u0259 \u201cAz\u0259rbaycan-t\u00fcrk qurbanlar\u0131\u201d ifad\u0259sinin niy\u0259 \u201cerm\u0259nil\u0259rin \u015f\u00fcurunu qaraltd\u0131\u011f\u0131n\u0131\u201d sual edir. Daha sonra is\u0259 o qeyd edir: \u201cYanvar\u0131n&hellip;","_links":{"self":[{"href":"https:\/\/arantv.az\/index.php?rest_route=\/wp\/v2\/posts\/275515"}],"collection":[{"href":"https:\/\/arantv.az\/index.php?rest_route=\/wp\/v2\/posts"}],"about":[{"href":"https:\/\/arantv.az\/index.php?rest_route=\/wp\/v2\/types\/post"}],"author":[{"embeddable":true,"href":"https:\/\/arantv.az\/index.php?rest_route=\/wp\/v2\/users\/2"}],"replies":[{"embeddable":true,"href":"https:\/\/arantv.az\/index.php?rest_route=%2Fwp%2Fv2%2Fcomments&post=275515"}],"version-history":[{"count":0,"href":"https:\/\/arantv.az\/index.php?rest_route=\/wp\/v2\/posts\/275515\/revisions"}],"wp:featuredmedia":[{"embeddable":true,"href":"https:\/\/arantv.az\/index.php?rest_route=\/wp\/v2\/media\/275516"}],"wp:attachment":[{"href":"https:\/\/arantv.az\/index.php?rest_route=%2Fwp%2Fv2%2Fmedia&parent=275515"}],"wp:term":[{"taxonomy":"category","embeddable":true,"href":"https:\/\/arantv.az\/index.php?rest_route=%2Fwp%2Fv2%2Fcategories&post=275515"},{"taxonomy":"post_tag","embeddable":true,"href":"https:\/\/arantv.az\/index.php?rest_route=%2Fwp%2Fv2%2Ftags&post=275515"}],"curies":[{"name":"wp","href":"https:\/\/api.w.org\/{rel}","templated":true}]}}