{"id":275523,"date":"2021-01-20T14:58:51","date_gmt":"2021-01-20T11:58:51","guid":{"rendered":"http:\/\/arantv.az\/?p=275523"},"modified":"2021-01-20T14:58:51","modified_gmt":"2021-01-20T11:58:51","slug":"iran-prezidenti-trampin-gedisini-tanrinin-lutfu-adlandirdi","status":"publish","type":"post","link":"https:\/\/arantv.az\/?p=275523","title":{"rendered":"\u0130ran prezidenti Tramp\u0131n gedi\u015fini \u201cTanr\u0131n\u0131n l\u00fctf\u00fc\u201d adland\u0131rd\u0131"},"content":{"rendered":"<p>\u201cAB\u015e Prezidenti Donald Tramp siyas\u0259t\u00e7i kimi \u201c\u00f6l\u00fcb\u201d.<\/p>\n<p>\u201cR\u0130A Novosti\u201dnin m\u0259lumat\u0131na g\u00f6r\u0259, bu s\u00f6zl\u0259ri \u0130ran Prezidenti H\u0259s\u0259n Ruhani deyib.<\/p>\n<div id=\"AdviadNativeVideo0\" class=\"AdviadNativeVideo\"><\/div>\n<p>\u201cTramp \u201c\u00f6l\u00fcb\u201d, onun siyasi h\u0259yat\u0131 ba\u015fa \u00e7at\u0131b\u201d, &#8211; dey\u0259 H.Ruhani qeyd edib.<\/p>\n<p>\u0130ran lideri Donald Tramp\u0131 \u201ctiran\u201d adland\u0131r\u0131b v\u0259 onun gedi\u015fini \u201cTanr\u0131n\u0131n l\u00fctf\u00fc\u201d kimi t\u0259qdim edib.<\/p>\n","protected":false},"excerpt":{"rendered":"<p>\u201cAB\u015e Prezidenti Donald Tramp siyas\u0259t\u00e7i kimi \u201c\u00f6l\u00fcb\u201d. \u201cR\u0130A Novosti\u201dnin m\u0259lumat\u0131na g\u00f6r\u0259, bu s\u00f6zl\u0259ri \u0130ran Prezidenti H\u0259s\u0259n Ruhani deyib. \u201cTramp \u201c\u00f6l\u00fcb\u201d, onun siyasi h\u0259yat\u0131 ba\u015fa \u00e7at\u0131b\u201d, &#8211; dey\u0259 H.Ruhani qeyd edib. \u0130ran lideri Donald Tramp\u0131 \u201ctiran\u201d adland\u0131r\u0131b v\u0259 onun gedi\u015fini \u201cTanr\u0131n\u0131n l\u00fctf\u00fc\u201d kimi t\u0259qdim edib.<\/p>\n","protected":false},"author":2,"featured_media":275524,"comment_status":"closed","ping_status":"closed","sticky":false,"template":"","format":"standard","meta":{"om_disable_all_campaigns":false,"_monsterinsights_skip_tracking":false,"_monsterinsights_sitenote_active":false,"_monsterinsights_sitenote_note":"","_monsterinsights_sitenote_category":0},"categories":[7],"tags":[],"aioseo_notices":[],"gutentor_comment":0,"rttpg_featured_image_url":{"full":["https:\/\/arantv.az\/wp-content\/uploads\/2021\/01\/355d24f48e00c3658c2703f8b24d0.jpg",600,338,false],"landscape":["https:\/\/arantv.az\/wp-content\/uploads\/2021\/01\/355d24f48e00c3658c2703f8b24d0.jpg",600,338,false],"portraits":["https:\/\/arantv.az\/wp-content\/uploads\/2021\/01\/355d24f48e00c3658c2703f8b24d0.jpg",600,338,false],"thumbnail":["https:\/\/arantv.az\/wp-content\/uploads\/2021\/01\/355d24f48e00c3658c2703f8b24d0-150x150.jpg",150,150,true],"medium":["https:\/\/arantv.az\/wp-content\/uploads\/2021\/01\/355d24f48e00c3658c2703f8b24d0-300x169.jpg",300,169,true],"large":["https:\/\/arantv.az\/wp-content\/uploads\/2021\/01\/355d24f48e00c3658c2703f8b24d0.jpg",600,338,false],"1536x1536":["https:\/\/arantv.az\/wp-content\/uploads\/2021\/01\/355d24f48e00c3658c2703f8b24d0.jpg",600,338,false],"2048x2048":["https:\/\/arantv.az\/wp-content\/uploads\/2021\/01\/355d24f48e00c3658c2703f8b24d0.jpg",600,338,false],"post-thumbnail":["https:\/\/arantv.az\/wp-content\/uploads\/2021\/01\/355d24f48e00c3658c2703f8b24d0-240x172.jpg",240,172,true],"advps-thumb-one":["https:\/\/arantv.az\/wp-content\/uploads\/2021\/01\/355d24f48e00c3658c2703f8b24d0.jpg",600,338,false]},"rttpg_author":{"display_name":"V\u00fcsal Rafiqo\u011flu","author_link":"https:\/\/arantv.az\/?author=2"},"rttpg_comment":0,"rttpg_category":"<a href=\"https:\/\/arantv.az\/?cat=7\" rel=\"category\">D\u00fcnya<\/a>","rttpg_excerpt":"\u201cAB\u015e Prezidenti Donald Tramp siyas\u0259t\u00e7i kimi \u201c\u00f6l\u00fcb\u201d. \u201cR\u0130A Novosti\u201dnin m\u0259lumat\u0131na g\u00f6r\u0259, bu s\u00f6zl\u0259ri \u0130ran Prezidenti H\u0259s\u0259n Ruhani deyib. \u201cTramp \u201c\u00f6l\u00fcb\u201d, onun siyasi h\u0259yat\u0131 ba\u015fa \u00e7at\u0131b\u201d, &#8211; dey\u0259 H.Ruhani qeyd edib. \u0130ran lideri Donald Tramp\u0131 \u201ctiran\u201d adland\u0131r\u0131b v\u0259 onun gedi\u015fini \u201cTanr\u0131n\u0131n l\u00fctf\u00fc\u201d kimi t\u0259qdim edib.","_links":{"self":[{"href":"https:\/\/arantv.az\/index.php?rest_route=\/wp\/v2\/posts\/275523"}],"collection":[{"href":"https:\/\/arantv.az\/index.php?rest_route=\/wp\/v2\/posts"}],"about":[{"href":"https:\/\/arantv.az\/index.php?rest_route=\/wp\/v2\/types\/post"}],"author":[{"embeddable":true,"href":"https:\/\/arantv.az\/index.php?rest_route=\/wp\/v2\/users\/2"}],"replies":[{"embeddable":true,"href":"https:\/\/arantv.az\/index.php?rest_route=%2Fwp%2Fv2%2Fcomments&post=275523"}],"version-history":[{"count":0,"href":"https:\/\/arantv.az\/index.php?rest_route=\/wp\/v2\/posts\/275523\/revisions"}],"wp:featuredmedia":[{"embeddable":true,"href":"https:\/\/arantv.az\/index.php?rest_route=\/wp\/v2\/media\/275524"}],"wp:attachment":[{"href":"https:\/\/arantv.az\/index.php?rest_route=%2Fwp%2Fv2%2Fmedia&parent=275523"}],"wp:term":[{"taxonomy":"category","embeddable":true,"href":"https:\/\/arantv.az\/index.php?rest_route=%2Fwp%2Fv2%2Fcategories&post=275523"},{"taxonomy":"post_tag","embeddable":true,"href":"https:\/\/arantv.az\/index.php?rest_route=%2Fwp%2Fv2%2Ftags&post=275523"}],"curies":[{"name":"wp","href":"https:\/\/api.w.org\/{rel}","templated":true}]}}