{"id":275527,"date":"2021-01-20T14:59:34","date_gmt":"2021-01-20T11:59:34","guid":{"rendered":"http:\/\/arantv.az\/?p=275527"},"modified":"2021-01-20T14:59:34","modified_gmt":"2021-01-20T11:59:34","slug":"%c9%99fv-komissiyasinin-uzvu-muraci%c9%99tl%c9%99r-h%c9%99dd%c9%99n-artiq-coxdur-yenilikl%c9%99r-gozl%c9%99nilir","status":"publish","type":"post","link":"https:\/\/arantv.az\/?p=275527","title":{"rendered":"\u018ffv Komissiyas\u0131n\u0131n \u00fczv\u00fc: \u201cM\u00fcraci\u0259tl\u0259r h\u0259dd\u0259n art\u0131q \u00e7oxdur, yenilikl\u0259r g\u00f6zl\u0259nilir\u201d"},"content":{"rendered":"<p>\u201cAz\u0259rbaycan Respublikas\u0131n\u0131n Prezidenti yan\u0131nda \u018ffv M\u0259s\u0259l\u0259l\u0259ri Komissiyas\u0131n\u0131n iclas\u0131n\u0131n ke\u00e7irilm\u0259si \u00fc\u00e7\u00fcn m\u00fc\u0259yy\u0259n haz\u0131rl\u0131qlar gedir. \u018ffvl\u0259 ba\u011fl\u0131 h\u0259dd\u0259n art\u0131q m\u00fcraci\u0259tl\u0259r edilib\u201d.<\/p>\n<p>Bunu \u201cReport\u201da a\u00e7\u0131qlamas\u0131nda komissiyan\u0131n \u00fczv\u00fc, Milli M\u0259clisin deputat\u0131, parlamentin \u0130nsan h\u00fcquqlar\u0131 komit\u0259sinin s\u0259dri Zahid Oruc deyib.<\/p>\n<div id=\"AdviadNativeVideo0\" class=\"AdviadNativeVideo\"><\/div>\n<p>O xat\u0131rlad\u0131b ki, \u018ffv Komissiyas\u0131n\u0131n yeni t\u0259rkibi formala\u015f\u0131b:<\/p>\n<p>\u201cBu sah\u0259d\u0259 m\u00fc\u0259yy\u0259n yenilikl\u0259r d\u0259 g\u00f6zl\u0259nilir. C\u0259za sisteminin humanistl\u0259\u015fdirilm\u0259si,\u00a0\u0259fv add\u0131mlar\u0131n\u0131 \u0259ld\u0259 r\u0259hb\u0259r tutaraq \u018ffv Komissiyas\u0131n\u0131n yax\u0131n zamanlarda i\u015fin\u0259 aktiv \u015f\u0259kild\u0259 ke\u00e7m\u0259si v\u0259 insanlar\u0131n i\u015fin\u0259 bax\u0131lmas\u0131na q\u0259rar veril\u0259c\u0259k\u201d.<\/p>\n","protected":false},"excerpt":{"rendered":"<p>\u201cAz\u0259rbaycan Respublikas\u0131n\u0131n Prezidenti yan\u0131nda \u018ffv M\u0259s\u0259l\u0259l\u0259ri Komissiyas\u0131n\u0131n iclas\u0131n\u0131n ke\u00e7irilm\u0259si \u00fc\u00e7\u00fcn m\u00fc\u0259yy\u0259n haz\u0131rl\u0131qlar gedir. \u018ffvl\u0259 ba\u011fl\u0131 h\u0259dd\u0259n art\u0131q m\u00fcraci\u0259tl\u0259r edilib\u201d. Bunu \u201cReport\u201da a\u00e7\u0131qlamas\u0131nda komissiyan\u0131n \u00fczv\u00fc, Milli M\u0259clisin deputat\u0131, parlamentin \u0130nsan h\u00fcquqlar\u0131 komit\u0259sinin s\u0259dri Zahid Oruc deyib. O xat\u0131rlad\u0131b ki, \u018ffv Komissiyas\u0131n\u0131n yeni t\u0259rkibi formala\u015f\u0131b: \u201cBu sah\u0259d\u0259 m\u00fc\u0259yy\u0259n yenilikl\u0259r d\u0259 g\u00f6zl\u0259nilir. C\u0259za sisteminin humanistl\u0259\u015fdirilm\u0259si,\u00a0\u0259fv add\u0131mlar\u0131n\u0131 \u0259ld\u0259 r\u0259hb\u0259r tutaraq \u018ffv Komissiyas\u0131n\u0131n yax\u0131n zamanlarda i\u015fin\u0259 aktiv \u015f\u0259kild\u0259 ke\u00e7m\u0259si v\u0259 insanlar\u0131n i\u015fin\u0259 bax\u0131lmas\u0131na q\u0259rar veril\u0259c\u0259k\u201d.<\/p>\n","protected":false},"author":2,"featured_media":275528,"comment_status":"closed","ping_status":"closed","sticky":false,"template":"","format":"standard","meta":{"om_disable_all_campaigns":false,"_monsterinsights_skip_tracking":false,"_monsterinsights_sitenote_active":false,"_monsterinsights_sitenote_note":"","_monsterinsights_sitenote_category":0},"categories":[26],"tags":[],"aioseo_notices":[],"gutentor_comment":0,"rttpg_featured_image_url":{"full":["https:\/\/arantv.az\/wp-content\/uploads\/2021\/01\/efv.jpg",620,387,false],"landscape":["https:\/\/arantv.az\/wp-content\/uploads\/2021\/01\/efv.jpg",620,387,false],"portraits":["https:\/\/arantv.az\/wp-content\/uploads\/2021\/01\/efv.jpg",620,387,false],"thumbnail":["https:\/\/arantv.az\/wp-content\/uploads\/2021\/01\/efv-150x150.jpg",150,150,true],"medium":["https:\/\/arantv.az\/wp-content\/uploads\/2021\/01\/efv-300x187.jpg",300,187,true],"large":["https:\/\/arantv.az\/wp-content\/uploads\/2021\/01\/efv.jpg",620,387,false],"1536x1536":["https:\/\/arantv.az\/wp-content\/uploads\/2021\/01\/efv.jpg",620,387,false],"2048x2048":["https:\/\/arantv.az\/wp-content\/uploads\/2021\/01\/efv.jpg",620,387,false],"post-thumbnail":["https:\/\/arantv.az\/wp-content\/uploads\/2021\/01\/efv-240x172.jpg",240,172,true],"advps-thumb-one":["https:\/\/arantv.az\/wp-content\/uploads\/2021\/01\/efv.jpg",620,387,false]},"rttpg_author":{"display_name":"V\u00fcsal Rafiqo\u011flu","author_link":"https:\/\/arantv.az\/?author=2"},"rttpg_comment":0,"rttpg_category":"<a href=\"https:\/\/arantv.az\/?cat=26\" rel=\"category\">Sosial<\/a>","rttpg_excerpt":"\u201cAz\u0259rbaycan Respublikas\u0131n\u0131n Prezidenti yan\u0131nda \u018ffv M\u0259s\u0259l\u0259l\u0259ri Komissiyas\u0131n\u0131n iclas\u0131n\u0131n ke\u00e7irilm\u0259si \u00fc\u00e7\u00fcn m\u00fc\u0259yy\u0259n haz\u0131rl\u0131qlar gedir. \u018ffvl\u0259 ba\u011fl\u0131 h\u0259dd\u0259n art\u0131q m\u00fcraci\u0259tl\u0259r edilib\u201d. Bunu \u201cReport\u201da a\u00e7\u0131qlamas\u0131nda komissiyan\u0131n \u00fczv\u00fc, Milli M\u0259clisin deputat\u0131, parlamentin \u0130nsan h\u00fcquqlar\u0131 komit\u0259sinin s\u0259dri Zahid Oruc deyib. O xat\u0131rlad\u0131b ki, \u018ffv Komissiyas\u0131n\u0131n yeni t\u0259rkibi formala\u015f\u0131b: \u201cBu sah\u0259d\u0259 m\u00fc\u0259yy\u0259n yenilikl\u0259r d\u0259 g\u00f6zl\u0259nilir. C\u0259za sisteminin humanistl\u0259\u015fdirilm\u0259si,\u00a0\u0259fv add\u0131mlar\u0131n\u0131 \u0259ld\u0259 r\u0259hb\u0259r&hellip;","_links":{"self":[{"href":"https:\/\/arantv.az\/index.php?rest_route=\/wp\/v2\/posts\/275527"}],"collection":[{"href":"https:\/\/arantv.az\/index.php?rest_route=\/wp\/v2\/posts"}],"about":[{"href":"https:\/\/arantv.az\/index.php?rest_route=\/wp\/v2\/types\/post"}],"author":[{"embeddable":true,"href":"https:\/\/arantv.az\/index.php?rest_route=\/wp\/v2\/users\/2"}],"replies":[{"embeddable":true,"href":"https:\/\/arantv.az\/index.php?rest_route=%2Fwp%2Fv2%2Fcomments&post=275527"}],"version-history":[{"count":0,"href":"https:\/\/arantv.az\/index.php?rest_route=\/wp\/v2\/posts\/275527\/revisions"}],"wp:featuredmedia":[{"embeddable":true,"href":"https:\/\/arantv.az\/index.php?rest_route=\/wp\/v2\/media\/275528"}],"wp:attachment":[{"href":"https:\/\/arantv.az\/index.php?rest_route=%2Fwp%2Fv2%2Fmedia&parent=275527"}],"wp:term":[{"taxonomy":"category","embeddable":true,"href":"https:\/\/arantv.az\/index.php?rest_route=%2Fwp%2Fv2%2Fcategories&post=275527"},{"taxonomy":"post_tag","embeddable":true,"href":"https:\/\/arantv.az\/index.php?rest_route=%2Fwp%2Fv2%2Ftags&post=275527"}],"curies":[{"name":"wp","href":"https:\/\/api.w.org\/{rel}","templated":true}]}}