{"id":275531,"date":"2021-01-20T15:19:57","date_gmt":"2021-01-20T12:19:57","guid":{"rendered":"http:\/\/arantv.az\/?p=275531"},"modified":"2021-01-20T15:19:57","modified_gmt":"2021-01-20T12:19:57","slug":"mikayil-cabbarov-erm%c9%99nistanla-da-%c9%99m%c9%99kdasliq-edil%c9%99-bil%c9%99r","status":"publish","type":"post","link":"https:\/\/arantv.az\/?p=275531","title":{"rendered":"Mikay\u0131l Cabbarov: \u201cErm\u0259nistanla da \u0259m\u0259kda\u015fl\u0131q edil\u0259 bil\u0259r\u201d"},"content":{"rendered":"<p>\u201cAz\u0259rbaycan\u0131 bu il COVID-19-un s\u0259b\u0259b oldu\u011fu iqtisadi geril\u0259m\u0259d\u0259n v\u0259 i\u015f\u011fal alt\u0131ndak\u0131 \u0259razil\u0259rin\u0259 n\u0259zar\u0259ti yenid\u0259n b\u0259rpa etdikd\u0259n sonra iqtisadi art\u0131m g\u00f6zl\u0259yir\u201d.<\/p>\n<p>Bu bar\u0259d\u0259 Az\u0259rbaycan Respublikas\u0131n\u0131n \u0130qtisadiyyat naziri Mikay\u0131l Cabbarov \u201cBloomberg\u201d\u0259 m\u00fcsahib\u0259sind\u0259 deyib.<\/p>\n<p>O bildirib ki, 2021-ci ild\u0259 \u00f6lk\u0259d\u0259 \u00fcmumi daxili m\u0259hsul h\u0259cmind\u0259 3,4 faiz art\u0131m proqnozla\u015fd\u0131r\u0131l\u0131r. Nazirin s\u00f6zl\u0259rin\u0259 g\u00f6r\u0259, Az\u0259rbaycan\u0131n 2021-ci il\u0259 dair proqnozlar\u0131 Beyn\u0259lxalq Valyuta Fondu v\u0259 D\u00fcnya Bank\u0131n\u0131n proqnozlar\u0131ndan daha nikbindir. M.Cabbarov qeyd edib ki, bu il D\u00fcnya Bank\u0131 Az\u0259rbaycan iqtisadiyyat\u0131n\u0131n 1,9 faiz, Beyn\u0259lxalq Valyuta Fondu is\u0259 2 faiz b\u00f6y\u00fcy\u0259c\u0259yini proqnozla\u015fd\u0131r\u0131b.<\/p>\n<div id=\"AdviadNativeVideo0\" class=\"AdviadNativeVideo\"><\/div>\n<p>Nazir Az\u0259rbaycanda vaksinasiya prosesinin d\u0259 iqtisadi rifah \u00fc\u00e7\u00fcn \u0259h\u0259miyy\u0259tli oldu\u011funu deyib:<\/p>\n<p>\u201cM\u00fcharib\u0259d\u0259n sonra yeni geosiyasi reall\u0131qlar,\u00a0geri qaytar\u0131lan \u0259razil\u0259rd\u0259 b\u00f6y\u00fck yenid\u0259nqurma i\u015fl\u0259ri, s\u0259rh\u0259dl\u0259rin yenid\u0259n a\u00e7\u0131lmas\u0131 v\u0259 regiondak\u0131 n\u0259qliyyat \u0259laq\u0259l\u0259ri\u00a0Az\u0259rbaycanda\u00a0b\u00f6y\u00fcm\u0259y\u0259 v\u0259 m\u0259\u015f\u011fullu\u011fa \u0259h\u0259miyy\u0259tli d\u0259r\u0259c\u0259d\u0259 t\u00f6hf\u0259 ver\u0259c\u0259k. \u0130\u015f\u011faldan azad edilmi\u015f \u0259razil\u0259rin b\u0259rpas\u0131na 2,2 milyard manat (1,3 milyard dollar) s\u0259rf olunacaq\u201d.<\/p>\n<p>Onun fikrinc\u0259, ist\u0259nil\u0259n halda orta illik 7 faiz h\u0259cmd\u0259 iqtisadi art\u0131m\u0131 t\u0259l\u0259b ed\u0259n 10 illik inki\u015faf plan\u0131na \u0259sas\u0259n\u00a02030-cu il\u0259 q\u0259d\u0259r Az\u0259rbaycanda \u00dcDM-nin ikiqat art\u0131r\u0131lmas\u0131 bir q\u0259d\u0259r \u00e7\u0259tin h\u0259d\u0259fdir. \u0130qtisadi b\u00f6y\u00fcm\u0259ni art\u0131rmaq \u00fc\u00e7\u00fcn h\u0259yata ke\u00e7iril\u0259n i\u015fl\u0259r\u0259 n\u00fcmun\u0259 g\u0259tir\u0259n nazir bildirib ki,\u00a021 d\u00f6vl\u0259t \u015firk\u0259tinin s\u0259m\u0259r\u0259liliyini v\u0259 korporativ idar\u0259etm\u0259ni art\u0131rmaq, onlar\u0131 \u00f6z\u0259ll\u0259\u015fdirm\u0259y\u0259 haz\u0131rlamaq \u00fc\u00e7\u00fcn d\u00f6vl\u0259t holdinqin\u0259 tap\u015f\u0131r\u0131q verilib.<\/p>\n<p>O qeyd edib ki, bu il Az\u0259rbaycanda d\u00f6vl\u0259t \u015firk\u0259tl\u0259rinin, o c\u00fcml\u0259d\u0259n, SOCAR-\u0131n hiss\u0259l\u0259rinin sat\u0131\u015fa \u00e7\u0131xar\u0131lmas\u0131 il\u0259 ba\u011fl\u0131 planlar m\u00f6vcud deyil. Lakin\u00a0Az\u0259rbaycan bu g\u00fcn\u0259 q\u0259d\u0259r t\u0259klif edilm\u0259mi\u015f yeni \u0259mlaklar\u0131n daxil oldu\u011fu \u00f6z\u0259ll\u0259\u015fdirm\u0259 proqram\u0131n\u0131 q\u0259bul etm\u0259yi planla\u015fd\u0131r\u0131r.<\/p>\n<p>Mikay\u0131l Cabbarov vur\u011fulay\u0131b ki, Az\u0259rbaycan s\u0131rf \u00f6z\u0259ll\u0259\u015fdirm\u0259 aparma namin\u0259 q\u0131sa m\u00fcdd\u0259td\u0259 d\u00f6vl\u0259t \u015firk\u0259tl\u0259rinin \u00f6z\u0259ll\u0259\u015fdirilm\u0259sinin h\u0259yata ke\u00e7irilm\u0259sini do\u011fru saym\u0131r. Buna g\u00f6r\u0259 d\u0259 haz\u0131rda \u0259sas m\u0259qs\u0259d bu proses \u00fcz\u0259rind\u0259 i\u015fl\u0259m\u0259k v\u0259 s\u0259hmdar d\u0259y\u0259rini art\u0131rma\u011fa imkan ver\u0259n investisiya holdinqi qurmaqd\u0131r.<\/p>\n<p>\u0130\u015f\u011fal edilmi\u015f \u0259razil\u0259rd\u0259 qar\u015f\u0131durman\u0131n sona \u00e7atmas\u0131 il\u0259 Qafqazda sabitliyin yaranmas\u0131n\u0131n daha \u00e7ox ticar\u0259t v\u0259 tranzit\u00a0imkan\u0131 yaratmaqla Az\u0259rbaycan\u0131n insanlar\u0131n sosial rifah\u0131na t\u00f6hf\u0259 ver\u0259n regional\u00a0m\u0259rk\u0259z kimi rolunu daha da art\u0131racaq. Onun s\u00f6zl\u0259rin\u0259 g\u00f6r\u0259, Erm\u0259nistanla \u0259m\u0259kda\u015fl\u0131q da edil\u0259 bil\u0259r.<\/p>\n<p>Nazirin s\u00f6zl\u0259rin\u0259 g\u00f6r\u0259, Rusiya, Erm\u0259nistan v\u0259 Az\u0259rbaycan\u0131n birg\u0259 komissiyas\u0131 regional n\u0259qliyyat \u0259laq\u0259l\u0259rinin b\u0259rpas\u0131 planlar\u0131 \u00fcst\u00fcnd\u0259 bu ay i\u015f\u0259 ba\u015flayacaq. O qeyd edib ki, qar\u015f\u0131l\u0131ql\u0131 \u0259m\u0259kda\u015fl\u0131q b\u00f6lg\u0259d\u0259 i\u015ftirak ed\u0259n b\u00fct\u00fcn \u00f6lk\u0259l\u0259r\u0259 fayda g\u0259tir\u0259c\u0259k.<\/p>\n","protected":false},"excerpt":{"rendered":"<p>\u201cAz\u0259rbaycan\u0131 bu il COVID-19-un s\u0259b\u0259b oldu\u011fu iqtisadi geril\u0259m\u0259d\u0259n v\u0259 i\u015f\u011fal alt\u0131ndak\u0131 \u0259razil\u0259rin\u0259 n\u0259zar\u0259ti yenid\u0259n b\u0259rpa etdikd\u0259n sonra iqtisadi art\u0131m g\u00f6zl\u0259yir\u201d. Bu bar\u0259d\u0259 Az\u0259rbaycan Respublikas\u0131n\u0131n \u0130qtisadiyyat naziri Mikay\u0131l Cabbarov \u201cBloomberg\u201d\u0259 m\u00fcsahib\u0259sind\u0259 deyib. O bildirib ki, 2021-ci ild\u0259 \u00f6lk\u0259d\u0259 \u00fcmumi daxili m\u0259hsul h\u0259cmind\u0259 3,4 faiz art\u0131m proqnozla\u015fd\u0131r\u0131l\u0131r. Nazirin s\u00f6zl\u0259rin\u0259 g\u00f6r\u0259, Az\u0259rbaycan\u0131n 2021-ci il\u0259 dair proqnozlar\u0131 Beyn\u0259lxalq Valyuta Fondu v\u0259 D\u00fcnya Bank\u0131n\u0131n proqnozlar\u0131ndan daha nikbindir. M.Cabbarov qeyd edib ki, bu il D\u00fcnya Bank\u0131 Az\u0259rbaycan iqtisadiyyat\u0131n\u0131n 1,9 faiz, Beyn\u0259lxalq Valyuta Fondu is\u0259 2 faiz b\u00f6y\u00fcy\u0259c\u0259yini proqnozla\u015fd\u0131r\u0131b. Nazir Az\u0259rbaycanda vaksinasiya prosesinin d\u0259 iqtisadi rifah \u00fc\u00e7\u00fcn&hellip;<\/p>\n","protected":false},"author":2,"featured_media":140620,"comment_status":"closed","ping_status":"closed","sticky":false,"template":"","format":"standard","meta":{"om_disable_all_campaigns":false,"_monsterinsights_skip_tracking":false,"_monsterinsights_sitenote_active":false,"_monsterinsights_sitenote_note":"","_monsterinsights_sitenote_category":0},"categories":[19],"tags":[],"aioseo_notices":[],"gutentor_comment":0,"rttpg_featured_image_url":{"full":["https:\/\/arantv.az\/wp-content\/uploads\/2020\/03\/mikayil_cabbarov_008.jpg",800,600,false],"landscape":["https:\/\/arantv.az\/wp-content\/uploads\/2020\/03\/mikayil_cabbarov_008.jpg",800,600,false],"portraits":["https:\/\/arantv.az\/wp-content\/uploads\/2020\/03\/mikayil_cabbarov_008.jpg",800,600,false],"thumbnail":["https:\/\/arantv.az\/wp-content\/uploads\/2020\/03\/mikayil_cabbarov_008-150x150.jpg",150,150,true],"medium":["https:\/\/arantv.az\/wp-content\/uploads\/2020\/03\/mikayil_cabbarov_008-300x225.jpg",300,225,true],"large":["https:\/\/arantv.az\/wp-content\/uploads\/2020\/03\/mikayil_cabbarov_008.jpg",640,480,false],"1536x1536":["https:\/\/arantv.az\/wp-content\/uploads\/2020\/03\/mikayil_cabbarov_008.jpg",800,600,false],"2048x2048":["https:\/\/arantv.az\/wp-content\/uploads\/2020\/03\/mikayil_cabbarov_008.jpg",800,600,false],"post-thumbnail":["https:\/\/arantv.az\/wp-content\/uploads\/2020\/03\/mikayil_cabbarov_008-240x172.jpg",240,172,true],"advps-thumb-one":["https:\/\/arantv.az\/wp-content\/uploads\/2020\/03\/mikayil_cabbarov_008.jpg",800,600,false]},"rttpg_author":{"display_name":"V\u00fcsal Rafiqo\u011flu","author_link":"https:\/\/arantv.az\/?author=2"},"rttpg_comment":0,"rttpg_category":"<a href=\"https:\/\/arantv.az\/?cat=19\" rel=\"category\">G\u00fcnd\u0259m<\/a>","rttpg_excerpt":"\u201cAz\u0259rbaycan\u0131 bu il COVID-19-un s\u0259b\u0259b oldu\u011fu iqtisadi geril\u0259m\u0259d\u0259n v\u0259 i\u015f\u011fal alt\u0131ndak\u0131 \u0259razil\u0259rin\u0259 n\u0259zar\u0259ti yenid\u0259n b\u0259rpa etdikd\u0259n sonra iqtisadi art\u0131m g\u00f6zl\u0259yir\u201d. Bu bar\u0259d\u0259 Az\u0259rbaycan Respublikas\u0131n\u0131n \u0130qtisadiyyat naziri Mikay\u0131l Cabbarov \u201cBloomberg\u201d\u0259 m\u00fcsahib\u0259sind\u0259 deyib. O bildirib ki, 2021-ci ild\u0259 \u00f6lk\u0259d\u0259 \u00fcmumi daxili m\u0259hsul h\u0259cmind\u0259 3,4 faiz art\u0131m proqnozla\u015fd\u0131r\u0131l\u0131r. Nazirin s\u00f6zl\u0259rin\u0259 g\u00f6r\u0259, Az\u0259rbaycan\u0131n 2021-ci il\u0259 dair proqnozlar\u0131 Beyn\u0259lxalq Valyuta&hellip;","_links":{"self":[{"href":"https:\/\/arantv.az\/index.php?rest_route=\/wp\/v2\/posts\/275531"}],"collection":[{"href":"https:\/\/arantv.az\/index.php?rest_route=\/wp\/v2\/posts"}],"about":[{"href":"https:\/\/arantv.az\/index.php?rest_route=\/wp\/v2\/types\/post"}],"author":[{"embeddable":true,"href":"https:\/\/arantv.az\/index.php?rest_route=\/wp\/v2\/users\/2"}],"replies":[{"embeddable":true,"href":"https:\/\/arantv.az\/index.php?rest_route=%2Fwp%2Fv2%2Fcomments&post=275531"}],"version-history":[{"count":0,"href":"https:\/\/arantv.az\/index.php?rest_route=\/wp\/v2\/posts\/275531\/revisions"}],"wp:featuredmedia":[{"embeddable":true,"href":"https:\/\/arantv.az\/index.php?rest_route=\/wp\/v2\/media\/140620"}],"wp:attachment":[{"href":"https:\/\/arantv.az\/index.php?rest_route=%2Fwp%2Fv2%2Fmedia&parent=275531"}],"wp:term":[{"taxonomy":"category","embeddable":true,"href":"https:\/\/arantv.az\/index.php?rest_route=%2Fwp%2Fv2%2Fcategories&post=275531"},{"taxonomy":"post_tag","embeddable":true,"href":"https:\/\/arantv.az\/index.php?rest_route=%2Fwp%2Fv2%2Ftags&post=275531"}],"curies":[{"name":"wp","href":"https:\/\/api.w.org\/{rel}","templated":true}]}}