{"id":275534,"date":"2021-01-20T15:20:43","date_gmt":"2021-01-20T12:20:43","guid":{"rendered":"http:\/\/arantv.az\/?p=275534"},"modified":"2021-01-20T15:20:43","modified_gmt":"2021-01-20T12:20:43","slug":"faci%c9%99y%c9%99-qarsi-siyasi-c%c9%99sar%c9%99t-video","status":"publish","type":"post","link":"https:\/\/arantv.az\/?p=275534","title":{"rendered":"Faci\u0259y\u0259 qar\u015f\u0131 siyasi c\u0259sar\u0259t &#8211; V\u0130DEO"},"content":{"rendered":"<article class=\"news\">\n<div class=\"news-inner\">\n<p>1990-c\u0131 ilin Qanl\u0131 Yanvar hadis\u0259l\u0259ri Az\u0259rbaycan xalq\u0131n\u0131n milli b\u00fct\u00f6vl\u00fcy\u00fcn\u00fc t\u0259sdiql\u0259y\u0259n \u0259n b\u00f6y\u00fck hadis\u0259l\u0259rd\u0259n biri oldu.<\/p>\n<p>20 Yanvar faci\u0259si bizi yumruq kimi birl\u0259\u015fdirdi v\u0259 b\u00fct\u00fcn d\u00fcnya az\u0259rbaycanl\u0131lar\u0131n\u0131n g\u00fcc\u00fcn\u00fc ifad\u0259 etdi.<\/p>\n<p>Bu hadis\u0259 n\u0259inki Az\u0259rbaycan\u0131, b\u00fct\u00fcn d\u00fcnyan\u0131 l\u0259rz\u0259y\u0259 g\u0259tirdi.<\/p>\n<div id=\"AdviadNativeVideo0\" class=\"AdviadNativeVideo\"><\/div>\n<p>O zaman yerli hakimiyy\u0259t orqanlar\u0131 ba\u015f ver\u0259nl\u0259rin \u00fcz\u0259rind\u0259n s\u00fckutla ke\u00e7m\u0259y\u0259 \u00fcst\u00fcnl\u00fck verdi.<\/p>\n<p>H\u0259min vaxt Moskvada ya\u015fayan ulu \u00f6nd\u0259r Heyd\u0259r \u018fliyev \u00f6z\u00fcn\u00fcn v\u0259 ail\u0259 \u00fczvl\u0259rinin h\u0259yat\u0131n\u0131n t\u0259hl\u00fck\u0259d\u0259 olmas\u0131na baxmayaraq,\u00a0faci\u0259nin ert\u0259si g\u00fcn\u00fc Az\u0259rbaycan\u0131n daimi n\u00fcmay\u0259nd\u0259liyin\u0259 g\u0259ldi.<\/p>\n<p>Qanl\u0131 Yanvar q\u0131r\u011f\u0131n\u0131n\u0131 t\u00f6r\u0259d\u0259nl\u0259ri pisl\u0259y\u0259n k\u0259skin b\u0259yanatla \u00e7\u0131x\u0131\u015f etdi. Xalq\u0131m\u0131z\u0131n ba\u015f\u0131na g\u0259tiril\u0259n m\u00fcsib\u0259ti d\u00fcnyaya \u00e7atd\u0131rd\u0131.<\/p>\n<p>\u00dcmummilli lider Heyd\u0259r \u018fliyevin 1990-c\u0131 il 21 yanvar tarixli b\u0259yanat\u0131nda deyilir:<\/p>\n<p>\u201cM\u0259n bunu q\u0259ti \u015f\u0259kild\u0259 q\u0131nay\u0131ram, bunun antihumanitar, antidemokratik, a\u011f\u0131r n\u0259tic\u0259l\u0259r g\u0259tir\u0259n, insan haqlar\u0131na zidd olan akt kimi d\u0259y\u0259rl\u0259ndirir\u0259m. Az\u0259rbaycanda bu q\u0259rar\u0131 ver\u0259n r\u0259hb\u0259rl\u0259r m\u0259suliyy\u0259t da\u015f\u0131mal\u0131d\u0131rlar. \u0130lk n\u00f6vb\u0259d\u0259 xalq qar\u015f\u0131s\u0131nda V\u0259zirov cavab\u00a0 verm\u0259lidir. Hans\u0131 ki, d\u00fcn\u0259n Az\u0259rbaycandan qa\u00e7\u0131b. Az\u0259rbaycan r\u0259hb\u0259rliyi yuxar\u0131da oturan \u015f\u0259xsl\u0259r\u0259 yanl\u0131\u015f m\u0259lumatlar, dezinformasiya \u00e7atd\u0131r\u0131b. M\u0259n hesab edir\u0259m ki, r\u0259hb\u0259rlik yet\u0259ri q\u0259d\u0259r m\u0259lumatl\u0131 olmay\u0131b. Onlar\u0131n fikir qar\u0131\u015f\u0131ql\u0131\u011f\u0131 da bu n\u0259tic\u0259y\u0259 g\u0259tirib \u00e7\u0131xar\u0131b. M\u0259n hesab edir\u0259m ki, g\u00fcnahkarlar\u0131n ham\u0131s\u0131 m\u0259suliyy\u0259t da\u015f\u0131mal\u0131d\u0131r\u201d.<\/p>\n<p>\u201cH\u0259min d\u00f6vrd\u0259 \u0259sl siyasi igidliyi, v\u0259t\u0259np\u0259rv\u0259rliyi g\u00f6st\u0259r\u0259n yegan\u0259 \u015f\u0259xs \u00fcmummilli lider Heyd\u0259r \u018fliyev oldu\u201d.<\/p>\n<p>Bu s\u00f6zl\u0259ri politoloq Qabil H\u00fcseynli 20 Yanvar faci\u0259si haqq\u0131nda dan\u0131\u015fark\u0259n deyib.<\/p>\n<p>O bildirib ki, h\u0259min g\u00fcn Heyd\u0259r \u018fliyev b\u00f6y\u00fck m\u0259tbuat konfrans\u0131 ke\u00e7irib: \u201cHeyd\u0259r \u018fliyev birba\u015fa Qarba\u00e7ovu ittiham etdi ki, Bak\u0131da t\u00f6k\u00fcl\u0259n qanlar\u0131n birinci g\u00fcnahkar\u0131 odur. M\u0259hz\u00a0onun g\u00f6st\u0259ri\u015fi il\u0259 dinc \u0259haliy\u0259 divan tutulub. Onun g\u00f6st\u0259ri\u015fi il\u0259 ordu q\u00fcvv\u0259l\u0259ri dinc \u0259haliy\u0259 at\u0259\u015f a\u00e7\u0131b\u201d.<\/p>\n<p>Ulu \u00f6nd\u0259rin siyasi kursunu u\u011furla davam etdir\u0259n Prezident \u0130lham \u018fliyev 20 Yanvar faci\u0259sind\u0259 q\u0259tl\u0259 yetiril\u0259nl\u0259rin, m\u00fcharib\u0259 veteranlar\u0131n\u0131n, \u015f\u0259hid ail\u0259l\u0259rinin, \u0259lill\u0259rin probleml\u0259rinin d\u00f6vl\u0259t s\u0259viyy\u0259sind\u0259 h\u0259llini m\u00fch\u00fcm v\u0259zif\u0259l\u0259rd\u0259n biri kimi qar\u015f\u0131ya qoyub. \u00d6lk\u0259mizd\u0259 bu istiqam\u0259td\u0259 b\u00f6y\u00fck t\u0259dbirl\u0259r h\u0259yata ke\u00e7irilir.<\/p>\n<p>Daha \u0259trafl\u0131 Baku TV-nin s\u00fcjetind\u0259:<\/p>\n<div><iframe loading=\"lazy\" src=\"https:\/\/www.youtube.com\/embed\/wgDiqQiS6vg\" width=\"560\" height=\"315\" frameborder=\"0\" allowfullscreen=\"allowfullscreen\" data-mce-fragment=\"1\"><\/iframe><\/div>\n<\/div>\n<\/article>\n<h2 class=\"news-share-title\"><\/h2>\n","protected":false},"excerpt":{"rendered":"<p>1990-c\u0131 ilin Qanl\u0131 Yanvar hadis\u0259l\u0259ri Az\u0259rbaycan xalq\u0131n\u0131n milli b\u00fct\u00f6vl\u00fcy\u00fcn\u00fc t\u0259sdiql\u0259y\u0259n \u0259n b\u00f6y\u00fck hadis\u0259l\u0259rd\u0259n biri oldu. 20 Yanvar faci\u0259si bizi yumruq kimi birl\u0259\u015fdirdi v\u0259 b\u00fct\u00fcn d\u00fcnya az\u0259rbaycanl\u0131lar\u0131n\u0131n g\u00fcc\u00fcn\u00fc ifad\u0259 etdi. Bu hadis\u0259 n\u0259inki Az\u0259rbaycan\u0131, b\u00fct\u00fcn d\u00fcnyan\u0131 l\u0259rz\u0259y\u0259 g\u0259tirdi. O zaman yerli hakimiyy\u0259t orqanlar\u0131 ba\u015f ver\u0259nl\u0259rin \u00fcz\u0259rind\u0259n s\u00fckutla ke\u00e7m\u0259y\u0259 \u00fcst\u00fcnl\u00fck verdi. H\u0259min vaxt Moskvada ya\u015fayan ulu \u00f6nd\u0259r Heyd\u0259r \u018fliyev \u00f6z\u00fcn\u00fcn v\u0259 ail\u0259 \u00fczvl\u0259rinin h\u0259yat\u0131n\u0131n t\u0259hl\u00fck\u0259d\u0259 olmas\u0131na baxmayaraq,\u00a0faci\u0259nin ert\u0259si g\u00fcn\u00fc Az\u0259rbaycan\u0131n daimi n\u00fcmay\u0259nd\u0259liyin\u0259 g\u0259ldi. Qanl\u0131 Yanvar q\u0131r\u011f\u0131n\u0131n\u0131 t\u00f6r\u0259d\u0259nl\u0259ri pisl\u0259y\u0259n k\u0259skin b\u0259yanatla \u00e7\u0131x\u0131\u015f etdi. Xalq\u0131m\u0131z\u0131n ba\u015f\u0131na g\u0259tiril\u0259n m\u00fcsib\u0259ti d\u00fcnyaya \u00e7atd\u0131rd\u0131. \u00dcmummilli lider Heyd\u0259r \u018fliyevin&hellip;<\/p>\n","protected":false},"author":2,"featured_media":275535,"comment_status":"closed","ping_status":"closed","sticky":false,"template":"","format":"standard","meta":{"om_disable_all_campaigns":false,"_monsterinsights_skip_tracking":false,"_monsterinsights_sitenote_active":false,"_monsterinsights_sitenote_note":"","_monsterinsights_sitenote_category":0},"categories":[4],"tags":[],"aioseo_notices":[],"gutentor_comment":0,"rttpg_featured_image_url":{"full":["https:\/\/arantv.az\/wp-content\/uploads\/2021\/01\/Heyd\u00c9_r-\u00c6_liyev.jpg",620,349,false],"landscape":["https:\/\/arantv.az\/wp-content\/uploads\/2021\/01\/Heyd\u00c9_r-\u00c6_liyev.jpg",620,349,false],"portraits":["https:\/\/arantv.az\/wp-content\/uploads\/2021\/01\/Heyd\u00c9_r-\u00c6_liyev.jpg",620,349,false],"thumbnail":["https:\/\/arantv.az\/wp-content\/uploads\/2021\/01\/Heyd\u00c9_r-\u00c6_liyev-150x150.jpg",150,150,true],"medium":["https:\/\/arantv.az\/wp-content\/uploads\/2021\/01\/Heyd\u00c9_r-\u00c6_liyev-300x169.jpg",300,169,true],"large":["https:\/\/arantv.az\/wp-content\/uploads\/2021\/01\/Heyd\u00c9_r-\u00c6_liyev.jpg",620,349,false],"1536x1536":["https:\/\/arantv.az\/wp-content\/uploads\/2021\/01\/Heyd\u00c9_r-\u00c6_liyev.jpg",620,349,false],"2048x2048":["https:\/\/arantv.az\/wp-content\/uploads\/2021\/01\/Heyd\u00c9_r-\u00c6_liyev.jpg",620,349,false],"post-thumbnail":["https:\/\/arantv.az\/wp-content\/uploads\/2021\/01\/Heyd\u00c9_r-\u00c6_liyev-240x172.jpg",240,172,true],"advps-thumb-one":["https:\/\/arantv.az\/wp-content\/uploads\/2021\/01\/Heyd\u00c9_r-\u00c6_liyev.jpg",620,349,false]},"rttpg_author":{"display_name":"V\u00fcsal Rafiqo\u011flu","author_link":"https:\/\/arantv.az\/?author=2"},"rttpg_comment":0,"rttpg_category":"<a href=\"https:\/\/arantv.az\/?cat=4\" rel=\"category\">Siyas\u0259t<\/a>","rttpg_excerpt":"1990-c\u0131 ilin Qanl\u0131 Yanvar hadis\u0259l\u0259ri Az\u0259rbaycan xalq\u0131n\u0131n milli b\u00fct\u00f6vl\u00fcy\u00fcn\u00fc t\u0259sdiql\u0259y\u0259n \u0259n b\u00f6y\u00fck hadis\u0259l\u0259rd\u0259n biri oldu. 20 Yanvar faci\u0259si bizi yumruq kimi birl\u0259\u015fdirdi v\u0259 b\u00fct\u00fcn d\u00fcnya az\u0259rbaycanl\u0131lar\u0131n\u0131n g\u00fcc\u00fcn\u00fc ifad\u0259 etdi. Bu hadis\u0259 n\u0259inki Az\u0259rbaycan\u0131, b\u00fct\u00fcn d\u00fcnyan\u0131 l\u0259rz\u0259y\u0259 g\u0259tirdi. O zaman yerli hakimiyy\u0259t orqanlar\u0131 ba\u015f ver\u0259nl\u0259rin \u00fcz\u0259rind\u0259n s\u00fckutla ke\u00e7m\u0259y\u0259 \u00fcst\u00fcnl\u00fck verdi. H\u0259min vaxt Moskvada ya\u015fayan ulu \u00f6nd\u0259r&hellip;","_links":{"self":[{"href":"https:\/\/arantv.az\/index.php?rest_route=\/wp\/v2\/posts\/275534"}],"collection":[{"href":"https:\/\/arantv.az\/index.php?rest_route=\/wp\/v2\/posts"}],"about":[{"href":"https:\/\/arantv.az\/index.php?rest_route=\/wp\/v2\/types\/post"}],"author":[{"embeddable":true,"href":"https:\/\/arantv.az\/index.php?rest_route=\/wp\/v2\/users\/2"}],"replies":[{"embeddable":true,"href":"https:\/\/arantv.az\/index.php?rest_route=%2Fwp%2Fv2%2Fcomments&post=275534"}],"version-history":[{"count":0,"href":"https:\/\/arantv.az\/index.php?rest_route=\/wp\/v2\/posts\/275534\/revisions"}],"wp:featuredmedia":[{"embeddable":true,"href":"https:\/\/arantv.az\/index.php?rest_route=\/wp\/v2\/media\/275535"}],"wp:attachment":[{"href":"https:\/\/arantv.az\/index.php?rest_route=%2Fwp%2Fv2%2Fmedia&parent=275534"}],"wp:term":[{"taxonomy":"category","embeddable":true,"href":"https:\/\/arantv.az\/index.php?rest_route=%2Fwp%2Fv2%2Fcategories&post=275534"},{"taxonomy":"post_tag","embeddable":true,"href":"https:\/\/arantv.az\/index.php?rest_route=%2Fwp%2Fv2%2Ftags&post=275534"}],"curies":[{"name":"wp","href":"https:\/\/api.w.org\/{rel}","templated":true}]}}