{"id":275562,"date":"2021-01-20T15:47:05","date_gmt":"2021-01-20T12:47:05","guid":{"rendered":"http:\/\/arantv.az\/?p=275562"},"modified":"2021-01-20T15:47:05","modified_gmt":"2021-01-20T12:47:05","slug":"turkiy%c9%99-mn-unutmadiq-unutmayacagiq","status":"publish","type":"post","link":"https:\/\/arantv.az\/?p=275562","title":{"rendered":"T\u00fcrkiy\u0259 MN: &#8220;Unutmad\u0131q, unutmayaca\u011f\u0131q&#8221;"},"content":{"rendered":"<div class=\"row\">\n<div class=\"post single\">\n<div class=\"post_content page_margin_top_section clearfix\">\n<div class=\"content_box\">\n<div class=\"text\">\n<p><strong>T\u00fcrkiy\u0259 Milli M\u00fcdafi\u0259 Nazirliyi 20 Yanvar faci\u0259sinin 31-ci ild\u00f6n\u00fcm\u00fc il\u0259 ba\u011fl\u0131 \u00f6z\u00fcn\u00fcn &#8220;Twitter&#8221; hesab\u0131nda payla\u015f\u0131m edib.<\/strong><\/p>\n<p><b>ARANTV.AZ\u00a0<\/b>x\u0259b\u0259r verir ki, payla\u015f\u0131mda &#8220;Unutmad\u0131q, unutmayaca\u011f\u0131q&#8221; dey\u0259, 20 Yanvar \u015f\u0259hidl\u0259rinin xatir\u0259si yad edilir.<\/p>\n<\/div>\n<\/div>\n<\/div>\n<div class=\"social_like\">\n<div>\n<div class=\"fb-like fb_iframe_widget\" data-href=\"\" data-layout=\"button_count\" data-action=\"recommend\" data-size=\"small\" data-show-faces=\"false\" data-share=\"false\"><\/div>\n<\/div>\n<div><\/div>\n<\/div>\n<\/div>\n<\/div>\n<div class=\"row page_margin_top\">\n<div id=\"news_media_gallery\" class=\"eagle-gallery img600 in as1\">\n<div class=\"eagle-medium-wrap\"><a class=\"eagle-view-medium-img\"><img src=\"https:\/\/publika.az\/storage\/2021\/01\/20\/poster_turk_defens_ministry_200120.jpg\" alt=\"\" \/><\/a><\/div>\n<\/div>\n<\/div>\n","protected":false},"excerpt":{"rendered":"<p>T\u00fcrkiy\u0259 Milli M\u00fcdafi\u0259 Nazirliyi 20 Yanvar faci\u0259sinin 31-ci ild\u00f6n\u00fcm\u00fc il\u0259 ba\u011fl\u0131 \u00f6z\u00fcn\u00fcn &#8220;Twitter&#8221; hesab\u0131nda payla\u015f\u0131m edib. ARANTV.AZ\u00a0x\u0259b\u0259r verir ki, payla\u015f\u0131mda &#8220;Unutmad\u0131q, unutmayaca\u011f\u0131q&#8221; dey\u0259, 20 Yanvar \u015f\u0259hidl\u0259rinin xatir\u0259si yad edilir.<\/p>\n","protected":false},"author":2,"featured_media":275563,"comment_status":"closed","ping_status":"closed","sticky":false,"template":"","format":"standard","meta":{"om_disable_all_campaigns":false,"_monsterinsights_skip_tracking":false,"_monsterinsights_sitenote_active":false,"_monsterinsights_sitenote_note":"","_monsterinsights_sitenote_category":0},"categories":[4],"tags":[],"aioseo_notices":[],"gutentor_comment":0,"rttpg_featured_image_url":{"full":["https:\/\/arantv.az\/wp-content\/uploads\/2021\/01\/mudafe.jpg",800,450,false],"landscape":["https:\/\/arantv.az\/wp-content\/uploads\/2021\/01\/mudafe.jpg",800,450,false],"portraits":["https:\/\/arantv.az\/wp-content\/uploads\/2021\/01\/mudafe.jpg",800,450,false],"thumbnail":["https:\/\/arantv.az\/wp-content\/uploads\/2021\/01\/mudafe-150x150.jpg",150,150,true],"medium":["https:\/\/arantv.az\/wp-content\/uploads\/2021\/01\/mudafe-300x169.jpg",300,169,true],"large":["https:\/\/arantv.az\/wp-content\/uploads\/2021\/01\/mudafe.jpg",640,360,false],"1536x1536":["https:\/\/arantv.az\/wp-content\/uploads\/2021\/01\/mudafe.jpg",800,450,false],"2048x2048":["https:\/\/arantv.az\/wp-content\/uploads\/2021\/01\/mudafe.jpg",800,450,false],"post-thumbnail":["https:\/\/arantv.az\/wp-content\/uploads\/2021\/01\/mudafe-240x172.jpg",240,172,true],"advps-thumb-one":["https:\/\/arantv.az\/wp-content\/uploads\/2021\/01\/mudafe.jpg",800,450,false]},"rttpg_author":{"display_name":"V\u00fcsal Rafiqo\u011flu","author_link":"https:\/\/arantv.az\/?author=2"},"rttpg_comment":0,"rttpg_category":"<a href=\"https:\/\/arantv.az\/?cat=4\" rel=\"category\">Siyas\u0259t<\/a>","rttpg_excerpt":"T\u00fcrkiy\u0259 Milli M\u00fcdafi\u0259 Nazirliyi 20 Yanvar faci\u0259sinin 31-ci ild\u00f6n\u00fcm\u00fc il\u0259 ba\u011fl\u0131 \u00f6z\u00fcn\u00fcn &#8220;Twitter&#8221; hesab\u0131nda payla\u015f\u0131m edib. ARANTV.AZ\u00a0x\u0259b\u0259r verir ki, payla\u015f\u0131mda &#8220;Unutmad\u0131q, unutmayaca\u011f\u0131q&#8221; dey\u0259, 20 Yanvar \u015f\u0259hidl\u0259rinin xatir\u0259si yad edilir.","_links":{"self":[{"href":"https:\/\/arantv.az\/index.php?rest_route=\/wp\/v2\/posts\/275562"}],"collection":[{"href":"https:\/\/arantv.az\/index.php?rest_route=\/wp\/v2\/posts"}],"about":[{"href":"https:\/\/arantv.az\/index.php?rest_route=\/wp\/v2\/types\/post"}],"author":[{"embeddable":true,"href":"https:\/\/arantv.az\/index.php?rest_route=\/wp\/v2\/users\/2"}],"replies":[{"embeddable":true,"href":"https:\/\/arantv.az\/index.php?rest_route=%2Fwp%2Fv2%2Fcomments&post=275562"}],"version-history":[{"count":0,"href":"https:\/\/arantv.az\/index.php?rest_route=\/wp\/v2\/posts\/275562\/revisions"}],"wp:featuredmedia":[{"embeddable":true,"href":"https:\/\/arantv.az\/index.php?rest_route=\/wp\/v2\/media\/275563"}],"wp:attachment":[{"href":"https:\/\/arantv.az\/index.php?rest_route=%2Fwp%2Fv2%2Fmedia&parent=275562"}],"wp:term":[{"taxonomy":"category","embeddable":true,"href":"https:\/\/arantv.az\/index.php?rest_route=%2Fwp%2Fv2%2Fcategories&post=275562"},{"taxonomy":"post_tag","embeddable":true,"href":"https:\/\/arantv.az\/index.php?rest_route=%2Fwp%2Fv2%2Ftags&post=275562"}],"curies":[{"name":"wp","href":"https:\/\/api.w.org\/{rel}","templated":true}]}}