{"id":27576,"date":"2018-12-14T10:44:08","date_gmt":"2018-12-14T07:44:08","guid":{"rendered":"http:\/\/arantv.az\/?p=27576"},"modified":"2018-12-14T10:44:08","modified_gmt":"2018-12-14T07:44:08","slug":"dunyada-cavan-deputatlarin-sayi-artib-r%c9%99smi","status":"publish","type":"post","link":"https:\/\/arantv.az\/?p=27576","title":{"rendered":"D\u00fcnyada cavan deputatlar\u0131n say\u0131 art\u0131b &#8211; R\u018fSM\u0130"},"content":{"rendered":"<p>D\u00fcnyada 30 ya\u015f\u0131ndan cavan deputatlar\u0131n say\u0131 son iki ild\u0259 1.9 faizd\u0259n\u00a02.2 faiz\u0259 q\u0259d\u0259r art\u0131b.<\/p>\n<p><b>ARANTV.AZ<\/b>-\u0131n x\u0259b\u0259rin\u0259 g\u00f6r\u0259, bu, Parlamentl\u0259raras\u0131 \u0130ttifaq\u0131n (PA\u0130) G\u0259nc Parlament \u00dczvl\u0259rinin 5-ci Qlobal Konfrans\u0131nda yay\u0131lm\u0131\u015f hesabatda \u0259ksini tap\u0131b.<\/p>\n<p>Hesabatda qeyd olunur ki, bu art\u0131ma baxmayaraq, d\u00fcnya \u0259halisinin 30 ya\u015fdan a\u015fa\u011f\u0131 olan hiss\u0259si il\u0259 m\u00fcqayis\u0259d\u0259 g\u0259nc parlamentaril\u0259rin say\u0131nda k\u0259skin azl\u0131q m\u00fc\u015fahid\u0259 edilir:<\/p>\n<div id=\"AdributorNativeVideo0\" class=\"AdributorNativeVideo\"><\/div>\n<p>\u201cG\u0259nc deputatlar\u0131n say \u00e7oxlu\u011fu \u0259n \u00e7ox Avropada m\u00fc\u015fahid\u0259 edilir, ondan sonrak\u0131\u00a0s\u0131rada is\u0259 AB\u015e-d\u0131r\u201d.<\/p>\n<p>G\u00f6st\u0259rilir ki, d\u00fcnya parlamentaril\u0259rinin a\u015fa\u011f\u0131 palatas\u0131nda olan 30 ya\u015fdan a\u015fa\u011f\u0131 deputatlar\u0131n say\u0131 30 faizd\u0259n azd\u0131r, parlamentl\u0259rin yuxar\u0131 palatalar\u0131n\u0131n 76 faizind\u0259 is\u0259 bu ya\u015fda deputat, \u00fcmumiyy\u0259tl\u0259, yoxdur.<\/p>\n<p>\u201c40 ya\u015f\u0131ndan a\u015fa\u011f\u0131 deputatlar\u0131n say\u0131 2016-c\u0131 ild\u0259 14.2 faiz idis\u0259, 2018-ci ild\u0259 15.5 faiz olub. 45 ya\u015fdan a\u015fa\u011f\u0131 parlamentaril\u0259rin say\u0131 2016-c\u0131 ild\u0259 26 faiz, 2018-ci ild\u0259 is\u0259 28.1 faiz t\u0259\u015fkil edib\u201d, &#8211; dey\u0259\u00a0hesabatda bildirilir.oxu.az<\/p>\n","protected":false},"excerpt":{"rendered":"<p>D\u00fcnyada 30 ya\u015f\u0131ndan cavan deputatlar\u0131n say\u0131 son iki ild\u0259 1.9 faizd\u0259n\u00a02.2 faiz\u0259 q\u0259d\u0259r art\u0131b. ARANTV.AZ-\u0131n x\u0259b\u0259rin\u0259 g\u00f6r\u0259, bu, Parlamentl\u0259raras\u0131 \u0130ttifaq\u0131n (PA\u0130) G\u0259nc Parlament \u00dczvl\u0259rinin 5-ci Qlobal Konfrans\u0131nda yay\u0131lm\u0131\u015f hesabatda \u0259ksini tap\u0131b. Hesabatda qeyd olunur ki, bu art\u0131ma baxmayaraq, d\u00fcnya \u0259halisinin 30 ya\u015fdan a\u015fa\u011f\u0131 olan hiss\u0259si il\u0259 m\u00fcqayis\u0259d\u0259 g\u0259nc parlamentaril\u0259rin say\u0131nda k\u0259skin azl\u0131q m\u00fc\u015fahid\u0259 edilir: \u201cG\u0259nc deputatlar\u0131n say \u00e7oxlu\u011fu \u0259n \u00e7ox Avropada m\u00fc\u015fahid\u0259 edilir, ondan sonrak\u0131\u00a0s\u0131rada is\u0259 AB\u015e-d\u0131r\u201d. G\u00f6st\u0259rilir ki, d\u00fcnya parlamentaril\u0259rinin a\u015fa\u011f\u0131 palatas\u0131nda olan 30 ya\u015fdan a\u015fa\u011f\u0131 deputatlar\u0131n say\u0131 30 faizd\u0259n azd\u0131r, parlamentl\u0259rin yuxar\u0131 palatalar\u0131n\u0131n 76 faizind\u0259 is\u0259 bu ya\u015fda&hellip;<\/p>\n","protected":false},"author":2,"featured_media":27577,"comment_status":"closed","ping_status":"closed","sticky":false,"template":"","format":"standard","meta":{"om_disable_all_campaigns":false,"_monsterinsights_skip_tracking":false,"_monsterinsights_sitenote_active":false,"_monsterinsights_sitenote_note":"","_monsterinsights_sitenote_category":0},"categories":[1],"tags":[],"aioseo_notices":[],"gutentor_comment":0,"rttpg_featured_image_url":{"full":["https:\/\/arantv.az\/wp-content\/uploads\/2018\/12\/1514301640_176942.jpg",620,413,false],"landscape":["https:\/\/arantv.az\/wp-content\/uploads\/2018\/12\/1514301640_176942.jpg",620,413,false],"portraits":["https:\/\/arantv.az\/wp-content\/uploads\/2018\/12\/1514301640_176942.jpg",620,413,false],"thumbnail":["https:\/\/arantv.az\/wp-content\/uploads\/2018\/12\/1514301640_176942-150x150.jpg",150,150,true],"medium":["https:\/\/arantv.az\/wp-content\/uploads\/2018\/12\/1514301640_176942-300x200.jpg",300,200,true],"large":["https:\/\/arantv.az\/wp-content\/uploads\/2018\/12\/1514301640_176942.jpg",620,413,false],"1536x1536":["https:\/\/arantv.az\/wp-content\/uploads\/2018\/12\/1514301640_176942.jpg",620,413,false],"2048x2048":["https:\/\/arantv.az\/wp-content\/uploads\/2018\/12\/1514301640_176942.jpg",620,413,false],"post-thumbnail":["https:\/\/arantv.az\/wp-content\/uploads\/2018\/12\/1514301640_176942-240x172.jpg",240,172,true],"advps-thumb-one":["https:\/\/arantv.az\/wp-content\/uploads\/2018\/12\/1514301640_176942.jpg",620,413,false]},"rttpg_author":{"display_name":"V\u00fcsal Rafiqo\u011flu","author_link":"https:\/\/arantv.az\/?author=2"},"rttpg_comment":0,"rttpg_category":"<a href=\"https:\/\/arantv.az\/?cat=1\" rel=\"category\">C\u0259miyy\u0259t<\/a>","rttpg_excerpt":"D\u00fcnyada 30 ya\u015f\u0131ndan cavan deputatlar\u0131n say\u0131 son iki ild\u0259 1.9 faizd\u0259n\u00a02.2 faiz\u0259 q\u0259d\u0259r art\u0131b. ARANTV.AZ-\u0131n x\u0259b\u0259rin\u0259 g\u00f6r\u0259, bu, Parlamentl\u0259raras\u0131 \u0130ttifaq\u0131n (PA\u0130) G\u0259nc Parlament \u00dczvl\u0259rinin 5-ci Qlobal Konfrans\u0131nda yay\u0131lm\u0131\u015f hesabatda \u0259ksini tap\u0131b. Hesabatda qeyd olunur ki, bu art\u0131ma baxmayaraq, d\u00fcnya \u0259halisinin 30 ya\u015fdan a\u015fa\u011f\u0131 olan hiss\u0259si il\u0259 m\u00fcqayis\u0259d\u0259 g\u0259nc parlamentaril\u0259rin say\u0131nda k\u0259skin azl\u0131q m\u00fc\u015fahid\u0259 edilir: \u201cG\u0259nc&hellip;","_links":{"self":[{"href":"https:\/\/arantv.az\/index.php?rest_route=\/wp\/v2\/posts\/27576"}],"collection":[{"href":"https:\/\/arantv.az\/index.php?rest_route=\/wp\/v2\/posts"}],"about":[{"href":"https:\/\/arantv.az\/index.php?rest_route=\/wp\/v2\/types\/post"}],"author":[{"embeddable":true,"href":"https:\/\/arantv.az\/index.php?rest_route=\/wp\/v2\/users\/2"}],"replies":[{"embeddable":true,"href":"https:\/\/arantv.az\/index.php?rest_route=%2Fwp%2Fv2%2Fcomments&post=27576"}],"version-history":[{"count":0,"href":"https:\/\/arantv.az\/index.php?rest_route=\/wp\/v2\/posts\/27576\/revisions"}],"wp:featuredmedia":[{"embeddable":true,"href":"https:\/\/arantv.az\/index.php?rest_route=\/wp\/v2\/media\/27577"}],"wp:attachment":[{"href":"https:\/\/arantv.az\/index.php?rest_route=%2Fwp%2Fv2%2Fmedia&parent=27576"}],"wp:term":[{"taxonomy":"category","embeddable":true,"href":"https:\/\/arantv.az\/index.php?rest_route=%2Fwp%2Fv2%2Fcategories&post=27576"},{"taxonomy":"post_tag","embeddable":true,"href":"https:\/\/arantv.az\/index.php?rest_route=%2Fwp%2Fv2%2Ftags&post=27576"}],"curies":[{"name":"wp","href":"https:\/\/api.w.org\/{rel}","templated":true}]}}