{"id":27588,"date":"2018-12-14T11:02:39","date_gmt":"2018-12-14T08:02:39","guid":{"rendered":"http:\/\/arantv.az\/?p=27588"},"modified":"2018-12-14T11:02:39","modified_gmt":"2018-12-14T08:02:39","slug":"karate-millimiz%c9%99-turkiy%c9%99li-bas-m%c9%99sqci-t%c9%99yin-olundu","status":"publish","type":"post","link":"https:\/\/arantv.az\/?p=27588","title":{"rendered":"Karate millimiz\u0259 t\u00fcrkiy\u0259li ba\u015f m\u0259\u015fq\u00e7i t\u0259yin olundu"},"content":{"rendered":"<p>Ki\u015fil\u0259rd\u0259n ibar\u0259t karate (kumite) \u00fczr\u0259 milli komandaya yeni ba\u015f m\u0259\u015fq\u00e7i t\u0259yin olunub.<\/p>\n<p><b>ARANTV.AZ\u00a0<\/b>x\u0259b\u0259r verir ki, bundan sonra karate\u00e7il\u0259rimizi t\u00fcrk m\u00fct\u0259x\u0259ssis\u00a0<strong>Bah\u0259ttin Kandaz<\/strong>\u00a0\u00e7al\u0131\u015fd\u0131racaq.<\/p>\n<p>Yeni ba\u015f m\u0259\u015fq\u00e7ini hey\u0259t\u0259 t\u0259qdim ed\u0259n Az\u0259rbaycan Milli Karate Federasiyas\u0131n\u0131n prezidenti\u00a0<strong>Ya\u015far B\u0259\u015firov<\/strong>\u00a0qar\u015f\u0131ya qoyulan m\u0259qs\u0259dl\u0259r\u0259 nail olmaq \u00fc\u00e7\u00fcn ona u\u011furlar arzulay\u0131b. Az\u0259rbaycan karate\u00e7il\u0259ri kimi d\u00fcnyada tan\u0131nan milli komanda il\u0259 \u00e7al\u0131\u015fma\u011fa d\u0259v\u0259t olundu\u011fundan \u015f\u0259r\u0259f duydu\u011funu ifad\u0259 ed\u0259n B.Kandaz Az\u0259rbaycan karatesinin d\u00fcnyadak\u0131 imicini qoruma\u011fa v\u0259 ona h\u0259val\u0259 olunan bu m\u0259suliyy\u0259tli i\u015fd\u0259 b\u00f6y\u00fck h\u0259v\u0259sl\u0259 \u00e7al\u0131\u015faca\u011f\u0131n\u0131, el\u0259c\u0259 d\u0259, h\u0259d\u0259fl\u0259r\u0259 \u00e7atmaq \u00fc\u00e7\u00fcn qazand\u0131\u011f\u0131 t\u0259cr\u00fcb\u0259ni \u0259sirg\u0259m\u0259y\u0259c\u0259yini bildirib.<\/p>\n<p>O, qar\u015f\u0131dak\u0131 f\u0259aliyy\u0259t plan\u0131 bar\u0259d\u0259 q\u0131sa m\u0259lumat verib v\u0259 n\u0259z\u0259rd\u0259 tutulan i\u015fl\u0259rin m\u00fcsb\u0259t n\u0259tic\u0259l\u0259r\u0259 s\u0259b\u0259b olaca\u011f\u0131na inand\u0131\u011f\u0131n\u0131 s\u00f6yl\u0259yib.<\/p>\n<p>25 iyun 1968-ci ild\u0259 T\u00fcrkiy\u0259nin Gir\u0259sun \u015f\u0259h\u0259rind\u0259 do\u011fulan Bah\u0259ttin Kandaz \u0130stanbulda B\u0259d\u0259n T\u0259rbiy\u0259si v\u0259 \u0130dman Akademiyas\u0131n\u0131 bitirib. 1982-ci ild\u0259n karate il\u0259 m\u0259\u015f\u011ful olan m\u00fct\u0259x\u0259ssis iyirmi illik idman\u00e7\u0131 karyeras\u0131nda d\u00fcnya v\u0259 Avropa \u00e7empionatlar\u0131n\u0131n d\u0259f\u0259l\u0259rl\u0259 m\u00fckafat\u00e7\u0131s\u0131, h\u0259m\u00e7inin klublararas\u0131 d\u00fcnya v\u0259 Avropa \u00e7empionu olub.<\/p>\n<p>\u018flli ya\u015fl\u0131 m\u00fct\u0259x\u0259ssis 2006-c\u0131 ild\u0259n m\u0259\u015fq\u00e7i kimi f\u0259aliyy\u0259t\u0259 ba\u015flay\u0131b v\u0259 2014-c\u00fc ild\u0259 \u0130sve\u00e7r\u0259nin Bazel \u015f\u0259h\u0259rin\u0259 klub m\u0259\u015fq\u00e7isi kimi i\u015fl\u0259m\u0259y\u0259 d\u0259v\u0259t olunub. M\u0259\u015fq\u00e7ilik d\u00f6vr\u00fcnd\u0259 bir ne\u00e7\u0259 yetirm\u0259si d\u00fcnya v\u0259 Avropa \u00e7empionatlar\u0131n\u0131n qalib v\u0259 m\u00fckafat\u00e7\u0131s\u0131 olub.<\/p>\n<p>B.Kandaz \u00fc\u00e7 ay \u0259vv\u0259l B\u00f6y\u00fck Britaniyaya m\u0259\u015fq\u00e7i kimi d\u0259v\u0259t alsa da, bu yax\u0131nlarda Az\u0259rbaycan milli komandas\u0131n\u0131 \u00e7al\u0131\u015fd\u0131rmaq t\u0259klifin\u0259 \u00fcst\u00fcnl\u00fck verib. B\u00f6y\u00fck Britaniyada is\u0259 m\u0259sl\u0259h\u0259t\u00e7i kimi i\u015fl\u0259m\u0259k raz\u0131l\u0131\u011f\u0131na g\u0259lib.<\/p>\n<p>Bah\u0259ttin Kandaz\u0131n Az\u0259rbaycan milli komandas\u0131 il\u0259 ilk r\u0259smi yar\u0131\u015f\u0131 yanvar\u0131n ikinci yar\u0131s\u0131nda Fransada ilin \u0259n n\u00fcfuzlu Karate1 Premyer Liqa turniri olacaq.oxu.az<\/p>\n","protected":false},"excerpt":{"rendered":"<p>Ki\u015fil\u0259rd\u0259n ibar\u0259t karate (kumite) \u00fczr\u0259 milli komandaya yeni ba\u015f m\u0259\u015fq\u00e7i t\u0259yin olunub. ARANTV.AZ\u00a0x\u0259b\u0259r verir ki, bundan sonra karate\u00e7il\u0259rimizi t\u00fcrk m\u00fct\u0259x\u0259ssis\u00a0Bah\u0259ttin Kandaz\u00a0\u00e7al\u0131\u015fd\u0131racaq. Yeni ba\u015f m\u0259\u015fq\u00e7ini hey\u0259t\u0259 t\u0259qdim ed\u0259n Az\u0259rbaycan Milli Karate Federasiyas\u0131n\u0131n prezidenti\u00a0Ya\u015far B\u0259\u015firov\u00a0qar\u015f\u0131ya qoyulan m\u0259qs\u0259dl\u0259r\u0259 nail olmaq \u00fc\u00e7\u00fcn ona u\u011furlar arzulay\u0131b. Az\u0259rbaycan karate\u00e7il\u0259ri kimi d\u00fcnyada tan\u0131nan milli komanda il\u0259 \u00e7al\u0131\u015fma\u011fa d\u0259v\u0259t olundu\u011fundan \u015f\u0259r\u0259f duydu\u011funu ifad\u0259 ed\u0259n B.Kandaz Az\u0259rbaycan karatesinin d\u00fcnyadak\u0131 imicini qoruma\u011fa v\u0259 ona h\u0259val\u0259 olunan bu m\u0259suliyy\u0259tli i\u015fd\u0259 b\u00f6y\u00fck h\u0259v\u0259sl\u0259 \u00e7al\u0131\u015faca\u011f\u0131n\u0131, el\u0259c\u0259 d\u0259, h\u0259d\u0259fl\u0259r\u0259 \u00e7atmaq \u00fc\u00e7\u00fcn qazand\u0131\u011f\u0131 t\u0259cr\u00fcb\u0259ni \u0259sirg\u0259m\u0259y\u0259c\u0259yini bildirib. O, qar\u015f\u0131dak\u0131 f\u0259aliyy\u0259t plan\u0131 bar\u0259d\u0259 q\u0131sa m\u0259lumat verib v\u0259&hellip;<\/p>\n","protected":false},"author":2,"featured_media":27589,"comment_status":"closed","ping_status":"closed","sticky":false,"template":"","format":"standard","meta":{"om_disable_all_campaigns":false,"_monsterinsights_skip_tracking":false,"_monsterinsights_sitenote_active":false,"_monsterinsights_sitenote_note":"","_monsterinsights_sitenote_category":0},"categories":[6],"tags":[],"aioseo_notices":[],"gutentor_comment":0,"rttpg_featured_image_url":{"full":["https:\/\/arantv.az\/wp-content\/uploads\/2018\/12\/75a332.jpg",620,414,false],"landscape":["https:\/\/arantv.az\/wp-content\/uploads\/2018\/12\/75a332.jpg",620,414,false],"portraits":["https:\/\/arantv.az\/wp-content\/uploads\/2018\/12\/75a332.jpg",620,414,false],"thumbnail":["https:\/\/arantv.az\/wp-content\/uploads\/2018\/12\/75a332-150x150.jpg",150,150,true],"medium":["https:\/\/arantv.az\/wp-content\/uploads\/2018\/12\/75a332-300x200.jpg",300,200,true],"large":["https:\/\/arantv.az\/wp-content\/uploads\/2018\/12\/75a332.jpg",620,414,false],"1536x1536":["https:\/\/arantv.az\/wp-content\/uploads\/2018\/12\/75a332.jpg",620,414,false],"2048x2048":["https:\/\/arantv.az\/wp-content\/uploads\/2018\/12\/75a332.jpg",620,414,false],"post-thumbnail":["https:\/\/arantv.az\/wp-content\/uploads\/2018\/12\/75a332-240x172.jpg",240,172,true],"advps-thumb-one":["https:\/\/arantv.az\/wp-content\/uploads\/2018\/12\/75a332.jpg",620,414,false]},"rttpg_author":{"display_name":"V\u00fcsal Rafiqo\u011flu","author_link":"https:\/\/arantv.az\/?author=2"},"rttpg_comment":0,"rttpg_category":"<a href=\"https:\/\/arantv.az\/?cat=6\" rel=\"category\">\u0130dman<\/a>","rttpg_excerpt":"Ki\u015fil\u0259rd\u0259n ibar\u0259t karate (kumite) \u00fczr\u0259 milli komandaya yeni ba\u015f m\u0259\u015fq\u00e7i t\u0259yin olunub. ARANTV.AZ\u00a0x\u0259b\u0259r verir ki, bundan sonra karate\u00e7il\u0259rimizi t\u00fcrk m\u00fct\u0259x\u0259ssis\u00a0Bah\u0259ttin Kandaz\u00a0\u00e7al\u0131\u015fd\u0131racaq. Yeni ba\u015f m\u0259\u015fq\u00e7ini hey\u0259t\u0259 t\u0259qdim ed\u0259n Az\u0259rbaycan Milli Karate Federasiyas\u0131n\u0131n prezidenti\u00a0Ya\u015far B\u0259\u015firov\u00a0qar\u015f\u0131ya qoyulan m\u0259qs\u0259dl\u0259r\u0259 nail olmaq \u00fc\u00e7\u00fcn ona u\u011furlar arzulay\u0131b. Az\u0259rbaycan karate\u00e7il\u0259ri kimi d\u00fcnyada tan\u0131nan milli komanda il\u0259 \u00e7al\u0131\u015fma\u011fa d\u0259v\u0259t olundu\u011fundan \u015f\u0259r\u0259f duydu\u011funu ifad\u0259&hellip;","_links":{"self":[{"href":"https:\/\/arantv.az\/index.php?rest_route=\/wp\/v2\/posts\/27588"}],"collection":[{"href":"https:\/\/arantv.az\/index.php?rest_route=\/wp\/v2\/posts"}],"about":[{"href":"https:\/\/arantv.az\/index.php?rest_route=\/wp\/v2\/types\/post"}],"author":[{"embeddable":true,"href":"https:\/\/arantv.az\/index.php?rest_route=\/wp\/v2\/users\/2"}],"replies":[{"embeddable":true,"href":"https:\/\/arantv.az\/index.php?rest_route=%2Fwp%2Fv2%2Fcomments&post=27588"}],"version-history":[{"count":0,"href":"https:\/\/arantv.az\/index.php?rest_route=\/wp\/v2\/posts\/27588\/revisions"}],"wp:featuredmedia":[{"embeddable":true,"href":"https:\/\/arantv.az\/index.php?rest_route=\/wp\/v2\/media\/27589"}],"wp:attachment":[{"href":"https:\/\/arantv.az\/index.php?rest_route=%2Fwp%2Fv2%2Fmedia&parent=27588"}],"wp:term":[{"taxonomy":"category","embeddable":true,"href":"https:\/\/arantv.az\/index.php?rest_route=%2Fwp%2Fv2%2Fcategories&post=27588"},{"taxonomy":"post_tag","embeddable":true,"href":"https:\/\/arantv.az\/index.php?rest_route=%2Fwp%2Fv2%2Ftags&post=27588"}],"curies":[{"name":"wp","href":"https:\/\/api.w.org\/{rel}","templated":true}]}}