{"id":27594,"date":"2018-12-14T11:08:19","date_gmt":"2018-12-14T08:08:19","guid":{"rendered":"http:\/\/arantv.az\/?p=27594"},"modified":"2018-12-14T11:08:19","modified_gmt":"2018-12-14T08:08:19","slug":"baki-limaninin-kocurulm%c9%99sin%c9%99-baslanilib","status":"publish","type":"post","link":"https:\/\/arantv.az\/?p=27594","title":{"rendered":"Bak\u0131 Liman\u0131n\u0131n k\u00f6\u00e7\u00fcr\u00fclm\u0259sin\u0259 ba\u015flan\u0131l\u0131b"},"content":{"rendered":"<blockquote><p><em><strong>Bak\u0131 Liman\u0131n\u0131n k\u00f6\u00e7\u00fcr\u00fclm\u0259si i\u015fl\u0259ri art\u0131q ba\u015flay\u0131b.<\/strong><\/em><\/p><\/blockquote>\n<p><strong>ARANTV.AZ<\/strong>\u00a0 report-a istinad\u0259n\u00a0x\u0259b\u0259r verir ki, bunu jurnalistl\u0259r\u0259 a\u00e7\u0131qlamas\u0131nda &#8220;Bak\u0131 Beyn\u0259lxalq D\u0259niz Ticar\u0259t Liman\u0131&#8221; QSC-nin m\u0259tbuat katibi V\u0259fa S\u0259f\u0259rli deyib.<\/p>\n<p>Onun s\u00f6zl\u0259rin\u0259 g\u00f6r\u0259, haz\u0131rda limandak\u0131 kranlar\u0131n s\u00f6k\u00fclm\u0259si prosesi gedir: &#8220;N\u00f6vb\u0259ti il \u0259m\u0259liyyatlar\u0131n b\u00f6y\u00fck bir hiss\u0259si \u018fl\u0259td\u0259 olacaq. 2019 -cu ilin I r\u00fcb\u00fcnd\u0259n b\u00fct\u00fcn \u0259m\u0259liyyatlar orada h\u0259yata ke\u00e7iril\u0259c\u0259k&#8221;.<\/p>\n","protected":false},"excerpt":{"rendered":"<p>Bak\u0131 Liman\u0131n\u0131n k\u00f6\u00e7\u00fcr\u00fclm\u0259si i\u015fl\u0259ri art\u0131q ba\u015flay\u0131b. ARANTV.AZ\u00a0 report-a istinad\u0259n\u00a0x\u0259b\u0259r verir ki, bunu jurnalistl\u0259r\u0259 a\u00e7\u0131qlamas\u0131nda &#8220;Bak\u0131 Beyn\u0259lxalq D\u0259niz Ticar\u0259t Liman\u0131&#8221; QSC-nin m\u0259tbuat katibi V\u0259fa S\u0259f\u0259rli deyib. Onun s\u00f6zl\u0259rin\u0259 g\u00f6r\u0259, haz\u0131rda limandak\u0131 kranlar\u0131n s\u00f6k\u00fclm\u0259si prosesi gedir: &#8220;N\u00f6vb\u0259ti il \u0259m\u0259liyyatlar\u0131n b\u00f6y\u00fck bir hiss\u0259si \u018fl\u0259td\u0259 olacaq. 2019 -cu ilin I r\u00fcb\u00fcnd\u0259n b\u00fct\u00fcn \u0259m\u0259liyyatlar orada h\u0259yata ke\u00e7iril\u0259c\u0259k&#8221;.<\/p>\n","protected":false},"author":2,"featured_media":27595,"comment_status":"closed","ping_status":"closed","sticky":false,"template":"","format":"standard","meta":{"om_disable_all_campaigns":false,"_monsterinsights_skip_tracking":false,"_monsterinsights_sitenote_active":false,"_monsterinsights_sitenote_note":"","_monsterinsights_sitenote_category":0},"categories":[1],"tags":[],"aioseo_notices":[],"gutentor_comment":0,"rttpg_featured_image_url":{"full":["https:\/\/arantv.az\/wp-content\/uploads\/2018\/12\/baki_limani.png",600,450,false],"landscape":["https:\/\/arantv.az\/wp-content\/uploads\/2018\/12\/baki_limani.png",600,450,false],"portraits":["https:\/\/arantv.az\/wp-content\/uploads\/2018\/12\/baki_limani.png",600,450,false],"thumbnail":["https:\/\/arantv.az\/wp-content\/uploads\/2018\/12\/baki_limani-150x150.png",150,150,true],"medium":["https:\/\/arantv.az\/wp-content\/uploads\/2018\/12\/baki_limani-300x225.png",300,225,true],"large":["https:\/\/arantv.az\/wp-content\/uploads\/2018\/12\/baki_limani.png",600,450,false],"1536x1536":["https:\/\/arantv.az\/wp-content\/uploads\/2018\/12\/baki_limani.png",600,450,false],"2048x2048":["https:\/\/arantv.az\/wp-content\/uploads\/2018\/12\/baki_limani.png",600,450,false],"post-thumbnail":["https:\/\/arantv.az\/wp-content\/uploads\/2018\/12\/baki_limani-240x172.png",240,172,true],"advps-thumb-one":["https:\/\/arantv.az\/wp-content\/uploads\/2018\/12\/baki_limani.png",600,450,false]},"rttpg_author":{"display_name":"V\u00fcsal Rafiqo\u011flu","author_link":"https:\/\/arantv.az\/?author=2"},"rttpg_comment":0,"rttpg_category":"<a href=\"https:\/\/arantv.az\/?cat=1\" rel=\"category\">C\u0259miyy\u0259t<\/a>","rttpg_excerpt":"Bak\u0131 Liman\u0131n\u0131n k\u00f6\u00e7\u00fcr\u00fclm\u0259si i\u015fl\u0259ri art\u0131q ba\u015flay\u0131b. ARANTV.AZ\u00a0 report-a istinad\u0259n\u00a0x\u0259b\u0259r verir ki, bunu jurnalistl\u0259r\u0259 a\u00e7\u0131qlamas\u0131nda &#8220;Bak\u0131 Beyn\u0259lxalq D\u0259niz Ticar\u0259t Liman\u0131&#8221; QSC-nin m\u0259tbuat katibi V\u0259fa S\u0259f\u0259rli deyib. Onun s\u00f6zl\u0259rin\u0259 g\u00f6r\u0259, haz\u0131rda limandak\u0131 kranlar\u0131n s\u00f6k\u00fclm\u0259si prosesi gedir: &#8220;N\u00f6vb\u0259ti il \u0259m\u0259liyyatlar\u0131n b\u00f6y\u00fck bir hiss\u0259si \u018fl\u0259td\u0259 olacaq. 2019 -cu ilin I r\u00fcb\u00fcnd\u0259n b\u00fct\u00fcn \u0259m\u0259liyyatlar orada h\u0259yata ke\u00e7iril\u0259c\u0259k&#8221;.","_links":{"self":[{"href":"https:\/\/arantv.az\/index.php?rest_route=\/wp\/v2\/posts\/27594"}],"collection":[{"href":"https:\/\/arantv.az\/index.php?rest_route=\/wp\/v2\/posts"}],"about":[{"href":"https:\/\/arantv.az\/index.php?rest_route=\/wp\/v2\/types\/post"}],"author":[{"embeddable":true,"href":"https:\/\/arantv.az\/index.php?rest_route=\/wp\/v2\/users\/2"}],"replies":[{"embeddable":true,"href":"https:\/\/arantv.az\/index.php?rest_route=%2Fwp%2Fv2%2Fcomments&post=27594"}],"version-history":[{"count":0,"href":"https:\/\/arantv.az\/index.php?rest_route=\/wp\/v2\/posts\/27594\/revisions"}],"wp:featuredmedia":[{"embeddable":true,"href":"https:\/\/arantv.az\/index.php?rest_route=\/wp\/v2\/media\/27595"}],"wp:attachment":[{"href":"https:\/\/arantv.az\/index.php?rest_route=%2Fwp%2Fv2%2Fmedia&parent=27594"}],"wp:term":[{"taxonomy":"category","embeddable":true,"href":"https:\/\/arantv.az\/index.php?rest_route=%2Fwp%2Fv2%2Fcategories&post=27594"},{"taxonomy":"post_tag","embeddable":true,"href":"https:\/\/arantv.az\/index.php?rest_route=%2Fwp%2Fv2%2Ftags&post=27594"}],"curies":[{"name":"wp","href":"https:\/\/api.w.org\/{rel}","templated":true}]}}