{"id":27597,"date":"2018-12-14T11:12:12","date_gmt":"2018-12-14T08:12:12","guid":{"rendered":"http:\/\/arantv.az\/?p=27597"},"modified":"2018-12-14T11:12:12","modified_gmt":"2018-12-14T08:12:12","slug":"lavrov-qara-d%c9%99niz-siyasi-c%c9%99kism%c9%99l%c9%99r-meydani-olmamalidir","status":"publish","type":"post","link":"https:\/\/arantv.az\/?p=27597","title":{"rendered":"Lavrov: Qara d\u0259niz siyasi \u00e7\u0259ki\u015fm\u0259l\u0259r meydan\u0131 olmamal\u0131d\u0131r"},"content":{"rendered":"<p>M\u00f6vcud oldu\u011fu 25 il \u0259rzind\u0259 Qara D\u0259niz \u0130qtisadi \u018fm\u0259kda\u015fl\u0131q T\u0259\u015fkilat\u0131 z\u0259ruri regional meydana \u00e7evrilib.<\/p>\n<p><b>ARANTV.AZ\u00a0<\/b>x\u0259b\u0259r verir ki, bu bar\u0259d\u0259 Rusiyan\u0131n xarici i\u015fl\u0259r naziri\u00a0<strong>Sergey Lavrov\u00a0<\/strong>Qara D\u0259niz \u0130qtisadi \u018fm\u0259kda\u015fl\u0131q T\u0259\u015fkilat\u0131n\u0131n xarici i\u015fl\u0259r nazirl\u0259rinin Bak\u0131da ke\u00e7\u0259n toplant\u0131s\u0131nda bildirib.<\/p>\n<p>Son ill\u0259r Qara d\u0259niz regionunda v\u0259ziyy\u0259tin pisl\u0259\u015fdiyini bildir\u0259n rusiyal\u0131 ali diplomat\u00a0t\u0259\u015fkilat\u0131n siyasi \u00e7\u0259ki\u015fm\u0259l\u0259r, x\u00fcsusil\u0259 \u201c\u0259v\u0259z-\u0259v\u0259z oyunlar\u0131n\u0131n\u201d arenas\u0131na \u00e7evrilm\u0259li olmad\u0131\u011f\u0131n\u0131 hesab edir.<\/p>\n<div id=\"AdributorNativeVideo0\" class=\"AdributorNativeVideo\"><\/div>\n<p>Lavrov qeyd edib ki,\u00a0Qara d\u0259niz\u00a0regionunda iqtisadi \u0259m\u0259kda\u015fl\u0131q potensial\u0131 y\u00fcks\u0259k olaraq qalsa da, ondan tam h\u0259cmd\u0259 yararlanmaq olmur.<\/p>\n<p>\u201cT\u0259sad\u00fcfi deyil ki, Az\u0259rbaycan\u0131n s\u0259drlik etdiyi bu toplant\u0131 \u201cQar\u015f\u0131l\u0131ql\u0131 \u0259laq\u0259l\u0259r vasit\u0259sil\u0259 ticar\u0259tin stimulla\u015fd\u0131r\u0131lmas\u0131\u201d \u015f\u00fcar\u0131 alt\u0131nda ke\u00e7irilir. Qara d\u0259niz regionu\u00a0bir-birin\u0259 tarixi v\u0259 iqtisadi bax\u0131mdan ba\u011fl\u0131 olan m\u00fcxt\u0259lif d\u00f6vl\u0259tl\u0259ri birl\u0259\u015fdirir. Burada k\u00f6hn\u0259 yollar k\u0259si\u015fir, yeni ticar\u0259t yollar\u0131, n\u0259qliyyat v\u0259 energetika d\u0259hlizl\u0259ri yarad\u0131l\u0131r, m\u00fcxt\u0259lif inteqrasiya layih\u0259l\u0259ri h\u0259yata ke\u00e7irilir\u201d, &#8211; dey\u0259 Lavrov vur\u011fulay\u0131b.<\/p>\n<p>Nazir Qara D\u0259niz \u0130qtisadi \u018fm\u0259kda\u015fl\u0131q T\u0259\u015fkilat\u0131 m\u0259kan\u0131nda regional \u0259m\u0259kda\u015fl\u0131\u011f\u0131n inki\u015faf etdirilm\u0259sinin vacibliyini vur\u011fulay\u0131b.oxu.az<\/p>\n","protected":false},"excerpt":{"rendered":"<p>M\u00f6vcud oldu\u011fu 25 il \u0259rzind\u0259 Qara D\u0259niz \u0130qtisadi \u018fm\u0259kda\u015fl\u0131q T\u0259\u015fkilat\u0131 z\u0259ruri regional meydana \u00e7evrilib. ARANTV.AZ\u00a0x\u0259b\u0259r verir ki, bu bar\u0259d\u0259 Rusiyan\u0131n xarici i\u015fl\u0259r naziri\u00a0Sergey Lavrov\u00a0Qara D\u0259niz \u0130qtisadi \u018fm\u0259kda\u015fl\u0131q T\u0259\u015fkilat\u0131n\u0131n xarici i\u015fl\u0259r nazirl\u0259rinin Bak\u0131da ke\u00e7\u0259n toplant\u0131s\u0131nda bildirib. Son ill\u0259r Qara d\u0259niz regionunda v\u0259ziyy\u0259tin pisl\u0259\u015fdiyini bildir\u0259n rusiyal\u0131 ali diplomat\u00a0t\u0259\u015fkilat\u0131n siyasi \u00e7\u0259ki\u015fm\u0259l\u0259r, x\u00fcsusil\u0259 \u201c\u0259v\u0259z-\u0259v\u0259z oyunlar\u0131n\u0131n\u201d arenas\u0131na \u00e7evrilm\u0259li olmad\u0131\u011f\u0131n\u0131 hesab edir. Lavrov qeyd edib ki,\u00a0Qara d\u0259niz\u00a0regionunda iqtisadi \u0259m\u0259kda\u015fl\u0131q potensial\u0131 y\u00fcks\u0259k olaraq qalsa da, ondan tam h\u0259cmd\u0259 yararlanmaq olmur. \u201cT\u0259sad\u00fcfi deyil ki, Az\u0259rbaycan\u0131n s\u0259drlik etdiyi bu toplant\u0131 \u201cQar\u015f\u0131l\u0131ql\u0131 \u0259laq\u0259l\u0259r vasit\u0259sil\u0259 ticar\u0259tin stimulla\u015fd\u0131r\u0131lmas\u0131\u201d \u015f\u00fcar\u0131 alt\u0131nda ke\u00e7irilir. Qara&hellip;<\/p>\n","protected":false},"author":2,"featured_media":27598,"comment_status":"closed","ping_status":"closed","sticky":false,"template":"","format":"standard","meta":{"om_disable_all_campaigns":false,"_monsterinsights_skip_tracking":false,"_monsterinsights_sitenote_active":false,"_monsterinsights_sitenote_note":"","_monsterinsights_sitenote_category":0},"categories":[4],"tags":[],"aioseo_notices":[],"gutentor_comment":0,"rttpg_featured_image_url":{"full":["https:\/\/arantv.az\/wp-content\/uploads\/2018\/12\/1509040600.jpg",620,352,false],"landscape":["https:\/\/arantv.az\/wp-content\/uploads\/2018\/12\/1509040600.jpg",620,352,false],"portraits":["https:\/\/arantv.az\/wp-content\/uploads\/2018\/12\/1509040600.jpg",620,352,false],"thumbnail":["https:\/\/arantv.az\/wp-content\/uploads\/2018\/12\/1509040600-150x150.jpg",150,150,true],"medium":["https:\/\/arantv.az\/wp-content\/uploads\/2018\/12\/1509040600-300x170.jpg",300,170,true],"large":["https:\/\/arantv.az\/wp-content\/uploads\/2018\/12\/1509040600.jpg",620,352,false],"1536x1536":["https:\/\/arantv.az\/wp-content\/uploads\/2018\/12\/1509040600.jpg",620,352,false],"2048x2048":["https:\/\/arantv.az\/wp-content\/uploads\/2018\/12\/1509040600.jpg",620,352,false],"post-thumbnail":["https:\/\/arantv.az\/wp-content\/uploads\/2018\/12\/1509040600-240x172.jpg",240,172,true],"advps-thumb-one":["https:\/\/arantv.az\/wp-content\/uploads\/2018\/12\/1509040600.jpg",620,352,false]},"rttpg_author":{"display_name":"V\u00fcsal Rafiqo\u011flu","author_link":"https:\/\/arantv.az\/?author=2"},"rttpg_comment":0,"rttpg_category":"<a href=\"https:\/\/arantv.az\/?cat=4\" rel=\"category\">Siyas\u0259t<\/a>","rttpg_excerpt":"M\u00f6vcud oldu\u011fu 25 il \u0259rzind\u0259 Qara D\u0259niz \u0130qtisadi \u018fm\u0259kda\u015fl\u0131q T\u0259\u015fkilat\u0131 z\u0259ruri regional meydana \u00e7evrilib. ARANTV.AZ\u00a0x\u0259b\u0259r verir ki, bu bar\u0259d\u0259 Rusiyan\u0131n xarici i\u015fl\u0259r naziri\u00a0Sergey Lavrov\u00a0Qara D\u0259niz \u0130qtisadi \u018fm\u0259kda\u015fl\u0131q T\u0259\u015fkilat\u0131n\u0131n xarici i\u015fl\u0259r nazirl\u0259rinin Bak\u0131da ke\u00e7\u0259n toplant\u0131s\u0131nda bildirib. Son ill\u0259r Qara d\u0259niz regionunda v\u0259ziyy\u0259tin pisl\u0259\u015fdiyini bildir\u0259n rusiyal\u0131 ali diplomat\u00a0t\u0259\u015fkilat\u0131n siyasi \u00e7\u0259ki\u015fm\u0259l\u0259r, x\u00fcsusil\u0259 \u201c\u0259v\u0259z-\u0259v\u0259z oyunlar\u0131n\u0131n\u201d arenas\u0131na \u00e7evrilm\u0259li olmad\u0131\u011f\u0131n\u0131 hesab&hellip;","_links":{"self":[{"href":"https:\/\/arantv.az\/index.php?rest_route=\/wp\/v2\/posts\/27597"}],"collection":[{"href":"https:\/\/arantv.az\/index.php?rest_route=\/wp\/v2\/posts"}],"about":[{"href":"https:\/\/arantv.az\/index.php?rest_route=\/wp\/v2\/types\/post"}],"author":[{"embeddable":true,"href":"https:\/\/arantv.az\/index.php?rest_route=\/wp\/v2\/users\/2"}],"replies":[{"embeddable":true,"href":"https:\/\/arantv.az\/index.php?rest_route=%2Fwp%2Fv2%2Fcomments&post=27597"}],"version-history":[{"count":0,"href":"https:\/\/arantv.az\/index.php?rest_route=\/wp\/v2\/posts\/27597\/revisions"}],"wp:featuredmedia":[{"embeddable":true,"href":"https:\/\/arantv.az\/index.php?rest_route=\/wp\/v2\/media\/27598"}],"wp:attachment":[{"href":"https:\/\/arantv.az\/index.php?rest_route=%2Fwp%2Fv2%2Fmedia&parent=27597"}],"wp:term":[{"taxonomy":"category","embeddable":true,"href":"https:\/\/arantv.az\/index.php?rest_route=%2Fwp%2Fv2%2Fcategories&post=27597"},{"taxonomy":"post_tag","embeddable":true,"href":"https:\/\/arantv.az\/index.php?rest_route=%2Fwp%2Fv2%2Ftags&post=27597"}],"curies":[{"name":"wp","href":"https:\/\/api.w.org\/{rel}","templated":true}]}}