{"id":276073,"date":"2021-01-21T09:20:03","date_gmt":"2021-01-21T06:20:03","guid":{"rendered":"http:\/\/arantv.az\/?p=276073"},"modified":"2021-01-21T09:20:03","modified_gmt":"2021-01-21T06:20:03","slug":"haci-zeynalabdin-tagiyevin-heyk%c9%99li-hazirdir-video","status":"publish","type":"post","link":"https:\/\/arantv.az\/?p=276073","title":{"rendered":"Hac\u0131 Zeynalabdin Ta\u011f\u0131yevin heyk\u0259li haz\u0131rd\u0131r &#8211; V\u0130DEO"},"content":{"rendered":"<article class=\"news\">\n<div class=\"news-inner\">\n<p>Xalq r\u0259ssam\u0131 Xanlar \u018fhm\u0259dov Az\u0259rbaycan\u0131n g\u00f6rk\u0259mli ictimai xadimi, m\u00fcs\u0259lman \u015e\u0259rqind\u0259 ilk q\u0131zlar m\u0259kt\u0259binin yarad\u0131c\u0131s\u0131 Hac\u0131 Zeynalabdin Ta\u011f\u0131yevin heyk\u0259lini haz\u0131rlay\u0131b.<\/p>\n<p>X.\u018fhm\u0259dov Baku TV-y\u0259 bildirib ki, bu i\u015f\u0259 b\u00f6y\u00fck h\u0259v\u0259sl\u0259 ba\u015flay\u0131b v\u0259 yaratd\u0131\u011f\u0131 obraz haqda \u00e7ox ara\u015fd\u0131rma apar\u0131b.<\/p>\n<p>Xalq r\u0259ssam\u0131 heyk\u0259lin qoyulaca\u011f\u0131 \u00fcnvan\u0131n H.Z.Ta\u011f\u0131yev obraz\u0131 il\u0259 uzla\u015fd\u0131\u011f\u0131n\u0131 bildirib.<\/p>\n<div id=\"AdviadNativeVideo0\" class=\"AdviadNativeVideo\"><\/div>\n<p>Qeyd ed\u0259k ki, H.Z.Ta\u011f\u0131yevin heyk\u0259linin haz\u0131rlanmas\u0131 il\u0259 ba\u011fl\u0131 ke\u00e7iril\u0259n a\u00e7\u0131q heyk\u0259lt\u0259ra\u015fl\u0131q m\u00fcsabiq\u0259sin\u0259 t\u0259qdim olunan 26 layih\u0259 aras\u0131ndan X.\u018fhm\u0259dovun layih\u0259si qalib se\u00e7ilib.<\/p>\n<p>Xat\u0131rladaq ki, \u00f6t\u0259n il Prezident \u0130lham \u018fliyev v\u0259 Birinci vitse-prezident Mehriban \u018fliyevan\u0131n inc\u0259s\u0259n\u0259t xadiml\u0259rinin bir qrupu il\u0259 g\u00f6r\u00fc\u015f\u00fcnd\u0259\u00a0H.Z.Ta\u011f\u0131yevin Bak\u0131da heyk\u0259linin ucald\u0131lmas\u0131 bar\u0259d\u0259 t\u0259klif s\u0259sl\u0259ndirilib.<\/p>\n<p>D\u00f6vl\u0259t ba\u015f\u00e7\u0131s\u0131n\u0131n imzalad\u0131\u011f\u0131 s\u0259r\u0259ncamla g\u00f6rk\u0259mli xadimin abid\u0259sinin ucald\u0131lmas\u0131na q\u0259rar verilib.<\/p>\n<div><iframe loading=\"lazy\" src=\"https:\/\/www.youtube.com\/embed\/flE2RHIbTe4\" width=\"560\" height=\"315\" frameborder=\"0\" allowfullscreen=\"allowfullscreen\" data-mce-fragment=\"1\"><\/iframe><\/div>\n<\/div>\n<\/article>\n<h2 class=\"news-share-title\"><\/h2>\n","protected":false},"excerpt":{"rendered":"<p>Xalq r\u0259ssam\u0131 Xanlar \u018fhm\u0259dov Az\u0259rbaycan\u0131n g\u00f6rk\u0259mli ictimai xadimi, m\u00fcs\u0259lman \u015e\u0259rqind\u0259 ilk q\u0131zlar m\u0259kt\u0259binin yarad\u0131c\u0131s\u0131 Hac\u0131 Zeynalabdin Ta\u011f\u0131yevin heyk\u0259lini haz\u0131rlay\u0131b. X.\u018fhm\u0259dov Baku TV-y\u0259 bildirib ki, bu i\u015f\u0259 b\u00f6y\u00fck h\u0259v\u0259sl\u0259 ba\u015flay\u0131b v\u0259 yaratd\u0131\u011f\u0131 obraz haqda \u00e7ox ara\u015fd\u0131rma apar\u0131b. Xalq r\u0259ssam\u0131 heyk\u0259lin qoyulaca\u011f\u0131 \u00fcnvan\u0131n H.Z.Ta\u011f\u0131yev obraz\u0131 il\u0259 uzla\u015fd\u0131\u011f\u0131n\u0131 bildirib. Qeyd ed\u0259k ki, H.Z.Ta\u011f\u0131yevin heyk\u0259linin haz\u0131rlanmas\u0131 il\u0259 ba\u011fl\u0131 ke\u00e7iril\u0259n a\u00e7\u0131q heyk\u0259lt\u0259ra\u015fl\u0131q m\u00fcsabiq\u0259sin\u0259 t\u0259qdim olunan 26 layih\u0259 aras\u0131ndan X.\u018fhm\u0259dovun layih\u0259si qalib se\u00e7ilib. Xat\u0131rladaq ki, \u00f6t\u0259n il Prezident \u0130lham \u018fliyev v\u0259 Birinci vitse-prezident Mehriban \u018fliyevan\u0131n inc\u0259s\u0259n\u0259t xadiml\u0259rinin bir qrupu il\u0259 g\u00f6r\u00fc\u015f\u00fcnd\u0259\u00a0H.Z.Ta\u011f\u0131yevin Bak\u0131da heyk\u0259linin ucald\u0131lmas\u0131 bar\u0259d\u0259 t\u0259klif&hellip;<\/p>\n","protected":false},"author":2,"featured_media":276074,"comment_status":"closed","ping_status":"closed","sticky":false,"template":"","format":"standard","meta":{"om_disable_all_campaigns":false,"_monsterinsights_skip_tracking":false,"_monsterinsights_sitenote_active":false,"_monsterinsights_sitenote_note":"","_monsterinsights_sitenote_category":0},"categories":[26],"tags":[],"aioseo_notices":[],"gutentor_comment":0,"rttpg_featured_image_url":{"full":["https:\/\/arantv.az\/wp-content\/uploads\/2021\/01\/TAG\u00c4\u00b0.jpg",620,349,false],"landscape":["https:\/\/arantv.az\/wp-content\/uploads\/2021\/01\/TAG\u00c4\u00b0.jpg",620,349,false],"portraits":["https:\/\/arantv.az\/wp-content\/uploads\/2021\/01\/TAG\u00c4\u00b0.jpg",620,349,false],"thumbnail":["https:\/\/arantv.az\/wp-content\/uploads\/2021\/01\/TAG\u00c4\u00b0-150x150.jpg",150,150,true],"medium":["https:\/\/arantv.az\/wp-content\/uploads\/2021\/01\/TAG\u00c4\u00b0-300x169.jpg",300,169,true],"large":["https:\/\/arantv.az\/wp-content\/uploads\/2021\/01\/TAG\u00c4\u00b0.jpg",620,349,false],"1536x1536":["https:\/\/arantv.az\/wp-content\/uploads\/2021\/01\/TAG\u00c4\u00b0.jpg",620,349,false],"2048x2048":["https:\/\/arantv.az\/wp-content\/uploads\/2021\/01\/TAG\u00c4\u00b0.jpg",620,349,false],"post-thumbnail":["https:\/\/arantv.az\/wp-content\/uploads\/2021\/01\/TAG\u00c4\u00b0-240x172.jpg",240,172,true],"advps-thumb-one":["https:\/\/arantv.az\/wp-content\/uploads\/2021\/01\/TAG\u00c4\u00b0.jpg",620,349,false]},"rttpg_author":{"display_name":"V\u00fcsal Rafiqo\u011flu","author_link":"https:\/\/arantv.az\/?author=2"},"rttpg_comment":0,"rttpg_category":"<a href=\"https:\/\/arantv.az\/?cat=26\" rel=\"category\">Sosial<\/a>","rttpg_excerpt":"Xalq r\u0259ssam\u0131 Xanlar \u018fhm\u0259dov Az\u0259rbaycan\u0131n g\u00f6rk\u0259mli ictimai xadimi, m\u00fcs\u0259lman \u015e\u0259rqind\u0259 ilk q\u0131zlar m\u0259kt\u0259binin yarad\u0131c\u0131s\u0131 Hac\u0131 Zeynalabdin Ta\u011f\u0131yevin heyk\u0259lini haz\u0131rlay\u0131b. X.\u018fhm\u0259dov Baku TV-y\u0259 bildirib ki, bu i\u015f\u0259 b\u00f6y\u00fck h\u0259v\u0259sl\u0259 ba\u015flay\u0131b v\u0259 yaratd\u0131\u011f\u0131 obraz haqda \u00e7ox ara\u015fd\u0131rma apar\u0131b. Xalq r\u0259ssam\u0131 heyk\u0259lin qoyulaca\u011f\u0131 \u00fcnvan\u0131n H.Z.Ta\u011f\u0131yev obraz\u0131 il\u0259 uzla\u015fd\u0131\u011f\u0131n\u0131 bildirib. Qeyd ed\u0259k ki, H.Z.Ta\u011f\u0131yevin heyk\u0259linin haz\u0131rlanmas\u0131 il\u0259 ba\u011fl\u0131 ke\u00e7iril\u0259n&hellip;","_links":{"self":[{"href":"https:\/\/arantv.az\/index.php?rest_route=\/wp\/v2\/posts\/276073"}],"collection":[{"href":"https:\/\/arantv.az\/index.php?rest_route=\/wp\/v2\/posts"}],"about":[{"href":"https:\/\/arantv.az\/index.php?rest_route=\/wp\/v2\/types\/post"}],"author":[{"embeddable":true,"href":"https:\/\/arantv.az\/index.php?rest_route=\/wp\/v2\/users\/2"}],"replies":[{"embeddable":true,"href":"https:\/\/arantv.az\/index.php?rest_route=%2Fwp%2Fv2%2Fcomments&post=276073"}],"version-history":[{"count":0,"href":"https:\/\/arantv.az\/index.php?rest_route=\/wp\/v2\/posts\/276073\/revisions"}],"wp:featuredmedia":[{"embeddable":true,"href":"https:\/\/arantv.az\/index.php?rest_route=\/wp\/v2\/media\/276074"}],"wp:attachment":[{"href":"https:\/\/arantv.az\/index.php?rest_route=%2Fwp%2Fv2%2Fmedia&parent=276073"}],"wp:term":[{"taxonomy":"category","embeddable":true,"href":"https:\/\/arantv.az\/index.php?rest_route=%2Fwp%2Fv2%2Fcategories&post=276073"},{"taxonomy":"post_tag","embeddable":true,"href":"https:\/\/arantv.az\/index.php?rest_route=%2Fwp%2Fv2%2Ftags&post=276073"}],"curies":[{"name":"wp","href":"https:\/\/api.w.org\/{rel}","templated":true}]}}