{"id":276089,"date":"2021-01-21T09:35:58","date_gmt":"2021-01-21T06:35:58","guid":{"rendered":"http:\/\/arantv.az\/?p=276089"},"modified":"2021-01-21T09:35:58","modified_gmt":"2021-01-21T06:35:58","slug":"millimizin-kapitani-suni-ortukl%c9%99-parketi-is%c9%99-muqayis%c9%99-etm%c9%99k-olmaz","status":"publish","type":"post","link":"https:\/\/arantv.az\/?p=276089","title":{"rendered":"Millimizin kapitan\u0131: \u201cS\u00fcni \u00f6rt\u00fckl\u0259 parketi is\u0259 m\u00fcqayis\u0259 etm\u0259k olmaz\u201d"},"content":{"rendered":"<p>Yanvar\u0131n 18-d\u0259n etibar\u0259n t\u0259lim-m\u0259\u015fq toplan\u0131\u015f\u0131n\u0131 Bak\u0131 \u0130dman Saray\u0131nda davam etdir\u0259n Az\u0259rbaycan millisi \u0259sas\u0259n fiziki \u00e7al\u0131\u015fmalara \u00fcst\u00fcnl\u00fck verir.<\/p>\n<p>11 aydan sonra idman zal\u0131nda 3 m\u0259\u015fq ke\u00e7\u0259n y\u0131\u011fmam\u0131z yanvar\u0131n 29-da Slovakiya il\u0259 qar\u015f\u0131la\u015facaq.<\/p>\n<p>Haz\u0131rl\u0131qla ba\u011fl\u0131 azfutzal.az sayt\u0131na a\u00e7\u0131qlama ver\u0259n millinin kapitan\u0131 Rizvan F\u0259rz\u0259liyev qar\u015f\u0131ya konkret m\u0259qs\u0259din qoyuldu\u011funu bildirib:<\/p>\n<div id=\"AdviadNativeVideo0\" class=\"AdviadNativeVideo\"><\/div>\n<p>\u201cToplan\u0131\u015f\u0131m\u0131z davam edir. Fiziki haz\u0131rl\u0131\u011f\u0131 y\u00fcks\u0259ltm\u0259k istiqam\u0259tind\u0259 m\u0259\u015fql\u0259r edirik. \u018fhval-ruhiyy\u0259 yax\u015f\u0131d\u0131r. \u00c7oxdan idi ki, zalda m\u0259\u015fq etmirdik, yenid\u0259n sevimli m\u0259kan\u0131m\u0131za d\u00f6nm\u0259yimiz komanda \u00fczvl\u0259rini sevindirm\u0259y\u0259 bilm\u0259zdi. Qar\u015f\u0131da bizi qrup liderliyin\u0259 iddial\u0131 Slovakiya il\u0259 a\u011f\u0131r oyun g\u00f6zl\u0259yir. \u018flb\u0259tt\u0259, r\u0259qibin kimliyind\u0259n as\u0131l\u0131 olmayaraq, qar\u015f\u0131m\u0131za konkret tap\u015f\u0131r\u0131q qoyulub. Biz bu qrupdan qalib kimi final m\u0259rh\u0259l\u0259sin\u0259 v\u0259siq\u0259 qazanmal\u0131y\u0131q. Bilir\u0259m, uzun m\u00fcdd\u0259t parketd\u0259n k\u0259narda qalma\u011f\u0131m\u0131z \u00e7\u0259tinlik yaradacaq. \u0130dman\u00e7\u0131 h\u0259yat\u0131 el\u0259dir ki, g\u0259r\u0259k m\u0259\u015fql\u0259ri fasil\u0259siz, daimi ed\u0259s\u0259n. Amma m\u00f6vcud v\u0259ziyy\u0259tl\u0259 \u0259laq\u0259dar zallar ba\u011fland\u0131 v\u0259 biz \u0259n yax\u015f\u0131 halda a\u00e7\u0131q havada m\u0259\u015fq etm\u0259kl\u0259 formam\u0131z\u0131 qoruma\u011fa \u00e7al\u0131\u015fd\u0131q. S\u00fcni \u00f6rt\u00fckl\u0259 parketi is\u0259 m\u00fcqayis\u0259 etm\u0259k olmaz\u201d.<\/p>\n<p>T\u0259cr\u00fcb\u0259li futzal\u00e7\u0131 \u00e7\u0259tinlikl\u0259rd\u0259n d\u0259 dan\u0131\u015f\u0131b, komandan\u0131n oyuna haz\u0131r olaca\u011f\u0131na inand\u0131\u011f\u0131n\u0131 vur\u011fulay\u0131b:<\/p>\n<p>\u201cM\u00fc\u0259yy\u0259n \u00e7\u0259tinliyimiz var. \u0130lk n\u00f6vb\u0259d\u0259 zala uy\u011funla\u015fma\u011fa \u00e7al\u0131\u015f\u0131r\u0131q. 11 ay az m\u00fcdd\u0259t deyil. Yanvar\u0131n 29-na q\u0259d\u0259r is\u0259 bu v\u0259 dig\u0259r \u00e7at\u0131\u015fmazl\u0131\u011f\u0131 aradan qald\u0131rmal\u0131y\u0131q. Bunu bacaraca\u011f\u0131m\u0131za inan\u0131ram. Bu h\u0259ft\u0259d\u0259n maksimum yararlanmal\u0131y\u0131q\u201d.<\/p>\n<p>\u00dc\u00e7\u00fcnc\u00fc qrupda yer alan millimizin r\u0259qibl\u0259rin\u0259 yax\u0131ndan b\u0259l\u0259d olduqlar\u0131n\u0131 dey\u0259n kapitan Slovakiyan\u0131 f\u0259rql\u0259ndirib:<\/p>\n<p>\u201cH\u0259r \u00fc\u00e7 komandan\u0131n g\u00fcc\u00fcn\u0259 b\u0259l\u0259dik. X\u00fcsusil\u0259 d\u0259 Slovakiya il\u0259 son ill\u0259rd\u0259 daha \u00e7ox qar\u015f\u0131la\u015fm\u0131\u015f\u0131q. Qrup m\u0259rh\u0259l\u0259sin\u0259 onlarla duell\u0259 start ver\u0259c\u0259yik. Bak\u0131dak\u0131 oyunda q\u0259l\u0259b\u0259 qazanmal\u0131y\u0131q ki, \u00f6z\u00fcn\u0259 inam arts\u0131n, h\u0259m d\u0259 \u0259sas r\u0259qibimizi qabaqlaya bil\u0259k, eyni zamanda, Yunan\u0131stan s\u0259f\u0259rin\u0259 y\u00fcks\u0259k \u0259hvla-ruhiyy\u0259d\u0259 yollanaq. Do\u011fma meydan amili d\u0259 biz\u0259 \u00fcst\u00fcnl\u00fck qazand\u0131racaq. Mat\u00e7\u0131n azarke\u015fsiz ke\u00e7irilm\u0259si t\u0259\u0259ss\u00fcf dogurur. Ancaq pandemiya il\u0259 \u0259laq\u0259dar verilmi\u015f q\u0259rara h\u00f6rm\u0259tl\u0259 yana\u015fmal\u0131y\u0131q\u201d.<\/p>\n","protected":false},"excerpt":{"rendered":"<p>Yanvar\u0131n 18-d\u0259n etibar\u0259n t\u0259lim-m\u0259\u015fq toplan\u0131\u015f\u0131n\u0131 Bak\u0131 \u0130dman Saray\u0131nda davam etdir\u0259n Az\u0259rbaycan millisi \u0259sas\u0259n fiziki \u00e7al\u0131\u015fmalara \u00fcst\u00fcnl\u00fck verir. 11 aydan sonra idman zal\u0131nda 3 m\u0259\u015fq ke\u00e7\u0259n y\u0131\u011fmam\u0131z yanvar\u0131n 29-da Slovakiya il\u0259 qar\u015f\u0131la\u015facaq. Haz\u0131rl\u0131qla ba\u011fl\u0131 azfutzal.az sayt\u0131na a\u00e7\u0131qlama ver\u0259n millinin kapitan\u0131 Rizvan F\u0259rz\u0259liyev qar\u015f\u0131ya konkret m\u0259qs\u0259din qoyuldu\u011funu bildirib: \u201cToplan\u0131\u015f\u0131m\u0131z davam edir. Fiziki haz\u0131rl\u0131\u011f\u0131 y\u00fcks\u0259ltm\u0259k istiqam\u0259tind\u0259 m\u0259\u015fql\u0259r edirik. \u018fhval-ruhiyy\u0259 yax\u015f\u0131d\u0131r. \u00c7oxdan idi ki, zalda m\u0259\u015fq etmirdik, yenid\u0259n sevimli m\u0259kan\u0131m\u0131za d\u00f6nm\u0259yimiz komanda \u00fczvl\u0259rini sevindirm\u0259y\u0259 bilm\u0259zdi. Qar\u015f\u0131da bizi qrup liderliyin\u0259 iddial\u0131 Slovakiya il\u0259 a\u011f\u0131r oyun g\u00f6zl\u0259yir. \u018flb\u0259tt\u0259, r\u0259qibin kimliyind\u0259n as\u0131l\u0131 olmayaraq, qar\u015f\u0131m\u0131za konkret tap\u015f\u0131r\u0131q qoyulub.&hellip;<\/p>\n","protected":false},"author":2,"featured_media":276090,"comment_status":"closed","ping_status":"closed","sticky":false,"template":"","format":"standard","meta":{"om_disable_all_campaigns":false,"_monsterinsights_skip_tracking":false,"_monsterinsights_sitenote_active":false,"_monsterinsights_sitenote_note":"","_monsterinsights_sitenote_category":0},"categories":[6],"tags":[],"aioseo_notices":[],"gutentor_comment":0,"rttpg_featured_image_url":{"full":["https:\/\/arantv.az\/wp-content\/uploads\/2021\/01\/az_1611173045_rizvan.jpg",620,434,false],"landscape":["https:\/\/arantv.az\/wp-content\/uploads\/2021\/01\/az_1611173045_rizvan.jpg",620,434,false],"portraits":["https:\/\/arantv.az\/wp-content\/uploads\/2021\/01\/az_1611173045_rizvan.jpg",620,434,false],"thumbnail":["https:\/\/arantv.az\/wp-content\/uploads\/2021\/01\/az_1611173045_rizvan-150x150.jpg",150,150,true],"medium":["https:\/\/arantv.az\/wp-content\/uploads\/2021\/01\/az_1611173045_rizvan-300x210.jpg",300,210,true],"large":["https:\/\/arantv.az\/wp-content\/uploads\/2021\/01\/az_1611173045_rizvan.jpg",620,434,false],"1536x1536":["https:\/\/arantv.az\/wp-content\/uploads\/2021\/01\/az_1611173045_rizvan.jpg",620,434,false],"2048x2048":["https:\/\/arantv.az\/wp-content\/uploads\/2021\/01\/az_1611173045_rizvan.jpg",620,434,false],"post-thumbnail":["https:\/\/arantv.az\/wp-content\/uploads\/2021\/01\/az_1611173045_rizvan-240x172.jpg",240,172,true],"advps-thumb-one":["https:\/\/arantv.az\/wp-content\/uploads\/2021\/01\/az_1611173045_rizvan.jpg",620,434,false]},"rttpg_author":{"display_name":"V\u00fcsal Rafiqo\u011flu","author_link":"https:\/\/arantv.az\/?author=2"},"rttpg_comment":0,"rttpg_category":"<a href=\"https:\/\/arantv.az\/?cat=6\" rel=\"category\">\u0130dman<\/a>","rttpg_excerpt":"Yanvar\u0131n 18-d\u0259n etibar\u0259n t\u0259lim-m\u0259\u015fq toplan\u0131\u015f\u0131n\u0131 Bak\u0131 \u0130dman Saray\u0131nda davam etdir\u0259n Az\u0259rbaycan millisi \u0259sas\u0259n fiziki \u00e7al\u0131\u015fmalara \u00fcst\u00fcnl\u00fck verir. 11 aydan sonra idman zal\u0131nda 3 m\u0259\u015fq ke\u00e7\u0259n y\u0131\u011fmam\u0131z yanvar\u0131n 29-da Slovakiya il\u0259 qar\u015f\u0131la\u015facaq. Haz\u0131rl\u0131qla ba\u011fl\u0131 azfutzal.az sayt\u0131na a\u00e7\u0131qlama ver\u0259n millinin kapitan\u0131 Rizvan F\u0259rz\u0259liyev qar\u015f\u0131ya konkret m\u0259qs\u0259din qoyuldu\u011funu bildirib: \u201cToplan\u0131\u015f\u0131m\u0131z davam edir. Fiziki haz\u0131rl\u0131\u011f\u0131 y\u00fcks\u0259ltm\u0259k istiqam\u0259tind\u0259 m\u0259\u015fql\u0259r edirik.&hellip;","_links":{"self":[{"href":"https:\/\/arantv.az\/index.php?rest_route=\/wp\/v2\/posts\/276089"}],"collection":[{"href":"https:\/\/arantv.az\/index.php?rest_route=\/wp\/v2\/posts"}],"about":[{"href":"https:\/\/arantv.az\/index.php?rest_route=\/wp\/v2\/types\/post"}],"author":[{"embeddable":true,"href":"https:\/\/arantv.az\/index.php?rest_route=\/wp\/v2\/users\/2"}],"replies":[{"embeddable":true,"href":"https:\/\/arantv.az\/index.php?rest_route=%2Fwp%2Fv2%2Fcomments&post=276089"}],"version-history":[{"count":0,"href":"https:\/\/arantv.az\/index.php?rest_route=\/wp\/v2\/posts\/276089\/revisions"}],"wp:featuredmedia":[{"embeddable":true,"href":"https:\/\/arantv.az\/index.php?rest_route=\/wp\/v2\/media\/276090"}],"wp:attachment":[{"href":"https:\/\/arantv.az\/index.php?rest_route=%2Fwp%2Fv2%2Fmedia&parent=276089"}],"wp:term":[{"taxonomy":"category","embeddable":true,"href":"https:\/\/arantv.az\/index.php?rest_route=%2Fwp%2Fv2%2Fcategories&post=276089"},{"taxonomy":"post_tag","embeddable":true,"href":"https:\/\/arantv.az\/index.php?rest_route=%2Fwp%2Fv2%2Ftags&post=276089"}],"curies":[{"name":"wp","href":"https:\/\/api.w.org\/{rel}","templated":true}]}}