{"id":27614,"date":"2018-12-14T11:38:46","date_gmt":"2018-12-14T08:38:46","guid":{"rendered":"http:\/\/arantv.az\/?p=27614"},"modified":"2018-12-14T11:38:46","modified_gmt":"2018-12-14T08:38:46","slug":"bakida-avtobus-surucu-olum%c9%99-s%c9%99b%c9%99b-oldu-qadin-oldu","status":"publish","type":"post","link":"https:\/\/arantv.az\/?p=27614","title":{"rendered":"Bak\u0131da avtobus s\u00fcr\u00fcc\u00fc \u00f6l\u00fcm\u0259 s\u0259b\u0259b oldu: qad\u0131n \u00f6ld\u00fc"},"content":{"rendered":"<p><strong>Bak\u0131da mar\u015frut avtobusu qad\u0131n piyadan\u0131 vuraraq \u00f6ld\u00fcr\u00fcb.\u00a0<\/strong><\/p>\n<p><strong>ARANTV.AZ<\/strong> report-a istinad\u0259n\u00a0x\u0259b\u0259r verir ki, bu bar\u0259d\u0259 Daxili \u0130\u015fl\u0259r Nazirliyi m\u0259lumat yay\u0131b.<\/p>\n<p>Bel\u0259 ki, dekabr\u0131n 13-d\u0259 saat 18 rad\u0259l\u0259rind\u0259 paytaxt\u0131n Nizami rayonunun H.\u018fliyev prospektind\u0259 Bak\u0131 \u015f\u0259h\u0259r sakini B\u0259hruz \u015e\u00fck\u00fcrov idar\u0259 etdiyi &#8220;Daewoo&#8221; markal\u0131 x\u0259tt avtobusu il\u0259 paytaxt sakini H\u00fcr\u00fc \u018fliyevan\u0131 vurub. N\u0259tic\u0259d\u0259 x\u0259st\u0259xanaya yerl\u0259\u015fdirilmi\u015f qad\u0131n orada \u00f6l\u00fcb.<\/p>\n<p>Nizami Rayon Polis \u0130dar\u0259si t\u0259r\u0259find\u0259n ara\u015fd\u0131rma apar\u0131l\u0131r.<\/p>\n","protected":false},"excerpt":{"rendered":"<p>Bak\u0131da mar\u015frut avtobusu qad\u0131n piyadan\u0131 vuraraq \u00f6ld\u00fcr\u00fcb.\u00a0 ARANTV.AZ report-a istinad\u0259n\u00a0x\u0259b\u0259r verir ki, bu bar\u0259d\u0259 Daxili \u0130\u015fl\u0259r Nazirliyi m\u0259lumat yay\u0131b. Bel\u0259 ki, dekabr\u0131n 13-d\u0259 saat 18 rad\u0259l\u0259rind\u0259 paytaxt\u0131n Nizami rayonunun H.\u018fliyev prospektind\u0259 Bak\u0131 \u015f\u0259h\u0259r sakini B\u0259hruz \u015e\u00fck\u00fcrov idar\u0259 etdiyi &#8220;Daewoo&#8221; markal\u0131 x\u0259tt avtobusu il\u0259 paytaxt sakini H\u00fcr\u00fc \u018fliyevan\u0131 vurub. N\u0259tic\u0259d\u0259 x\u0259st\u0259xanaya yerl\u0259\u015fdirilmi\u015f qad\u0131n orada \u00f6l\u00fcb. Nizami Rayon Polis \u0130dar\u0259si t\u0259r\u0259find\u0259n ara\u015fd\u0131rma apar\u0131l\u0131r.<\/p>\n","protected":false},"author":2,"featured_media":27615,"comment_status":"closed","ping_status":"closed","sticky":false,"template":"","format":"standard","meta":{"om_disable_all_campaigns":false,"_monsterinsights_skip_tracking":false,"_monsterinsights_sitenote_active":false,"_monsterinsights_sitenote_note":"","_monsterinsights_sitenote_category":0},"categories":[5],"tags":[],"aioseo_notices":[],"gutentor_comment":0,"rttpg_featured_image_url":{"full":["https:\/\/arantv.az\/wp-content\/uploads\/2018\/12\/piyada_0563.jpg",800,600,false],"landscape":["https:\/\/arantv.az\/wp-content\/uploads\/2018\/12\/piyada_0563.jpg",800,600,false],"portraits":["https:\/\/arantv.az\/wp-content\/uploads\/2018\/12\/piyada_0563.jpg",800,600,false],"thumbnail":["https:\/\/arantv.az\/wp-content\/uploads\/2018\/12\/piyada_0563-150x150.jpg",150,150,true],"medium":["https:\/\/arantv.az\/wp-content\/uploads\/2018\/12\/piyada_0563-300x225.jpg",300,225,true],"large":["https:\/\/arantv.az\/wp-content\/uploads\/2018\/12\/piyada_0563.jpg",640,480,false],"1536x1536":["https:\/\/arantv.az\/wp-content\/uploads\/2018\/12\/piyada_0563.jpg",800,600,false],"2048x2048":["https:\/\/arantv.az\/wp-content\/uploads\/2018\/12\/piyada_0563.jpg",800,600,false],"post-thumbnail":["https:\/\/arantv.az\/wp-content\/uploads\/2018\/12\/piyada_0563-240x172.jpg",240,172,true],"advps-thumb-one":["https:\/\/arantv.az\/wp-content\/uploads\/2018\/12\/piyada_0563.jpg",800,600,false]},"rttpg_author":{"display_name":"V\u00fcsal Rafiqo\u011flu","author_link":"https:\/\/arantv.az\/?author=2"},"rttpg_comment":0,"rttpg_category":"<a href=\"https:\/\/arantv.az\/?cat=5\" rel=\"category\">Hadis\u0259<\/a>","rttpg_excerpt":"Bak\u0131da mar\u015frut avtobusu qad\u0131n piyadan\u0131 vuraraq \u00f6ld\u00fcr\u00fcb.\u00a0 ARANTV.AZ report-a istinad\u0259n\u00a0x\u0259b\u0259r verir ki, bu bar\u0259d\u0259 Daxili \u0130\u015fl\u0259r Nazirliyi m\u0259lumat yay\u0131b. Bel\u0259 ki, dekabr\u0131n 13-d\u0259 saat 18 rad\u0259l\u0259rind\u0259 paytaxt\u0131n Nizami rayonunun H.\u018fliyev prospektind\u0259 Bak\u0131 \u015f\u0259h\u0259r sakini B\u0259hruz \u015e\u00fck\u00fcrov idar\u0259 etdiyi &#8220;Daewoo&#8221; markal\u0131 x\u0259tt avtobusu il\u0259 paytaxt sakini H\u00fcr\u00fc \u018fliyevan\u0131 vurub. N\u0259tic\u0259d\u0259 x\u0259st\u0259xanaya yerl\u0259\u015fdirilmi\u015f qad\u0131n orada \u00f6l\u00fcb. Nizami&hellip;","_links":{"self":[{"href":"https:\/\/arantv.az\/index.php?rest_route=\/wp\/v2\/posts\/27614"}],"collection":[{"href":"https:\/\/arantv.az\/index.php?rest_route=\/wp\/v2\/posts"}],"about":[{"href":"https:\/\/arantv.az\/index.php?rest_route=\/wp\/v2\/types\/post"}],"author":[{"embeddable":true,"href":"https:\/\/arantv.az\/index.php?rest_route=\/wp\/v2\/users\/2"}],"replies":[{"embeddable":true,"href":"https:\/\/arantv.az\/index.php?rest_route=%2Fwp%2Fv2%2Fcomments&post=27614"}],"version-history":[{"count":0,"href":"https:\/\/arantv.az\/index.php?rest_route=\/wp\/v2\/posts\/27614\/revisions"}],"wp:featuredmedia":[{"embeddable":true,"href":"https:\/\/arantv.az\/index.php?rest_route=\/wp\/v2\/media\/27615"}],"wp:attachment":[{"href":"https:\/\/arantv.az\/index.php?rest_route=%2Fwp%2Fv2%2Fmedia&parent=27614"}],"wp:term":[{"taxonomy":"category","embeddable":true,"href":"https:\/\/arantv.az\/index.php?rest_route=%2Fwp%2Fv2%2Fcategories&post=27614"},{"taxonomy":"post_tag","embeddable":true,"href":"https:\/\/arantv.az\/index.php?rest_route=%2Fwp%2Fv2%2Ftags&post=27614"}],"curies":[{"name":"wp","href":"https:\/\/api.w.org\/{rel}","templated":true}]}}