{"id":276198,"date":"2021-01-21T10:33:47","date_gmt":"2021-01-21T07:33:47","guid":{"rendered":"http:\/\/arantv.az\/?p=276198"},"modified":"2021-01-21T10:33:47","modified_gmt":"2021-01-21T07:33:47","slug":"qar-agsu-dolarlarinda-h%c9%99r%c9%99k%c9%99ti-c%c9%99tinl%c9%99sdirdi-r%c9%99smi","status":"publish","type":"post","link":"https:\/\/arantv.az\/?p=276198","title":{"rendered":"Qar A\u011fsu dolarlar\u0131nda h\u0259r\u0259k\u0259ti \u00e7\u0259tinl\u0259\u015fdirdi &#8211; R\u018fSM\u0130"},"content":{"rendered":"<p>Gec\u0259 saatlar\u0131ndan ya\u011fma\u011fa ba\u015flayan qar Mu\u011fanl\u0131, A\u011fsu, Yevlax, \u0130smay\u0131ll\u0131, Q\u0259b\u0259l\u0259, O\u011fuz, \u015e\u0259ki istiqam\u0259tind\u0259 avtomobil yollar\u0131nda n\u0259qliyyat\u0131n h\u0259r\u0259k\u0259tini \u00e7\u0259tinl\u0259\u015fdirib.<\/p>\n<p>Bu bar\u0259d\u0259 Az\u0259rbaycan Avtomobil Yollar\u0131 D\u00f6vl\u0259t Agentliyi m\u0259lumat yay\u0131b.<\/p>\n<p>M\u0259lumata g\u00f6r\u0259, Mu\u011fanl\u0131 \u0259razisind\u0259 z\u0259if qar ya\u011f\u0131r, gec\u0259 saatlar\u0131ndan ba\u015flayaraq, A\u011fsu dolaylar\u0131nda yol qardan t\u0259mizl\u0259nib. Yolun buz ba\u011flam\u0131\u015f hiss\u0259l\u0259rin\u0259 qum-duz s\u0259pilib. Haz\u0131rda bu istiqam\u0259td\u0259 i\u015fl\u0259r davam etdirilir. Yolun Mu\u011fanl\u0131-A\u011fsu hiss\u0259sind\u0259 3-4 d\u0259r\u0259c\u0259 \u015faxta v\u0259 duman olsa da, n\u0259qliyyat vasit\u0259l\u0259rinin h\u0259r\u0259k\u0259ti t\u0259min olunub.<\/p>\n<div id=\"AdviadNativeVideo0\" class=\"AdviadNativeVideo\"><\/div>\n<p>Mu\u011fanl\u0131 &#8211; \u0130smay\u0131ll\u0131 yolunda is\u0259 avtomobil yolunun k\u0259narlar\u0131nda 30-35 sm qar var. Gec\u0259 saatlar\u0131ndan etibar\u0259n burada da yol qardan t\u0259mizl\u0259nib, qum v\u0259 duz s\u0259pilib. 4-5 d\u0259r\u0259c\u0259 \u015faxta m\u00fc\u015fahid\u0259 edilir. Yolun yoxu\u015flu hiss\u0259l\u0259rind\u0259, k\u00f6rp\u00fcl\u0259rd\u0259 v\u0259 \u0259sas\u0259n yolun me\u015f\u0259 zola\u011f\u0131ndan ke\u00e7\u0259n hiss\u0259l\u0259rind\u0259 buzla\u015fma oldu\u011fundan\u00a0n\u0259qliyyat vasit\u0259l\u0259rinin t\u0259hl\u00fck\u0259siz h\u0259r\u0259k\u0259tinin t\u0259min olunmas\u0131 istiqam\u0259tind\u0259 i\u015fl\u0259r davam etdirilib.<\/p>\n<p>Bununla yana\u015f\u0131 k\u0259nd yollar\u0131n\u0131n qardan t\u0259mizl\u0259nm\u0259si istiqam\u0259tind\u0259 i\u015fl\u0259r apar\u0131l\u0131r. Yolda n\u0259qliyyat vasit\u0259l\u0259rinin h\u0259r\u0259k\u0259ti t\u0259min olunub.<\/p>\n<p>\u0130smay\u0131ll\u0131 &#8211; Q\u0259b\u0259l\u0259 &#8211; O\u011fuz &#8211; \u015e\u0259ki rayonlar\u0131ndan ke\u00e7\u0259n avtomobil yolunda is\u0259 z\u0259if qar ya\u011fsa da, yolda ciddi probleml\u0259r m\u00fc\u015fahid\u0259 olunmay\u0131b.<\/p>\n<p>S\u00f6z\u00fcged\u0259n \u0259razil\u0259rd\u0259 4-5 d\u0259r\u0259c\u0259 \u015faxta var. Gec\u0259 saatlar\u0131ndan ba\u015flayaraq, yol qardan t\u0259mizl\u0259nib, qum-duz s\u0259pilib. O\u011fuz v\u0259 \u015e\u0259ki rayonlar\u0131 \u0259razisind\u0259 temperatur m\u00fcsb\u0259t oldu\u011fundan qar \u0259riyib. Haz\u0131rda k\u0259nd yollar\u0131n\u0131n qardan t\u0259mizl\u0259nm\u0259si istiqam\u0259tind\u0259 i\u015fl\u0259r apar\u0131l\u0131r. Yolda n\u0259qliyyat vasit\u0259l\u0259rinin normal h\u0259r\u0259k\u0259ti t\u0259min olunub.<\/p>\n","protected":false},"excerpt":{"rendered":"<p>Gec\u0259 saatlar\u0131ndan ya\u011fma\u011fa ba\u015flayan qar Mu\u011fanl\u0131, A\u011fsu, Yevlax, \u0130smay\u0131ll\u0131, Q\u0259b\u0259l\u0259, O\u011fuz, \u015e\u0259ki istiqam\u0259tind\u0259 avtomobil yollar\u0131nda n\u0259qliyyat\u0131n h\u0259r\u0259k\u0259tini \u00e7\u0259tinl\u0259\u015fdirib. Bu bar\u0259d\u0259 Az\u0259rbaycan Avtomobil Yollar\u0131 D\u00f6vl\u0259t Agentliyi m\u0259lumat yay\u0131b. M\u0259lumata g\u00f6r\u0259, Mu\u011fanl\u0131 \u0259razisind\u0259 z\u0259if qar ya\u011f\u0131r, gec\u0259 saatlar\u0131ndan ba\u015flayaraq, A\u011fsu dolaylar\u0131nda yol qardan t\u0259mizl\u0259nib. Yolun buz ba\u011flam\u0131\u015f hiss\u0259l\u0259rin\u0259 qum-duz s\u0259pilib. Haz\u0131rda bu istiqam\u0259td\u0259 i\u015fl\u0259r davam etdirilir. Yolun Mu\u011fanl\u0131-A\u011fsu hiss\u0259sind\u0259 3-4 d\u0259r\u0259c\u0259 \u015faxta v\u0259 duman olsa da, n\u0259qliyyat vasit\u0259l\u0259rinin h\u0259r\u0259k\u0259ti t\u0259min olunub. Mu\u011fanl\u0131 &#8211; \u0130smay\u0131ll\u0131 yolunda is\u0259 avtomobil yolunun k\u0259narlar\u0131nda 30-35 sm qar var. Gec\u0259 saatlar\u0131ndan etibar\u0259n burada da yol qardan t\u0259mizl\u0259nib, qum&hellip;<\/p>\n","protected":false},"author":2,"featured_media":276200,"comment_status":"closed","ping_status":"closed","sticky":false,"template":"","format":"standard","meta":{"om_disable_all_campaigns":false,"_monsterinsights_skip_tracking":false,"_monsterinsights_sitenote_active":false,"_monsterinsights_sitenote_note":"","_monsterinsights_sitenote_category":0},"categories":[26],"tags":[],"aioseo_notices":[],"gutentor_comment":0,"rttpg_featured_image_url":{"full":["https:\/\/arantv.az\/wp-content\/uploads\/2021\/01\/14-2-2.jpg",620,465,false],"landscape":["https:\/\/arantv.az\/wp-content\/uploads\/2021\/01\/14-2-2.jpg",620,465,false],"portraits":["https:\/\/arantv.az\/wp-content\/uploads\/2021\/01\/14-2-2.jpg",620,465,false],"thumbnail":["https:\/\/arantv.az\/wp-content\/uploads\/2021\/01\/14-2-2-150x150.jpg",150,150,true],"medium":["https:\/\/arantv.az\/wp-content\/uploads\/2021\/01\/14-2-2-300x225.jpg",300,225,true],"large":["https:\/\/arantv.az\/wp-content\/uploads\/2021\/01\/14-2-2.jpg",620,465,false],"1536x1536":["https:\/\/arantv.az\/wp-content\/uploads\/2021\/01\/14-2-2.jpg",620,465,false],"2048x2048":["https:\/\/arantv.az\/wp-content\/uploads\/2021\/01\/14-2-2.jpg",620,465,false],"post-thumbnail":["https:\/\/arantv.az\/wp-content\/uploads\/2021\/01\/14-2-2-240x172.jpg",240,172,true],"advps-thumb-one":["https:\/\/arantv.az\/wp-content\/uploads\/2021\/01\/14-2-2.jpg",620,465,false]},"rttpg_author":{"display_name":"V\u00fcsal Rafiqo\u011flu","author_link":"https:\/\/arantv.az\/?author=2"},"rttpg_comment":0,"rttpg_category":"<a href=\"https:\/\/arantv.az\/?cat=26\" rel=\"category\">Sosial<\/a>","rttpg_excerpt":"Gec\u0259 saatlar\u0131ndan ya\u011fma\u011fa ba\u015flayan qar Mu\u011fanl\u0131, A\u011fsu, Yevlax, \u0130smay\u0131ll\u0131, Q\u0259b\u0259l\u0259, O\u011fuz, \u015e\u0259ki istiqam\u0259tind\u0259 avtomobil yollar\u0131nda n\u0259qliyyat\u0131n h\u0259r\u0259k\u0259tini \u00e7\u0259tinl\u0259\u015fdirib. Bu bar\u0259d\u0259 Az\u0259rbaycan Avtomobil Yollar\u0131 D\u00f6vl\u0259t Agentliyi m\u0259lumat yay\u0131b. M\u0259lumata g\u00f6r\u0259, Mu\u011fanl\u0131 \u0259razisind\u0259 z\u0259if qar ya\u011f\u0131r, gec\u0259 saatlar\u0131ndan ba\u015flayaraq, A\u011fsu dolaylar\u0131nda yol qardan t\u0259mizl\u0259nib. Yolun buz ba\u011flam\u0131\u015f hiss\u0259l\u0259rin\u0259 qum-duz s\u0259pilib. Haz\u0131rda bu istiqam\u0259td\u0259 i\u015fl\u0259r davam etdirilir. Yolun&hellip;","_links":{"self":[{"href":"https:\/\/arantv.az\/index.php?rest_route=\/wp\/v2\/posts\/276198"}],"collection":[{"href":"https:\/\/arantv.az\/index.php?rest_route=\/wp\/v2\/posts"}],"about":[{"href":"https:\/\/arantv.az\/index.php?rest_route=\/wp\/v2\/types\/post"}],"author":[{"embeddable":true,"href":"https:\/\/arantv.az\/index.php?rest_route=\/wp\/v2\/users\/2"}],"replies":[{"embeddable":true,"href":"https:\/\/arantv.az\/index.php?rest_route=%2Fwp%2Fv2%2Fcomments&post=276198"}],"version-history":[{"count":0,"href":"https:\/\/arantv.az\/index.php?rest_route=\/wp\/v2\/posts\/276198\/revisions"}],"wp:featuredmedia":[{"embeddable":true,"href":"https:\/\/arantv.az\/index.php?rest_route=\/wp\/v2\/media\/276200"}],"wp:attachment":[{"href":"https:\/\/arantv.az\/index.php?rest_route=%2Fwp%2Fv2%2Fmedia&parent=276198"}],"wp:term":[{"taxonomy":"category","embeddable":true,"href":"https:\/\/arantv.az\/index.php?rest_route=%2Fwp%2Fv2%2Fcategories&post=276198"},{"taxonomy":"post_tag","embeddable":true,"href":"https:\/\/arantv.az\/index.php?rest_route=%2Fwp%2Fv2%2Ftags&post=276198"}],"curies":[{"name":"wp","href":"https:\/\/api.w.org\/{rel}","templated":true}]}}