{"id":27628,"date":"2018-12-15T08:21:51","date_gmt":"2018-12-15T05:21:51","guid":{"rendered":"http:\/\/arantv.az\/?p=27628"},"modified":"2018-12-15T08:21:51","modified_gmt":"2018-12-15T05:21:51","slug":"indoneziyali-deputat-dunyada-sukuta-dincliy%c9%99-ehtiyac-var","status":"publish","type":"post","link":"https:\/\/arantv.az\/?p=27628","title":{"rendered":"\u0130ndoneziyal\u0131 deputat: D\u00fcnyada s\u00fckuta, dincliy\u0259 ehtiyac var"},"content":{"rendered":"<p>D\u00fcnyan\u0131n bir g\u00fcnl\u00fck d\u0259 olsa, dincliy\u0259, s\u00fckuta ehtiyac\u0131 var.<\/p>\n<p><b>ARANTV.AZ\u00a0<\/b>x\u0259b\u0259r verir ki, bunu Bak\u0131da ke\u00e7iril\u0259n Parlamentl\u0259raras\u0131 \u0130ttifaq\u0131n (PA\u0130) G\u0259nc Parlament \u00dczvl\u0259rinin V Qlobal Konfrans\u0131nda indoneziyal\u0131 deputat\u00a0<strong>Putu Supadma Rudana<\/strong>\u00a0deyib.<\/p>\n<p>O\u00a0qeyd edib ki, \u00f6lk\u0259sind\u0259, konkret olaraq, d\u00fcnyan\u0131n \u0259n m\u0259\u015fhur istirah\u0259t gu\u015f\u0259l\u0259rind\u0259n olan Bali adas\u0131nda ilin bir g\u00fcn\u00fc \u201cS\u00fckut g\u00fcn\u00fc\u201d kimi qeyd edilir.<\/p>\n<div id=\"AdributorNativeVideo0\" class=\"AdributorNativeVideo\"><\/div>\n<p>\u201cH\u0259min g\u00fcn ham\u0131 evd\u0259 olur, he\u00e7 yer\u0259 \u00e7\u0131xm\u0131r, i\u015f g\u00f6rm\u00fcr, s\u0259s-k\u00fcy salm\u0131r. \u00c7\u00fcnki bir g\u00fcnl\u00fck d\u0259 olsa, s\u00fckuta, s\u0259ssizliy\u0259, dincliy\u0259 ehtiyac var, ehtiyac duyuruq. Hesab edirik ki, bu t\u0259cr\u00fcb\u0259d\u0259n istifad\u0259 etm\u0259k olar. \u00c7\u00fcnki d\u00fcnyan\u0131n b\u00fct\u00f6vl\u00fckd\u0259 s\u00fckuta, dincliy\u0259 ehtiyac\u0131 var. Qoy, he\u00e7 olmasa, bir g\u00fcn d\u00fcnyam\u0131z dinc olsun\u201d, &#8211; dey\u0259 o \u0259lav\u0259 edib.oxu.az<\/p>\n","protected":false},"excerpt":{"rendered":"<p>D\u00fcnyan\u0131n bir g\u00fcnl\u00fck d\u0259 olsa, dincliy\u0259, s\u00fckuta ehtiyac\u0131 var. ARANTV.AZ\u00a0x\u0259b\u0259r verir ki, bunu Bak\u0131da ke\u00e7iril\u0259n Parlamentl\u0259raras\u0131 \u0130ttifaq\u0131n (PA\u0130) G\u0259nc Parlament \u00dczvl\u0259rinin V Qlobal Konfrans\u0131nda indoneziyal\u0131 deputat\u00a0Putu Supadma Rudana\u00a0deyib. O\u00a0qeyd edib ki, \u00f6lk\u0259sind\u0259, konkret olaraq, d\u00fcnyan\u0131n \u0259n m\u0259\u015fhur istirah\u0259t gu\u015f\u0259l\u0259rind\u0259n olan Bali adas\u0131nda ilin bir g\u00fcn\u00fc \u201cS\u00fckut g\u00fcn\u00fc\u201d kimi qeyd edilir. \u201cH\u0259min g\u00fcn ham\u0131 evd\u0259 olur, he\u00e7 yer\u0259 \u00e7\u0131xm\u0131r, i\u015f g\u00f6rm\u00fcr, s\u0259s-k\u00fcy salm\u0131r. \u00c7\u00fcnki bir g\u00fcnl\u00fck d\u0259 olsa, s\u00fckuta, s\u0259ssizliy\u0259, dincliy\u0259 ehtiyac var, ehtiyac duyuruq. Hesab edirik ki, bu t\u0259cr\u00fcb\u0259d\u0259n istifad\u0259 etm\u0259k olar. \u00c7\u00fcnki d\u00fcnyan\u0131n b\u00fct\u00f6vl\u00fckd\u0259 s\u00fckuta, dincliy\u0259 ehtiyac\u0131 var. Qoy,&hellip;<\/p>\n","protected":false},"author":2,"featured_media":27629,"comment_status":"closed","ping_status":"closed","sticky":false,"template":"","format":"standard","meta":{"om_disable_all_campaigns":false,"_monsterinsights_skip_tracking":false,"_monsterinsights_sitenote_active":false,"_monsterinsights_sitenote_note":"","_monsterinsights_sitenote_category":0},"categories":[4],"tags":[],"aioseo_notices":[],"gutentor_comment":0,"rttpg_featured_image_url":{"full":["https:\/\/arantv.az\/wp-content\/uploads\/2018\/12\/48077748_427720701097078_7022910817662140416_n.jpg",620,348,false],"landscape":["https:\/\/arantv.az\/wp-content\/uploads\/2018\/12\/48077748_427720701097078_7022910817662140416_n.jpg",620,348,false],"portraits":["https:\/\/arantv.az\/wp-content\/uploads\/2018\/12\/48077748_427720701097078_7022910817662140416_n.jpg",620,348,false],"thumbnail":["https:\/\/arantv.az\/wp-content\/uploads\/2018\/12\/48077748_427720701097078_7022910817662140416_n-150x150.jpg",150,150,true],"medium":["https:\/\/arantv.az\/wp-content\/uploads\/2018\/12\/48077748_427720701097078_7022910817662140416_n-300x168.jpg",300,168,true],"large":["https:\/\/arantv.az\/wp-content\/uploads\/2018\/12\/48077748_427720701097078_7022910817662140416_n.jpg",620,348,false],"1536x1536":["https:\/\/arantv.az\/wp-content\/uploads\/2018\/12\/48077748_427720701097078_7022910817662140416_n.jpg",620,348,false],"2048x2048":["https:\/\/arantv.az\/wp-content\/uploads\/2018\/12\/48077748_427720701097078_7022910817662140416_n.jpg",620,348,false],"post-thumbnail":["https:\/\/arantv.az\/wp-content\/uploads\/2018\/12\/48077748_427720701097078_7022910817662140416_n-240x172.jpg",240,172,true],"advps-thumb-one":["https:\/\/arantv.az\/wp-content\/uploads\/2018\/12\/48077748_427720701097078_7022910817662140416_n.jpg",620,348,false]},"rttpg_author":{"display_name":"V\u00fcsal Rafiqo\u011flu","author_link":"https:\/\/arantv.az\/?author=2"},"rttpg_comment":0,"rttpg_category":"<a href=\"https:\/\/arantv.az\/?cat=4\" rel=\"category\">Siyas\u0259t<\/a>","rttpg_excerpt":"D\u00fcnyan\u0131n bir g\u00fcnl\u00fck d\u0259 olsa, dincliy\u0259, s\u00fckuta ehtiyac\u0131 var. ARANTV.AZ\u00a0x\u0259b\u0259r verir ki, bunu Bak\u0131da ke\u00e7iril\u0259n Parlamentl\u0259raras\u0131 \u0130ttifaq\u0131n (PA\u0130) G\u0259nc Parlament \u00dczvl\u0259rinin V Qlobal Konfrans\u0131nda indoneziyal\u0131 deputat\u00a0Putu Supadma Rudana\u00a0deyib. O\u00a0qeyd edib ki, \u00f6lk\u0259sind\u0259, konkret olaraq, d\u00fcnyan\u0131n \u0259n m\u0259\u015fhur istirah\u0259t gu\u015f\u0259l\u0259rind\u0259n olan Bali adas\u0131nda ilin bir g\u00fcn\u00fc \u201cS\u00fckut g\u00fcn\u00fc\u201d kimi qeyd edilir. \u201cH\u0259min g\u00fcn ham\u0131 evd\u0259 olur,&hellip;","_links":{"self":[{"href":"https:\/\/arantv.az\/index.php?rest_route=\/wp\/v2\/posts\/27628"}],"collection":[{"href":"https:\/\/arantv.az\/index.php?rest_route=\/wp\/v2\/posts"}],"about":[{"href":"https:\/\/arantv.az\/index.php?rest_route=\/wp\/v2\/types\/post"}],"author":[{"embeddable":true,"href":"https:\/\/arantv.az\/index.php?rest_route=\/wp\/v2\/users\/2"}],"replies":[{"embeddable":true,"href":"https:\/\/arantv.az\/index.php?rest_route=%2Fwp%2Fv2%2Fcomments&post=27628"}],"version-history":[{"count":0,"href":"https:\/\/arantv.az\/index.php?rest_route=\/wp\/v2\/posts\/27628\/revisions"}],"wp:featuredmedia":[{"embeddable":true,"href":"https:\/\/arantv.az\/index.php?rest_route=\/wp\/v2\/media\/27629"}],"wp:attachment":[{"href":"https:\/\/arantv.az\/index.php?rest_route=%2Fwp%2Fv2%2Fmedia&parent=27628"}],"wp:term":[{"taxonomy":"category","embeddable":true,"href":"https:\/\/arantv.az\/index.php?rest_route=%2Fwp%2Fv2%2Fcategories&post=27628"},{"taxonomy":"post_tag","embeddable":true,"href":"https:\/\/arantv.az\/index.php?rest_route=%2Fwp%2Fv2%2Ftags&post=27628"}],"curies":[{"name":"wp","href":"https:\/\/api.w.org\/{rel}","templated":true}]}}