{"id":27637,"date":"2018-12-15T08:31:53","date_gmt":"2018-12-15T05:31:53","guid":{"rendered":"http:\/\/arantv.az\/?p=27637"},"modified":"2018-12-15T08:31:53","modified_gmt":"2018-12-15T05:31:53","slug":"amea-iscil%c9%99rin%c9%99-torpaq-paylanacaq","status":"publish","type":"post","link":"https:\/\/arantv.az\/?p=27637","title":{"rendered":"AMEA i\u015f\u00e7il\u0259rin\u0259 torpaq paylanacaq"},"content":{"rendered":"<p><strong>Az\u0259rbaycan Milli Elml\u0259r Akademiyas\u0131n\u0131n (AMEA) i\u015f\u00e7il\u0259rin\u0259 ba\u011f\u00e7\u0131l\u0131q-bostan\u00e7\u0131l\u0131q m\u0259qs\u0259dil\u0259 m\u00fcv\u0259qq\u0259ti istifad\u0259 \u00fc\u00e7\u00fcn torpaq sah\u0259si ayr\u0131lacaq.<\/strong><\/p>\n<p><strong>ARANTV.AZ<\/strong> trend-\u0259 istinad\u0259n x\u0259b\u0259r verir ki, bu bar\u0259d\u0259 AMEA R\u0259yas\u0259t Hey\u0259ti q\u0259rar verib.<\/p>\n<p>R\u0259yas\u0259t Hey\u0259tinin iclas\u0131nda &#8220;AMEA \u0259m\u0259kda\u015flar\u0131na ba\u011f\u00e7\u0131l\u0131q-bostan\u00e7\u0131l\u0131q m\u0259qs\u0259dil\u0259 m\u00fcv\u0259qq\u0259ti istifad\u0259 \u00fc\u00e7\u00fcn torpaq sah\u0259sinin ayr\u0131lmas\u0131 v\u0259 ondan istifad\u0259 olunmas\u0131 Qaydalar\u0131&#8221; haqq\u0131nda s\u0259n\u0259d t\u0259sdiq edilib.<\/p>\n<p>Bunun icras\u0131n\u0131 t\u0259min etm\u0259k m\u0259qs\u0259dil\u0259 yarad\u0131lm\u0131\u015f komissiya torpaq sah\u0259sinin ayr\u0131lmas\u0131 v\u0259 h\u0259min sah\u0259l\u0259rd\u0259n istifad\u0259 edilm\u0259sin\u0259 dair s\u0259n\u0259di haz\u0131rlayaraq AMEA R\u0259yas\u0259t Hey\u0259tin\u0259 t\u0259qdim edib.<\/p>\n","protected":false},"excerpt":{"rendered":"<p>Az\u0259rbaycan Milli Elml\u0259r Akademiyas\u0131n\u0131n (AMEA) i\u015f\u00e7il\u0259rin\u0259 ba\u011f\u00e7\u0131l\u0131q-bostan\u00e7\u0131l\u0131q m\u0259qs\u0259dil\u0259 m\u00fcv\u0259qq\u0259ti istifad\u0259 \u00fc\u00e7\u00fcn torpaq sah\u0259si ayr\u0131lacaq. ARANTV.AZ trend-\u0259 istinad\u0259n x\u0259b\u0259r verir ki, bu bar\u0259d\u0259 AMEA R\u0259yas\u0259t Hey\u0259ti q\u0259rar verib. R\u0259yas\u0259t Hey\u0259tinin iclas\u0131nda &#8220;AMEA \u0259m\u0259kda\u015flar\u0131na ba\u011f\u00e7\u0131l\u0131q-bostan\u00e7\u0131l\u0131q m\u0259qs\u0259dil\u0259 m\u00fcv\u0259qq\u0259ti istifad\u0259 \u00fc\u00e7\u00fcn torpaq sah\u0259sinin ayr\u0131lmas\u0131 v\u0259 ondan istifad\u0259 olunmas\u0131 Qaydalar\u0131&#8221; haqq\u0131nda s\u0259n\u0259d t\u0259sdiq edilib. Bunun icras\u0131n\u0131 t\u0259min etm\u0259k m\u0259qs\u0259dil\u0259 yarad\u0131lm\u0131\u015f komissiya torpaq sah\u0259sinin ayr\u0131lmas\u0131 v\u0259 h\u0259min sah\u0259l\u0259rd\u0259n istifad\u0259 edilm\u0259sin\u0259 dair s\u0259n\u0259di haz\u0131rlayaraq AMEA R\u0259yas\u0259t Hey\u0259tin\u0259 t\u0259qdim edib.<\/p>\n","protected":false},"author":2,"featured_media":27638,"comment_status":"closed","ping_status":"closed","sticky":false,"template":"","format":"standard","meta":{"om_disable_all_campaigns":false,"_monsterinsights_skip_tracking":false,"_monsterinsights_sitenote_active":false,"_monsterinsights_sitenote_note":"","_monsterinsights_sitenote_category":0},"categories":[1],"tags":[],"aioseo_notices":[],"gutentor_comment":0,"rttpg_featured_image_url":{"full":["https:\/\/arantv.az\/wp-content\/uploads\/2018\/12\/712699.jpg",1200,900,false],"landscape":["https:\/\/arantv.az\/wp-content\/uploads\/2018\/12\/712699.jpg",1200,900,false],"portraits":["https:\/\/arantv.az\/wp-content\/uploads\/2018\/12\/712699.jpg",1200,900,false],"thumbnail":["https:\/\/arantv.az\/wp-content\/uploads\/2018\/12\/712699-150x150.jpg",150,150,true],"medium":["https:\/\/arantv.az\/wp-content\/uploads\/2018\/12\/712699-300x225.jpg",300,225,true],"large":["https:\/\/arantv.az\/wp-content\/uploads\/2018\/12\/712699-1024x768.jpg",640,480,true],"1536x1536":["https:\/\/arantv.az\/wp-content\/uploads\/2018\/12\/712699.jpg",1200,900,false],"2048x2048":["https:\/\/arantv.az\/wp-content\/uploads\/2018\/12\/712699.jpg",1200,900,false],"post-thumbnail":["https:\/\/arantv.az\/wp-content\/uploads\/2018\/12\/712699-240x172.jpg",240,172,true],"advps-thumb-one":["https:\/\/arantv.az\/wp-content\/uploads\/2018\/12\/712699-1200x620.jpg",1200,620,true]},"rttpg_author":{"display_name":"V\u00fcsal Rafiqo\u011flu","author_link":"https:\/\/arantv.az\/?author=2"},"rttpg_comment":0,"rttpg_category":"<a href=\"https:\/\/arantv.az\/?cat=1\" rel=\"category\">C\u0259miyy\u0259t<\/a>","rttpg_excerpt":"Az\u0259rbaycan Milli Elml\u0259r Akademiyas\u0131n\u0131n (AMEA) i\u015f\u00e7il\u0259rin\u0259 ba\u011f\u00e7\u0131l\u0131q-bostan\u00e7\u0131l\u0131q m\u0259qs\u0259dil\u0259 m\u00fcv\u0259qq\u0259ti istifad\u0259 \u00fc\u00e7\u00fcn torpaq sah\u0259si ayr\u0131lacaq. ARANTV.AZ trend-\u0259 istinad\u0259n x\u0259b\u0259r verir ki, bu bar\u0259d\u0259 AMEA R\u0259yas\u0259t Hey\u0259ti q\u0259rar verib. R\u0259yas\u0259t Hey\u0259tinin iclas\u0131nda &#8220;AMEA \u0259m\u0259kda\u015flar\u0131na ba\u011f\u00e7\u0131l\u0131q-bostan\u00e7\u0131l\u0131q m\u0259qs\u0259dil\u0259 m\u00fcv\u0259qq\u0259ti istifad\u0259 \u00fc\u00e7\u00fcn torpaq sah\u0259sinin ayr\u0131lmas\u0131 v\u0259 ondan istifad\u0259 olunmas\u0131 Qaydalar\u0131&#8221; haqq\u0131nda s\u0259n\u0259d t\u0259sdiq edilib. Bunun icras\u0131n\u0131 t\u0259min etm\u0259k m\u0259qs\u0259dil\u0259 yarad\u0131lm\u0131\u015f&hellip;","_links":{"self":[{"href":"https:\/\/arantv.az\/index.php?rest_route=\/wp\/v2\/posts\/27637"}],"collection":[{"href":"https:\/\/arantv.az\/index.php?rest_route=\/wp\/v2\/posts"}],"about":[{"href":"https:\/\/arantv.az\/index.php?rest_route=\/wp\/v2\/types\/post"}],"author":[{"embeddable":true,"href":"https:\/\/arantv.az\/index.php?rest_route=\/wp\/v2\/users\/2"}],"replies":[{"embeddable":true,"href":"https:\/\/arantv.az\/index.php?rest_route=%2Fwp%2Fv2%2Fcomments&post=27637"}],"version-history":[{"count":0,"href":"https:\/\/arantv.az\/index.php?rest_route=\/wp\/v2\/posts\/27637\/revisions"}],"wp:featuredmedia":[{"embeddable":true,"href":"https:\/\/arantv.az\/index.php?rest_route=\/wp\/v2\/media\/27638"}],"wp:attachment":[{"href":"https:\/\/arantv.az\/index.php?rest_route=%2Fwp%2Fv2%2Fmedia&parent=27637"}],"wp:term":[{"taxonomy":"category","embeddable":true,"href":"https:\/\/arantv.az\/index.php?rest_route=%2Fwp%2Fv2%2Fcategories&post=27637"},{"taxonomy":"post_tag","embeddable":true,"href":"https:\/\/arantv.az\/index.php?rest_route=%2Fwp%2Fv2%2Ftags&post=27637"}],"curies":[{"name":"wp","href":"https:\/\/api.w.org\/{rel}","templated":true}]}}