{"id":27640,"date":"2018-12-15T08:32:51","date_gmt":"2018-12-15T05:32:51","guid":{"rendered":"http:\/\/arantv.az\/?p=27640"},"modified":"2018-12-15T08:32:51","modified_gmt":"2018-12-15T05:32:51","slug":"lissabonda-tramvay-relsd%c9%99n-cixib-cox-sayda-x%c9%99sar%c9%99t-alan-var","status":"publish","type":"post","link":"https:\/\/arantv.az\/?p=27640","title":{"rendered":"Lissabonda tramvay relsd\u0259n \u00e7\u0131x\u0131b, \u00e7ox sayda x\u0259sar\u0259t alan var"},"content":{"rendered":"<p>Portuqaliyan\u0131n paytaxt\u0131 Lissabonda tramvay relsd\u0259n \u00e7\u0131x\u0131b.<\/p>\n<p><strong>ARANTV.AZ<\/strong> trend-\u0259 istinad\u0259n bildirir ki,\u00a0yerli vaxtla saat 18:00-da Lapa rayonunda ba\u015f ver\u0259n hadis\u0259 n\u0259tic\u0259sind\u0259 az\u0131 28 n\u0259f\u0259r x\u0259sar\u0259t al\u0131b.<\/p>\n<p>Bildirilir ki, tramvay d\u00f6ng\u0259y\u0259 girdiyi zaman a\u015f\u0131b. Hadis\u0259 yerin\u0259 50-d\u0259n art\u0131q xilasedici c\u0259lb edilib.<\/p>\n<p>Xilasedicil\u0259rin s\u00f6zl\u0259rin\u0259 g\u00f6r\u0259, s\u0259rni\u015finl\u0259rin x\u0259sar\u0259tl\u0259ri ciddi deyil. X\u0259sar\u0259t alanlar yax\u0131nl\u0131qdak\u0131 x\u0259st\u0259xanalara yerl\u0259\u015fdirilib.<\/p>\n","protected":false},"excerpt":{"rendered":"<p>Portuqaliyan\u0131n paytaxt\u0131 Lissabonda tramvay relsd\u0259n \u00e7\u0131x\u0131b. ARANTV.AZ trend-\u0259 istinad\u0259n bildirir ki,\u00a0yerli vaxtla saat 18:00-da Lapa rayonunda ba\u015f ver\u0259n hadis\u0259 n\u0259tic\u0259sind\u0259 az\u0131 28 n\u0259f\u0259r x\u0259sar\u0259t al\u0131b. Bildirilir ki, tramvay d\u00f6ng\u0259y\u0259 girdiyi zaman a\u015f\u0131b. Hadis\u0259 yerin\u0259 50-d\u0259n art\u0131q xilasedici c\u0259lb edilib. Xilasedicil\u0259rin s\u00f6zl\u0259rin\u0259 g\u00f6r\u0259, s\u0259rni\u015finl\u0259rin x\u0259sar\u0259tl\u0259ri ciddi deyil. X\u0259sar\u0259t alanlar yax\u0131nl\u0131qdak\u0131 x\u0259st\u0259xanalara yerl\u0259\u015fdirilib.<\/p>\n","protected":false},"author":2,"featured_media":27641,"comment_status":"closed","ping_status":"closed","sticky":false,"template":"","format":"standard","meta":{"om_disable_all_campaigns":false,"_monsterinsights_skip_tracking":false,"_monsterinsights_sitenote_active":false,"_monsterinsights_sitenote_note":"","_monsterinsights_sitenote_category":0},"categories":[7],"tags":[],"aioseo_notices":[],"gutentor_comment":0,"rttpg_featured_image_url":{"full":["https:\/\/arantv.az\/wp-content\/uploads\/2018\/12\/portuqaliya_11.jpg",800,600,false],"landscape":["https:\/\/arantv.az\/wp-content\/uploads\/2018\/12\/portuqaliya_11.jpg",800,600,false],"portraits":["https:\/\/arantv.az\/wp-content\/uploads\/2018\/12\/portuqaliya_11.jpg",800,600,false],"thumbnail":["https:\/\/arantv.az\/wp-content\/uploads\/2018\/12\/portuqaliya_11-150x150.jpg",150,150,true],"medium":["https:\/\/arantv.az\/wp-content\/uploads\/2018\/12\/portuqaliya_11-300x225.jpg",300,225,true],"large":["https:\/\/arantv.az\/wp-content\/uploads\/2018\/12\/portuqaliya_11.jpg",640,480,false],"1536x1536":["https:\/\/arantv.az\/wp-content\/uploads\/2018\/12\/portuqaliya_11.jpg",800,600,false],"2048x2048":["https:\/\/arantv.az\/wp-content\/uploads\/2018\/12\/portuqaliya_11.jpg",800,600,false],"post-thumbnail":["https:\/\/arantv.az\/wp-content\/uploads\/2018\/12\/portuqaliya_11-240x172.jpg",240,172,true],"advps-thumb-one":["https:\/\/arantv.az\/wp-content\/uploads\/2018\/12\/portuqaliya_11.jpg",800,600,false]},"rttpg_author":{"display_name":"V\u00fcsal Rafiqo\u011flu","author_link":"https:\/\/arantv.az\/?author=2"},"rttpg_comment":0,"rttpg_category":"<a href=\"https:\/\/arantv.az\/?cat=7\" rel=\"category\">D\u00fcnya<\/a>","rttpg_excerpt":"Portuqaliyan\u0131n paytaxt\u0131 Lissabonda tramvay relsd\u0259n \u00e7\u0131x\u0131b. ARANTV.AZ trend-\u0259 istinad\u0259n bildirir ki,\u00a0yerli vaxtla saat 18:00-da Lapa rayonunda ba\u015f ver\u0259n hadis\u0259 n\u0259tic\u0259sind\u0259 az\u0131 28 n\u0259f\u0259r x\u0259sar\u0259t al\u0131b. Bildirilir ki, tramvay d\u00f6ng\u0259y\u0259 girdiyi zaman a\u015f\u0131b. Hadis\u0259 yerin\u0259 50-d\u0259n art\u0131q xilasedici c\u0259lb edilib. Xilasedicil\u0259rin s\u00f6zl\u0259rin\u0259 g\u00f6r\u0259, s\u0259rni\u015finl\u0259rin x\u0259sar\u0259tl\u0259ri ciddi deyil. X\u0259sar\u0259t alanlar yax\u0131nl\u0131qdak\u0131 x\u0259st\u0259xanalara yerl\u0259\u015fdirilib.","_links":{"self":[{"href":"https:\/\/arantv.az\/index.php?rest_route=\/wp\/v2\/posts\/27640"}],"collection":[{"href":"https:\/\/arantv.az\/index.php?rest_route=\/wp\/v2\/posts"}],"about":[{"href":"https:\/\/arantv.az\/index.php?rest_route=\/wp\/v2\/types\/post"}],"author":[{"embeddable":true,"href":"https:\/\/arantv.az\/index.php?rest_route=\/wp\/v2\/users\/2"}],"replies":[{"embeddable":true,"href":"https:\/\/arantv.az\/index.php?rest_route=%2Fwp%2Fv2%2Fcomments&post=27640"}],"version-history":[{"count":0,"href":"https:\/\/arantv.az\/index.php?rest_route=\/wp\/v2\/posts\/27640\/revisions"}],"wp:featuredmedia":[{"embeddable":true,"href":"https:\/\/arantv.az\/index.php?rest_route=\/wp\/v2\/media\/27641"}],"wp:attachment":[{"href":"https:\/\/arantv.az\/index.php?rest_route=%2Fwp%2Fv2%2Fmedia&parent=27640"}],"wp:term":[{"taxonomy":"category","embeddable":true,"href":"https:\/\/arantv.az\/index.php?rest_route=%2Fwp%2Fv2%2Fcategories&post=27640"},{"taxonomy":"post_tag","embeddable":true,"href":"https:\/\/arantv.az\/index.php?rest_route=%2Fwp%2Fv2%2Ftags&post=27640"}],"curies":[{"name":"wp","href":"https:\/\/api.w.org\/{rel}","templated":true}]}}