{"id":27646,"date":"2018-12-15T08:34:48","date_gmt":"2018-12-15T05:34:48","guid":{"rendered":"http:\/\/arantv.az\/?p=27646"},"modified":"2018-12-15T08:34:48","modified_gmt":"2018-12-15T05:34:48","slug":"sabranda-intihar-zamani-xilas-edil%c9%99n-s%c9%99xs-bir-nec%c9%99-gun-sonra-olub","status":"publish","type":"post","link":"https:\/\/arantv.az\/?p=27646","title":{"rendered":"\u015eabranda intihar zaman\u0131 xilas edil\u0259n \u015f\u0259xs bir ne\u00e7\u0259 g\u00fcn sonra \u00f6l\u00fcb"},"content":{"rendered":"<p>\u015eabranda intihar zaman\u0131 xilas edil\u0259n \u015f\u0259xs bir ne\u00e7\u0259 g\u00fcn sonra \u00f6l\u00fcb.<\/p>\n<p><strong>ARANTV.AZ<\/strong> &#8220;Report&#8221;a istinad\u0259n bildirir ki,\u00a0dekabr\u0131n 10-da \u00f6z\u00fcn\u00fc asmaq ist\u0259y\u0259n rayon sakini anas\u0131 t\u0259r\u0259find\u0259n xilas edilib. X\u0259st\u0259nin v\u0259ziyy\u0259ti a\u011f\u0131r oldu\u011fundan Bak\u0131 \u015f\u0259h\u0259r x\u0259st\u0259xanalar\u0131ndan birin\u0259 yerl\u0259\u015fdirilib. Lakin h\u0259kiml\u0259rin c\u0259hdl\u0259rin\u0259 baxmayaraq, o, bir ne\u00e7\u0259 g\u00fcn sonra \u00f6l\u00fcb.<\/p>\n<p>Qeyd ed\u0259k ki, rayon sakini, 1977-ci il t\u0259v\u0259ll\u00fcdl\u00fc T.M. (ad \u015f\u0259rtidir-red) bir ne\u00e7\u0259 g\u00fcn \u0259vv\u0259l \u00f6z\u00fcn\u00fc ya\u015fad\u0131\u011f\u0131 evd\u0259 asaraq intihar etm\u0259k ist\u0259yib.<\/p>\n<p>Faktla ba\u011fl\u0131 ara\u015fd\u0131rma apar\u0131l\u0131r.<\/p>\n","protected":false},"excerpt":{"rendered":"<p>\u015eabranda intihar zaman\u0131 xilas edil\u0259n \u015f\u0259xs bir ne\u00e7\u0259 g\u00fcn sonra \u00f6l\u00fcb. ARANTV.AZ &#8220;Report&#8221;a istinad\u0259n bildirir ki,\u00a0dekabr\u0131n 10-da \u00f6z\u00fcn\u00fc asmaq ist\u0259y\u0259n rayon sakini anas\u0131 t\u0259r\u0259find\u0259n xilas edilib. X\u0259st\u0259nin v\u0259ziyy\u0259ti a\u011f\u0131r oldu\u011fundan Bak\u0131 \u015f\u0259h\u0259r x\u0259st\u0259xanalar\u0131ndan birin\u0259 yerl\u0259\u015fdirilib. Lakin h\u0259kiml\u0259rin c\u0259hdl\u0259rin\u0259 baxmayaraq, o, bir ne\u00e7\u0259 g\u00fcn sonra \u00f6l\u00fcb. Qeyd ed\u0259k ki, rayon sakini, 1977-ci il t\u0259v\u0259ll\u00fcdl\u00fc T.M. (ad \u015f\u0259rtidir-red) bir ne\u00e7\u0259 g\u00fcn \u0259vv\u0259l \u00f6z\u00fcn\u00fc ya\u015fad\u0131\u011f\u0131 evd\u0259 asaraq intihar etm\u0259k ist\u0259yib. Faktla ba\u011fl\u0131 ara\u015fd\u0131rma apar\u0131l\u0131r.<\/p>\n","protected":false},"author":2,"featured_media":27647,"comment_status":"closed","ping_status":"closed","sticky":false,"template":"","format":"standard","meta":{"om_disable_all_campaigns":false,"_monsterinsights_skip_tracking":false,"_monsterinsights_sitenote_active":false,"_monsterinsights_sitenote_note":"","_monsterinsights_sitenote_category":0},"categories":[1],"tags":[],"aioseo_notices":[],"gutentor_comment":0,"rttpg_featured_image_url":{"full":["https:\/\/arantv.az\/wp-content\/uploads\/2018\/12\/intihar_111.jpg",800,600,false],"landscape":["https:\/\/arantv.az\/wp-content\/uploads\/2018\/12\/intihar_111.jpg",800,600,false],"portraits":["https:\/\/arantv.az\/wp-content\/uploads\/2018\/12\/intihar_111.jpg",800,600,false],"thumbnail":["https:\/\/arantv.az\/wp-content\/uploads\/2018\/12\/intihar_111-150x150.jpg",150,150,true],"medium":["https:\/\/arantv.az\/wp-content\/uploads\/2018\/12\/intihar_111-300x225.jpg",300,225,true],"large":["https:\/\/arantv.az\/wp-content\/uploads\/2018\/12\/intihar_111.jpg",640,480,false],"1536x1536":["https:\/\/arantv.az\/wp-content\/uploads\/2018\/12\/intihar_111.jpg",800,600,false],"2048x2048":["https:\/\/arantv.az\/wp-content\/uploads\/2018\/12\/intihar_111.jpg",800,600,false],"post-thumbnail":["https:\/\/arantv.az\/wp-content\/uploads\/2018\/12\/intihar_111-240x172.jpg",240,172,true],"advps-thumb-one":["https:\/\/arantv.az\/wp-content\/uploads\/2018\/12\/intihar_111.jpg",800,600,false]},"rttpg_author":{"display_name":"V\u00fcsal Rafiqo\u011flu","author_link":"https:\/\/arantv.az\/?author=2"},"rttpg_comment":0,"rttpg_category":"<a href=\"https:\/\/arantv.az\/?cat=1\" rel=\"category\">C\u0259miyy\u0259t<\/a>","rttpg_excerpt":"\u015eabranda intihar zaman\u0131 xilas edil\u0259n \u015f\u0259xs bir ne\u00e7\u0259 g\u00fcn sonra \u00f6l\u00fcb. ARANTV.AZ &#8220;Report&#8221;a istinad\u0259n bildirir ki,\u00a0dekabr\u0131n 10-da \u00f6z\u00fcn\u00fc asmaq ist\u0259y\u0259n rayon sakini anas\u0131 t\u0259r\u0259find\u0259n xilas edilib. X\u0259st\u0259nin v\u0259ziyy\u0259ti a\u011f\u0131r oldu\u011fundan Bak\u0131 \u015f\u0259h\u0259r x\u0259st\u0259xanalar\u0131ndan birin\u0259 yerl\u0259\u015fdirilib. Lakin h\u0259kiml\u0259rin c\u0259hdl\u0259rin\u0259 baxmayaraq, o, bir ne\u00e7\u0259 g\u00fcn sonra \u00f6l\u00fcb. Qeyd ed\u0259k ki, rayon sakini, 1977-ci il t\u0259v\u0259ll\u00fcdl\u00fc T.M. (ad&hellip;","_links":{"self":[{"href":"https:\/\/arantv.az\/index.php?rest_route=\/wp\/v2\/posts\/27646"}],"collection":[{"href":"https:\/\/arantv.az\/index.php?rest_route=\/wp\/v2\/posts"}],"about":[{"href":"https:\/\/arantv.az\/index.php?rest_route=\/wp\/v2\/types\/post"}],"author":[{"embeddable":true,"href":"https:\/\/arantv.az\/index.php?rest_route=\/wp\/v2\/users\/2"}],"replies":[{"embeddable":true,"href":"https:\/\/arantv.az\/index.php?rest_route=%2Fwp%2Fv2%2Fcomments&post=27646"}],"version-history":[{"count":0,"href":"https:\/\/arantv.az\/index.php?rest_route=\/wp\/v2\/posts\/27646\/revisions"}],"wp:featuredmedia":[{"embeddable":true,"href":"https:\/\/arantv.az\/index.php?rest_route=\/wp\/v2\/media\/27647"}],"wp:attachment":[{"href":"https:\/\/arantv.az\/index.php?rest_route=%2Fwp%2Fv2%2Fmedia&parent=27646"}],"wp:term":[{"taxonomy":"category","embeddable":true,"href":"https:\/\/arantv.az\/index.php?rest_route=%2Fwp%2Fv2%2Fcategories&post=27646"},{"taxonomy":"post_tag","embeddable":true,"href":"https:\/\/arantv.az\/index.php?rest_route=%2Fwp%2Fv2%2Ftags&post=27646"}],"curies":[{"name":"wp","href":"https:\/\/api.w.org\/{rel}","templated":true}]}}