{"id":276515,"date":"2021-01-21T13:52:42","date_gmt":"2021-01-21T10:52:42","guid":{"rendered":"http:\/\/arantv.az\/?p=276515"},"modified":"2021-01-21T13:52:42","modified_gmt":"2021-01-21T10:52:42","slug":"socar-neft-qaz-s%c9%99nayesind%c9%99-%c9%99m%c9%99kdasligin-yeni-dovrunun-astanasindayiq","status":"publish","type":"post","link":"https:\/\/arantv.az\/?p=276515","title":{"rendered":"SOCAR: \u201cNeft-qaz s\u0259nayesind\u0259 \u0259m\u0259kda\u015fl\u0131\u011f\u0131n yeni d\u00f6vr\u00fcn\u00fcn astanas\u0131nday\u0131q\u201d"},"content":{"rendered":"<p>\u201cBiz haz\u0131rda Az\u0259rbaycan-T\u00fcrkm\u0259nistan aras\u0131nda neft-qaz s\u0259nayesind\u0259 \u0259m\u0259kda\u015fl\u0131\u011f\u0131n b\u0259lk\u0259 d\u0259 yeni d\u00f6vr\u00fcn\u00fcn astanas\u0131nday\u0131q v\u0259 yata\u011f\u0131n yeni ad\u0131 da bu bax\u0131mdan olduqca r\u0259mzidir. \u00d6lk\u0259l\u0259rimizin etnik v\u0259 dini yax\u0131nl\u0131\u011f\u0131 da bu \u0259m\u0259kda\u015fl\u0131\u011f\u0131n perspektivli olmas\u0131na z\u0259min yarad\u0131r\u201d.<\/p>\n<p>Bunu Oxu.Az-a a\u00e7\u0131qlamas\u0131nda D\u00f6vl\u0259t Neft \u015eirk\u0259tinin (SOCAR) \u0130ctimaiyy\u0259tl\u0259 \u0259laq\u0259l\u0259r v\u0259 t\u0259dbirl\u0259rin t\u0259\u015fkili idar\u0259sinin r\u0259is m\u00fcavini \u0130brahim \u018fhm\u0259dov deyib.<\/p>\n<p>O, bu g\u00fcn \u201cAz\u0259rbaycan Respublikas\u0131 H\u00f6kum\u0259ti il\u0259 T\u00fcrkm\u0259nistan H\u00f6kum\u0259ti aras\u0131nda X\u0259z\u0259r d\u0259nizind\u0259 \u201cDostluq\u201d yata\u011f\u0131n\u0131n karbhidrogen resurslar\u0131n\u0131n birg\u0259 k\u0259\u015ffiyyat\u0131, i\u015fl\u0259nm\u0259si v\u0259 m\u0259nims\u0259nilm\u0259si haqq\u0131nda Anla\u015fma Memorandumu\u201dnun imzalanmas\u0131 il\u0259 \u0259laq\u0259dar m\u0259s\u0259l\u0259ni \u015f\u0259rh edib.<\/p>\n<p>\u201cDostluq\u201d &#8211; Az\u0259rbaycanda \u0259vv\u0259l \u201cK\u0259p\u0259z\u201d ad\u0131 alt\u0131nda, T\u00fcrkm\u0259nistanda is\u0259 \u201cS\u0259rdar\u201d kimi tan\u0131nan yata\u011f\u0131n yeni ad\u0131d\u0131r. X\u0259z\u0259r d\u0259nizinin Az\u0259rbaycan v\u0259 T\u00fcrkm\u0259nistana aid olan sektorlar\u0131n\u0131n s\u0259rh\u0259dind\u0259 yerl\u0259\u015f\u0259n bu yataq Az\u0259rbaycanl\u0131 m\u00fct\u0259x\u0259ssisl\u0259r t\u0259r\u0259find\u0259n h\u0259l\u0259 Sovet d\u00f6vr\u00fcnd\u0259 k\u0259\u015ff edilib. \u0130lkin d\u0259y\u0259rl\u0259ndirm\u0259y\u0259 \u0259sas\u0259n, \u201cDostluq\u201d yata\u011f\u0131n\u0131 neft-qaz potensial\u0131na g\u00f6r\u0259 \u201cQaraba\u011f\u201d yata\u011f\u0131 il\u0259 t\u0259xmin\u0259n bir s\u0131rada g\u00f6rm\u0259k olar. M\u00fcst\u0259qillik d\u00f6vr\u00fcnd\u0259 yata\u011f\u0131n birg\u0259 i\u015fl\u0259nm\u0259si il\u0259 ba\u011fl\u0131 dan\u0131\u015f\u0131qlara ba\u015flanm\u0131\u015f v\u0259 haz\u0131rda bu istiqam\u0259td\u0259 m\u00fch\u00fcm raz\u0131l\u0131q \u0259ld\u0259 olunub\u201d &#8211; dey\u0259, \u0130brahim \u018fhm\u0259dov a\u00e7\u0131qlamas\u0131nda bildirib.<\/p>\n<p>O \u0259lav\u0259 edib ki, imzalanan memorandum \u201cDostluq\u201d yata\u011f\u0131n\u0131n i\u015fl\u0259nm\u0259si istiqam\u0259tind\u0259 at\u0131lan ilk add\u0131md\u0131r:<\/p>\n<p>\u201cD\u00fc\u015f\u00fcn\u00fcr\u0259m ki, qar\u015f\u0131dak\u0131 aylarda yataqda m\u00fcasir \u00fcsulla k\u0259\u015ffiyyat i\u015fl\u0259rinin apar\u0131lmas\u0131, yata\u011f\u0131n i\u015fl\u0259nm\u0259si \u00fc\u00e7\u00fcn laz\u0131ml\u0131 \u0259lav\u0259 infrastrukturn texniki parametrl\u0259ri, m\u00fch\u0259ndislik layih\u0259l\u0259ndirm\u0259 i\u015fl\u0259ri, el\u0259c\u0259 d\u0259 kommersiya m\u0259s\u0259l\u0259l\u0259ri m\u00fczakir\u0259 olunmal\u0131 v\u0259 \u00f6z h\u0259llini tapmal\u0131d\u0131r.<\/p>\n<p>Layih\u0259nin ba\u015flan\u011f\u0131c n\u00f6qt\u0259sind\u0259 olsaq da, bunu da qeyd etm\u0259liyik ki, Az\u0259rbaycan neft\u00e7il\u0259ri \u201cDostluq\u201d yata\u011f\u0131n\u0131 k\u0259\u015ff etm\u0259kl\u0259 art\u0131q layih\u0259y\u0259 m\u00fch\u00fcm bir t\u00f6hf\u0259 veribl\u0259r. Bundan \u0259lav\u0259, Az\u0259rbaycanda dig\u0259r yataqlar\u0131n i\u015fl\u0259nm\u0259si \u00fc\u00e7\u00fcn d\u0259nizd\u0259 yarad\u0131lm\u0131\u015f kommunikasiya x\u0259tl\u0259ri, el\u0259c\u0259 d\u0259 X\u0259z\u0259rin qapal\u0131 h\u00f6vz\u0259sini d\u00fcnya bazarlar\u0131n\u0131n \u00fcz\u00fcn\u0259 a\u00e7an beyn\u0259lxlaq neft v\u0259 qaz k\u0259m\u0259rl\u0259rinin m\u00f6vcudlu\u011fu \u201cDostluq\u201d yata\u011f\u0131ndan hasil olunacaq m\u0259hsulun sahil\u0259 v\u0259 d\u00fcnya bazarlar\u0131na \u00e7atd\u0131r\u0131lmas\u0131 \u00fc\u00e7\u00fcn m\u00fcnbit \u015f\u0259rait yarad\u0131r. Ba\u015fqa ifad\u0259 il\u0259 des\u0259k, m\u0259hsulu bazara \u00e7\u0131xarmaq \u00fc\u00e7\u00fcn laz\u0131m olan infrastrukturun bir qismi art\u0131q Az\u0259rbaycanda m\u00f6vcuddur, y\u0259ni, bu istiqam\u0259td\u0259 m\u00fc\u0259yy\u0259n s\u0259rmay\u0259 qoyulu\u015flar\u0131na faktiki q\u0259na\u0259t oluna bil\u0259r\u201d.<\/p>\n","protected":false},"excerpt":{"rendered":"<p>\u201cBiz haz\u0131rda Az\u0259rbaycan-T\u00fcrkm\u0259nistan aras\u0131nda neft-qaz s\u0259nayesind\u0259 \u0259m\u0259kda\u015fl\u0131\u011f\u0131n b\u0259lk\u0259 d\u0259 yeni d\u00f6vr\u00fcn\u00fcn astanas\u0131nday\u0131q v\u0259 yata\u011f\u0131n yeni ad\u0131 da bu bax\u0131mdan olduqca r\u0259mzidir. \u00d6lk\u0259l\u0259rimizin etnik v\u0259 dini yax\u0131nl\u0131\u011f\u0131 da bu \u0259m\u0259kda\u015fl\u0131\u011f\u0131n perspektivli olmas\u0131na z\u0259min yarad\u0131r\u201d. Bunu Oxu.Az-a a\u00e7\u0131qlamas\u0131nda D\u00f6vl\u0259t Neft \u015eirk\u0259tinin (SOCAR) \u0130ctimaiyy\u0259tl\u0259 \u0259laq\u0259l\u0259r v\u0259 t\u0259dbirl\u0259rin t\u0259\u015fkili idar\u0259sinin r\u0259is m\u00fcavini \u0130brahim \u018fhm\u0259dov deyib. O, bu g\u00fcn \u201cAz\u0259rbaycan Respublikas\u0131 H\u00f6kum\u0259ti il\u0259 T\u00fcrkm\u0259nistan H\u00f6kum\u0259ti aras\u0131nda X\u0259z\u0259r d\u0259nizind\u0259 \u201cDostluq\u201d yata\u011f\u0131n\u0131n karbhidrogen resurslar\u0131n\u0131n birg\u0259 k\u0259\u015ffiyyat\u0131, i\u015fl\u0259nm\u0259si v\u0259 m\u0259nims\u0259nilm\u0259si haqq\u0131nda Anla\u015fma Memorandumu\u201dnun imzalanmas\u0131 il\u0259 \u0259laq\u0259dar m\u0259s\u0259l\u0259ni \u015f\u0259rh edib. \u201cDostluq\u201d &#8211; Az\u0259rbaycanda \u0259vv\u0259l \u201cK\u0259p\u0259z\u201d ad\u0131 alt\u0131nda, T\u00fcrkm\u0259nistanda is\u0259&hellip;<\/p>\n","protected":false},"author":2,"featured_media":276516,"comment_status":"closed","ping_status":"closed","sticky":false,"template":"","format":"standard","meta":{"om_disable_all_campaigns":false,"_monsterinsights_skip_tracking":false,"_monsterinsights_sitenote_active":false,"_monsterinsights_sitenote_note":"","_monsterinsights_sitenote_category":0},"categories":[19],"tags":[],"aioseo_notices":[],"gutentor_comment":0,"rttpg_featured_image_url":{"full":["https:\/\/arantv.az\/wp-content\/uploads\/2021\/01\/1597160118_755834925181870.jpg",620,376,false],"landscape":["https:\/\/arantv.az\/wp-content\/uploads\/2021\/01\/1597160118_755834925181870.jpg",620,376,false],"portraits":["https:\/\/arantv.az\/wp-content\/uploads\/2021\/01\/1597160118_755834925181870.jpg",620,376,false],"thumbnail":["https:\/\/arantv.az\/wp-content\/uploads\/2021\/01\/1597160118_755834925181870-150x150.jpg",150,150,true],"medium":["https:\/\/arantv.az\/wp-content\/uploads\/2021\/01\/1597160118_755834925181870-300x182.jpg",300,182,true],"large":["https:\/\/arantv.az\/wp-content\/uploads\/2021\/01\/1597160118_755834925181870.jpg",620,376,false],"1536x1536":["https:\/\/arantv.az\/wp-content\/uploads\/2021\/01\/1597160118_755834925181870.jpg",620,376,false],"2048x2048":["https:\/\/arantv.az\/wp-content\/uploads\/2021\/01\/1597160118_755834925181870.jpg",620,376,false],"post-thumbnail":["https:\/\/arantv.az\/wp-content\/uploads\/2021\/01\/1597160118_755834925181870-240x172.jpg",240,172,true],"advps-thumb-one":["https:\/\/arantv.az\/wp-content\/uploads\/2021\/01\/1597160118_755834925181870.jpg",620,376,false]},"rttpg_author":{"display_name":"V\u00fcsal Rafiqo\u011flu","author_link":"https:\/\/arantv.az\/?author=2"},"rttpg_comment":0,"rttpg_category":"<a href=\"https:\/\/arantv.az\/?cat=19\" rel=\"category\">G\u00fcnd\u0259m<\/a>","rttpg_excerpt":"\u201cBiz haz\u0131rda Az\u0259rbaycan-T\u00fcrkm\u0259nistan aras\u0131nda neft-qaz s\u0259nayesind\u0259 \u0259m\u0259kda\u015fl\u0131\u011f\u0131n b\u0259lk\u0259 d\u0259 yeni d\u00f6vr\u00fcn\u00fcn astanas\u0131nday\u0131q v\u0259 yata\u011f\u0131n yeni ad\u0131 da bu bax\u0131mdan olduqca r\u0259mzidir. \u00d6lk\u0259l\u0259rimizin etnik v\u0259 dini yax\u0131nl\u0131\u011f\u0131 da bu \u0259m\u0259kda\u015fl\u0131\u011f\u0131n perspektivli olmas\u0131na z\u0259min yarad\u0131r\u201d. Bunu Oxu.Az-a a\u00e7\u0131qlamas\u0131nda D\u00f6vl\u0259t Neft \u015eirk\u0259tinin (SOCAR) \u0130ctimaiyy\u0259tl\u0259 \u0259laq\u0259l\u0259r v\u0259 t\u0259dbirl\u0259rin t\u0259\u015fkili idar\u0259sinin r\u0259is m\u00fcavini \u0130brahim \u018fhm\u0259dov deyib. O, bu g\u00fcn \u201cAz\u0259rbaycan&hellip;","_links":{"self":[{"href":"https:\/\/arantv.az\/index.php?rest_route=\/wp\/v2\/posts\/276515"}],"collection":[{"href":"https:\/\/arantv.az\/index.php?rest_route=\/wp\/v2\/posts"}],"about":[{"href":"https:\/\/arantv.az\/index.php?rest_route=\/wp\/v2\/types\/post"}],"author":[{"embeddable":true,"href":"https:\/\/arantv.az\/index.php?rest_route=\/wp\/v2\/users\/2"}],"replies":[{"embeddable":true,"href":"https:\/\/arantv.az\/index.php?rest_route=%2Fwp%2Fv2%2Fcomments&post=276515"}],"version-history":[{"count":0,"href":"https:\/\/arantv.az\/index.php?rest_route=\/wp\/v2\/posts\/276515\/revisions"}],"wp:featuredmedia":[{"embeddable":true,"href":"https:\/\/arantv.az\/index.php?rest_route=\/wp\/v2\/media\/276516"}],"wp:attachment":[{"href":"https:\/\/arantv.az\/index.php?rest_route=%2Fwp%2Fv2%2Fmedia&parent=276515"}],"wp:term":[{"taxonomy":"category","embeddable":true,"href":"https:\/\/arantv.az\/index.php?rest_route=%2Fwp%2Fv2%2Fcategories&post=276515"},{"taxonomy":"post_tag","embeddable":true,"href":"https:\/\/arantv.az\/index.php?rest_route=%2Fwp%2Fv2%2Ftags&post=276515"}],"curies":[{"name":"wp","href":"https:\/\/api.w.org\/{rel}","templated":true}]}}