{"id":276519,"date":"2021-01-21T13:54:08","date_gmt":"2021-01-21T10:54:08","guid":{"rendered":"http:\/\/arantv.az\/?p=276519"},"modified":"2021-01-21T13:54:08","modified_gmt":"2021-01-21T10:54:08","slug":"bagdadda-onlarla-insanin-olduyu-terrorun-goruntul%c9%99ri-anbaan-video","status":"publish","type":"post","link":"https:\/\/arantv.az\/?p=276519","title":{"rendered":"Ba\u011fdadda onlarla insan\u0131n \u00f6ld\u00fcy\u00fc terrorun g\u00f6r\u00fcnt\u00fcl\u0259ri &#8211; ANBAAN V\u0130DEO"},"content":{"rendered":"<p>\u0130raq\u0131n paytaxt\u0131 Ba\u011fdadda\u00a0onlarla insan\u0131n \u00f6l\u00fcm\u00fc il\u0259 n\u0259tic\u0259l\u0259n\u0259n\u00a0terror akt\u0131n\u0131n ba\u015f verdiyi an kameralara d\u00fc\u015f\u00fcb.<\/p>\n<p>Bununla ba\u011fl\u0131 g\u00f6r\u00fcnt\u00fcl\u0259ri \u201cBaza\u201d \u201cTelegram\u201d kanal\u0131\u00a0yay\u0131mlay\u0131b.<\/p>\n<div id=\"AdviadNativeVideo0\" class=\"AdviadNativeVideo\"><\/div>\n<div><iframe loading=\"lazy\" src=\"https:\/\/player.baku.tv\/embed\/32383\" width=\"560\" height=\"315\" frameborder=\"0\" allowfullscreen=\"allowfullscreen\" data-mce-fragment=\"1\"><\/iframe><\/div>\n<p>Xat\u0131rladaq ki, Ba\u011fdadda Tayaran meydan\u0131nda yerl\u0259\u015f\u0259n bazarda iki partlay\u0131\u015f ba\u015f verib. N\u0259tic\u0259d\u0259 31 n\u0259f\u0259r \u00f6l\u00fcb, 70-d\u0259n \u00e7ox insan yaralan\u0131b.<\/p>\n<p>Partlay\u0131\u015flara s\u0259b\u0259b kamikadzel\u0259rin \u00f6zl\u0259rini partlatmas\u0131 olub.<\/p>\n<p>\u00d6l\u00fc v\u0259 yaral\u0131 say\u0131n\u0131n artaca\u011f\u0131 istisna edilmir.<\/p>\n","protected":false},"excerpt":{"rendered":"<p>\u0130raq\u0131n paytaxt\u0131 Ba\u011fdadda\u00a0onlarla insan\u0131n \u00f6l\u00fcm\u00fc il\u0259 n\u0259tic\u0259l\u0259n\u0259n\u00a0terror akt\u0131n\u0131n ba\u015f verdiyi an kameralara d\u00fc\u015f\u00fcb. Bununla ba\u011fl\u0131 g\u00f6r\u00fcnt\u00fcl\u0259ri \u201cBaza\u201d \u201cTelegram\u201d kanal\u0131\u00a0yay\u0131mlay\u0131b. Xat\u0131rladaq ki, Ba\u011fdadda Tayaran meydan\u0131nda yerl\u0259\u015f\u0259n bazarda iki partlay\u0131\u015f ba\u015f verib. N\u0259tic\u0259d\u0259 31 n\u0259f\u0259r \u00f6l\u00fcb, 70-d\u0259n \u00e7ox insan yaralan\u0131b. Partlay\u0131\u015flara s\u0259b\u0259b kamikadzel\u0259rin \u00f6zl\u0259rini partlatmas\u0131 olub. \u00d6l\u00fc v\u0259 yaral\u0131 say\u0131n\u0131n artaca\u011f\u0131 istisna edilmir.<\/p>\n","protected":false},"author":2,"featured_media":276520,"comment_status":"closed","ping_status":"closed","sticky":false,"template":"","format":"standard","meta":{"om_disable_all_campaigns":false,"_monsterinsights_skip_tracking":false,"_monsterinsights_sitenote_active":false,"_monsterinsights_sitenote_note":"","_monsterinsights_sitenote_category":0},"categories":[7],"tags":[],"aioseo_notices":[],"gutentor_comment":0,"rttpg_featured_image_url":{"full":["https:\/\/arantv.az\/wp-content\/uploads\/2021\/01\/page-2.jpg",620,434,false],"landscape":["https:\/\/arantv.az\/wp-content\/uploads\/2021\/01\/page-2.jpg",620,434,false],"portraits":["https:\/\/arantv.az\/wp-content\/uploads\/2021\/01\/page-2.jpg",620,434,false],"thumbnail":["https:\/\/arantv.az\/wp-content\/uploads\/2021\/01\/page-2-150x150.jpg",150,150,true],"medium":["https:\/\/arantv.az\/wp-content\/uploads\/2021\/01\/page-2-300x210.jpg",300,210,true],"large":["https:\/\/arantv.az\/wp-content\/uploads\/2021\/01\/page-2.jpg",620,434,false],"1536x1536":["https:\/\/arantv.az\/wp-content\/uploads\/2021\/01\/page-2.jpg",620,434,false],"2048x2048":["https:\/\/arantv.az\/wp-content\/uploads\/2021\/01\/page-2.jpg",620,434,false],"post-thumbnail":["https:\/\/arantv.az\/wp-content\/uploads\/2021\/01\/page-2-240x172.jpg",240,172,true],"advps-thumb-one":["https:\/\/arantv.az\/wp-content\/uploads\/2021\/01\/page-2.jpg",620,434,false]},"rttpg_author":{"display_name":"V\u00fcsal Rafiqo\u011flu","author_link":"https:\/\/arantv.az\/?author=2"},"rttpg_comment":0,"rttpg_category":"<a href=\"https:\/\/arantv.az\/?cat=7\" rel=\"category\">D\u00fcnya<\/a>","rttpg_excerpt":"\u0130raq\u0131n paytaxt\u0131 Ba\u011fdadda\u00a0onlarla insan\u0131n \u00f6l\u00fcm\u00fc il\u0259 n\u0259tic\u0259l\u0259n\u0259n\u00a0terror akt\u0131n\u0131n ba\u015f verdiyi an kameralara d\u00fc\u015f\u00fcb. Bununla ba\u011fl\u0131 g\u00f6r\u00fcnt\u00fcl\u0259ri \u201cBaza\u201d \u201cTelegram\u201d kanal\u0131\u00a0yay\u0131mlay\u0131b. Xat\u0131rladaq ki, Ba\u011fdadda Tayaran meydan\u0131nda yerl\u0259\u015f\u0259n bazarda iki partlay\u0131\u015f ba\u015f verib. N\u0259tic\u0259d\u0259 31 n\u0259f\u0259r \u00f6l\u00fcb, 70-d\u0259n \u00e7ox insan yaralan\u0131b. Partlay\u0131\u015flara s\u0259b\u0259b kamikadzel\u0259rin \u00f6zl\u0259rini partlatmas\u0131 olub. \u00d6l\u00fc v\u0259 yaral\u0131 say\u0131n\u0131n artaca\u011f\u0131 istisna edilmir.","_links":{"self":[{"href":"https:\/\/arantv.az\/index.php?rest_route=\/wp\/v2\/posts\/276519"}],"collection":[{"href":"https:\/\/arantv.az\/index.php?rest_route=\/wp\/v2\/posts"}],"about":[{"href":"https:\/\/arantv.az\/index.php?rest_route=\/wp\/v2\/types\/post"}],"author":[{"embeddable":true,"href":"https:\/\/arantv.az\/index.php?rest_route=\/wp\/v2\/users\/2"}],"replies":[{"embeddable":true,"href":"https:\/\/arantv.az\/index.php?rest_route=%2Fwp%2Fv2%2Fcomments&post=276519"}],"version-history":[{"count":0,"href":"https:\/\/arantv.az\/index.php?rest_route=\/wp\/v2\/posts\/276519\/revisions"}],"wp:featuredmedia":[{"embeddable":true,"href":"https:\/\/arantv.az\/index.php?rest_route=\/wp\/v2\/media\/276520"}],"wp:attachment":[{"href":"https:\/\/arantv.az\/index.php?rest_route=%2Fwp%2Fv2%2Fmedia&parent=276519"}],"wp:term":[{"taxonomy":"category","embeddable":true,"href":"https:\/\/arantv.az\/index.php?rest_route=%2Fwp%2Fv2%2Fcategories&post=276519"},{"taxonomy":"post_tag","embeddable":true,"href":"https:\/\/arantv.az\/index.php?rest_route=%2Fwp%2Fv2%2Ftags&post=276519"}],"curies":[{"name":"wp","href":"https:\/\/api.w.org\/{rel}","templated":true}]}}