{"id":276537,"date":"2021-01-21T14:31:48","date_gmt":"2021-01-21T11:31:48","guid":{"rendered":"http:\/\/arantv.az\/?p=276537"},"modified":"2021-01-21T14:31:48","modified_gmt":"2021-01-21T11:31:48","slug":"bakida-korp%c9%99l%c9%99r-evind%c9%99-noqsanlar-askarlandi","status":"publish","type":"post","link":"https:\/\/arantv.az\/?p=276537","title":{"rendered":"Bak\u0131da k\u00f6rp\u0259l\u0259r evind\u0259 n\u00f6qsanlar a\u015fkarland\u0131"},"content":{"rendered":"<p>Az\u0259rbaycan Respublikas\u0131n\u0131n \u0130nsan H\u00fcquqlar\u0131 \u00fczr\u0259 Ombudsman\u0131n Milli Preventiv Qrupunun \u00fczvl\u0259ri t\u0259r\u0259find\u0259n \u0259vv\u0259lc\u0259d\u0259n x\u0259b\u0259rdarl\u0131q etm\u0259d\u0259n S\u0259hiyy\u0259 Nazirliyinin 1 sayl\u0131 K\u00f6rp\u0259l\u0259r Evin\u0259 planl\u0131 ba\u015f\u00e7\u0259km\u0259 h\u0259yata ke\u00e7irilib.<\/p>\n<p>Ba\u015f\u00e7\u0259km\u0259d\u0259 m\u0259qs\u0259d saxlanma \u015f\u0259raitinin v\u0259 r\u0259ftar m\u0259s\u0259l\u0259l\u0259rinin ara\u015fd\u0131r\u0131lmas\u0131, m\u00fc\u0259ssis\u0259d\u0259 saxlan\u0131lan valideyn himay\u0259sind\u0259n m\u0259hrum olmu\u015f u\u015faqlar\u0131n h\u00fcquqlar\u0131n\u0131n t\u0259mini v\u0259ziyy\u0259tinin \u00f6yr\u0259nilm\u0259si olub.<\/p>\n<p>Ba\u015f\u00e7\u0259km\u0259 zaman\u0131 m\u00fc\u0259ssis\u0259d\u0259 bir s\u0131ra \u00e7at\u0131\u015fmazl\u0131qlar a\u015fkar edilib. Bel\u0259 ki, m\u00f6vcud maddi-texniki bazan\u0131n s\u0259m\u0259r\u0259li istifad\u0259sinin t\u0259\u015fkil olunmad\u0131\u011f\u0131 m\u00fc\u015fahid\u0259 olunub. Tibbi hiss\u0259d\u0259 ilkin tibbi yard\u0131m \u00fc\u00e7\u00fcn tibbi \u00e7antan\u0131n olmamas\u0131, d\u0259rmanlar\u0131n qeydiyyat\u0131nda n\u00f6qsanlar, fizioterapiya, masaj v\u0259 manipulyasiya otaqlar\u0131n\u0131n istifad\u0259 olunmamas\u0131, fizioterapiya \u00fc\u00e7\u00fcn n\u0259z\u0259rd\u0259 tutulmu\u015f aparatlar\u0131n i\u015fl\u0259k v\u0259ziyy\u0259td\u0259 olmad\u0131\u011f\u0131 m\u00fc\u0259yy\u0259n olunub.<\/p>\n<div id=\"AdviadNativeVideo0\" class=\"AdviadNativeVideo\"><\/div>\n<p>U\u015faqlar\u0131n \u0259sas\u0259n tibbi m\u00fcayin\u0259d\u0259n ke\u00e7diyi, lakin ya\u015flar\u0131na uy\u011fun olaraq psixoloji inki\u015faflar\u0131na y\u00f6n\u0259lmi\u015f i\u015fl\u0259rin apar\u0131lmad\u0131\u011f\u0131 m\u00fc\u0259yy\u0259n olunub. Eyni zamanda, m\u00fc\u0259ssis\u0259d\u0259 loqoped v\u0259 psixoloqun olmamas\u0131 u\u015faqlar\u0131n inki\u015faf\u0131na h\u0259rt\u0259r\u0259fli v\u0259 f\u0259rdi yana\u015fman\u0131n t\u0259tbiqind\u0259 \u00e7\u0259tinlikl\u0259r t\u00f6r\u0259dir.<\/p>\n<p>Ba\u015f\u00e7\u0259km\u0259nin yekununda m\u00fc\u0259ssis\u0259 r\u0259hb\u0259rliyi v\u0259 \u0259m\u0259kda\u015flar\u0131 il\u0259 h\u00fcquqi maarifl\u0259ndirici s\u00f6hb\u0259tl\u0259r apar\u0131l\u0131b, saxlanma \u015f\u0259raiti, s\u0259n\u0259dl\u0259\u015fm\u0259d\u0259 olan n\u00f6qsanlar\u0131n aradan qald\u0131r\u0131lmas\u0131 il\u0259 ba\u011fl\u0131 qanunvericiliyin t\u0259l\u0259bl\u0259ri izah olunub, habel\u0259 yerind\u0259 aradan qald\u0131r\u0131lmas\u0131 m\u00fcmk\u00fcn olan m\u0259s\u0259l\u0259l\u0259rl\u0259 ba\u011fl\u0131 t\u00f6vsiy\u0259l\u0259r verilib.<\/p>\n<p>Ba\u015f\u00e7\u0259km\u0259nin n\u0259tic\u0259si il\u0259 ba\u011fl\u0131 S\u0259hiyy\u0259 Nazirliyin\u0259 m\u00fcraci\u0259t olunacaq.<\/p>\n","protected":false},"excerpt":{"rendered":"<p>Az\u0259rbaycan Respublikas\u0131n\u0131n \u0130nsan H\u00fcquqlar\u0131 \u00fczr\u0259 Ombudsman\u0131n Milli Preventiv Qrupunun \u00fczvl\u0259ri t\u0259r\u0259find\u0259n \u0259vv\u0259lc\u0259d\u0259n x\u0259b\u0259rdarl\u0131q etm\u0259d\u0259n S\u0259hiyy\u0259 Nazirliyinin 1 sayl\u0131 K\u00f6rp\u0259l\u0259r Evin\u0259 planl\u0131 ba\u015f\u00e7\u0259km\u0259 h\u0259yata ke\u00e7irilib. Ba\u015f\u00e7\u0259km\u0259d\u0259 m\u0259qs\u0259d saxlanma \u015f\u0259raitinin v\u0259 r\u0259ftar m\u0259s\u0259l\u0259l\u0259rinin ara\u015fd\u0131r\u0131lmas\u0131, m\u00fc\u0259ssis\u0259d\u0259 saxlan\u0131lan valideyn himay\u0259sind\u0259n m\u0259hrum olmu\u015f u\u015faqlar\u0131n h\u00fcquqlar\u0131n\u0131n t\u0259mini v\u0259ziyy\u0259tinin \u00f6yr\u0259nilm\u0259si olub. Ba\u015f\u00e7\u0259km\u0259 zaman\u0131 m\u00fc\u0259ssis\u0259d\u0259 bir s\u0131ra \u00e7at\u0131\u015fmazl\u0131qlar a\u015fkar edilib. Bel\u0259 ki, m\u00f6vcud maddi-texniki bazan\u0131n s\u0259m\u0259r\u0259li istifad\u0259sinin t\u0259\u015fkil olunmad\u0131\u011f\u0131 m\u00fc\u015fahid\u0259 olunub. Tibbi hiss\u0259d\u0259 ilkin tibbi yard\u0131m \u00fc\u00e7\u00fcn tibbi \u00e7antan\u0131n olmamas\u0131, d\u0259rmanlar\u0131n qeydiyyat\u0131nda n\u00f6qsanlar, fizioterapiya, masaj v\u0259 manipulyasiya otaqlar\u0131n\u0131n istifad\u0259 olunmamas\u0131, fizioterapiya \u00fc\u00e7\u00fcn n\u0259z\u0259rd\u0259 tutulmu\u015f aparatlar\u0131n i\u015fl\u0259k v\u0259ziyy\u0259td\u0259 olmad\u0131\u011f\u0131&hellip;<\/p>\n","protected":false},"author":2,"featured_media":276538,"comment_status":"closed","ping_status":"closed","sticky":false,"template":"","format":"standard","meta":{"om_disable_all_campaigns":false,"_monsterinsights_skip_tracking":false,"_monsterinsights_sitenote_active":false,"_monsterinsights_sitenote_note":"","_monsterinsights_sitenote_category":0},"categories":[26],"tags":[],"aioseo_notices":[],"gutentor_comment":0,"rttpg_featured_image_url":{"full":["https:\/\/arantv.az\/wp-content\/uploads\/2021\/01\/bagcaaa.jpg",620,414,false],"landscape":["https:\/\/arantv.az\/wp-content\/uploads\/2021\/01\/bagcaaa.jpg",620,414,false],"portraits":["https:\/\/arantv.az\/wp-content\/uploads\/2021\/01\/bagcaaa.jpg",620,414,false],"thumbnail":["https:\/\/arantv.az\/wp-content\/uploads\/2021\/01\/bagcaaa-150x150.jpg",150,150,true],"medium":["https:\/\/arantv.az\/wp-content\/uploads\/2021\/01\/bagcaaa-300x200.jpg",300,200,true],"large":["https:\/\/arantv.az\/wp-content\/uploads\/2021\/01\/bagcaaa.jpg",620,414,false],"1536x1536":["https:\/\/arantv.az\/wp-content\/uploads\/2021\/01\/bagcaaa.jpg",620,414,false],"2048x2048":["https:\/\/arantv.az\/wp-content\/uploads\/2021\/01\/bagcaaa.jpg",620,414,false],"post-thumbnail":["https:\/\/arantv.az\/wp-content\/uploads\/2021\/01\/bagcaaa-240x172.jpg",240,172,true],"advps-thumb-one":["https:\/\/arantv.az\/wp-content\/uploads\/2021\/01\/bagcaaa.jpg",620,414,false]},"rttpg_author":{"display_name":"V\u00fcsal Rafiqo\u011flu","author_link":"https:\/\/arantv.az\/?author=2"},"rttpg_comment":0,"rttpg_category":"<a href=\"https:\/\/arantv.az\/?cat=26\" rel=\"category\">Sosial<\/a>","rttpg_excerpt":"Az\u0259rbaycan Respublikas\u0131n\u0131n \u0130nsan H\u00fcquqlar\u0131 \u00fczr\u0259 Ombudsman\u0131n Milli Preventiv Qrupunun \u00fczvl\u0259ri t\u0259r\u0259find\u0259n \u0259vv\u0259lc\u0259d\u0259n x\u0259b\u0259rdarl\u0131q etm\u0259d\u0259n S\u0259hiyy\u0259 Nazirliyinin 1 sayl\u0131 K\u00f6rp\u0259l\u0259r Evin\u0259 planl\u0131 ba\u015f\u00e7\u0259km\u0259 h\u0259yata ke\u00e7irilib. Ba\u015f\u00e7\u0259km\u0259d\u0259 m\u0259qs\u0259d saxlanma \u015f\u0259raitinin v\u0259 r\u0259ftar m\u0259s\u0259l\u0259l\u0259rinin ara\u015fd\u0131r\u0131lmas\u0131, m\u00fc\u0259ssis\u0259d\u0259 saxlan\u0131lan valideyn himay\u0259sind\u0259n m\u0259hrum olmu\u015f u\u015faqlar\u0131n h\u00fcquqlar\u0131n\u0131n t\u0259mini v\u0259ziyy\u0259tinin \u00f6yr\u0259nilm\u0259si olub. Ba\u015f\u00e7\u0259km\u0259 zaman\u0131 m\u00fc\u0259ssis\u0259d\u0259 bir s\u0131ra \u00e7at\u0131\u015fmazl\u0131qlar a\u015fkar edilib. Bel\u0259 ki, m\u00f6vcud&hellip;","_links":{"self":[{"href":"https:\/\/arantv.az\/index.php?rest_route=\/wp\/v2\/posts\/276537"}],"collection":[{"href":"https:\/\/arantv.az\/index.php?rest_route=\/wp\/v2\/posts"}],"about":[{"href":"https:\/\/arantv.az\/index.php?rest_route=\/wp\/v2\/types\/post"}],"author":[{"embeddable":true,"href":"https:\/\/arantv.az\/index.php?rest_route=\/wp\/v2\/users\/2"}],"replies":[{"embeddable":true,"href":"https:\/\/arantv.az\/index.php?rest_route=%2Fwp%2Fv2%2Fcomments&post=276537"}],"version-history":[{"count":0,"href":"https:\/\/arantv.az\/index.php?rest_route=\/wp\/v2\/posts\/276537\/revisions"}],"wp:featuredmedia":[{"embeddable":true,"href":"https:\/\/arantv.az\/index.php?rest_route=\/wp\/v2\/media\/276538"}],"wp:attachment":[{"href":"https:\/\/arantv.az\/index.php?rest_route=%2Fwp%2Fv2%2Fmedia&parent=276537"}],"wp:term":[{"taxonomy":"category","embeddable":true,"href":"https:\/\/arantv.az\/index.php?rest_route=%2Fwp%2Fv2%2Fcategories&post=276537"},{"taxonomy":"post_tag","embeddable":true,"href":"https:\/\/arantv.az\/index.php?rest_route=%2Fwp%2Fv2%2Ftags&post=276537"}],"curies":[{"name":"wp","href":"https:\/\/api.w.org\/{rel}","templated":true}]}}